{"id":13171,"date":"2020-06-04T15:33:24","date_gmt":"2020-06-04T18:33:24","guid":{"rendered":"https:\/\/www.atecordoba.org\/?p=13171"},"modified":"2020-06-09T14:28:32","modified_gmt":"2020-06-09T17:28:32","slug":"dioxitek-va-a-la-huelga-manana-por-el-cierre-de-la-paritaria-2019","status":"publish","type":"post","link":"https:\/\/atecordoba.org\/?p=13171","title":{"rendered":"Dioxitek va a la huelga por el cierre de la paritaria 2019"},"content":{"rendered":"\r\n<p><em>Lo resolvieron las y los trabajadores en una asamblea. Ser\u00e1 paro tendr\u00e1 modalidad presencial con cese de producci\u00f3n y sin salida de material del predio.<\/em><\/p>\r\n\r\n\r\n\r\n<div class=\"wp-block-image\">\r\n<figure class=\"aligncenter size-large\"><img decoding=\"async\" class=\"wp-image-13174\" src=\"http:\/\/atecordoba.org\/wp-content\/uploads\/2020\/06\/acta-asamblea-dioxitek-576x1024.jpg\" alt=\"\" \/>\r\n<figcaption>Acta de la asamblea realizada ayer.<\/figcaption>\r\n<\/figure>\r\n<\/div>\r\n\r\n\r\n\r\n<p>En l\u00ednea con la seguidilla de acciones de protesta que vienen llevando adelante las y los trabajadores de Dioxitek en reclamo del cierre salarial de la paritaria 2019, el pasado 3 de junio se resolvi\u00f3 en asamblea resolutiva que este viernes 5 de junio se realizar\u00e1 un paro de actividades desde las 6 AM y por 24 horas.<\/p>\r\n\r\n\r\n\r\n<p>Las y los compa\u00f1eros exigen que se cumpla el acta paritaria de noviembre pasado donde la empresa se comprometi\u00f3 a cumplir en marzo de este a\u00f1o con la \u00faltima parte de la recomposici\u00f3n de haberes que est\u00e1 pendiente de abonar.<\/p>\r\n\r\n\r\n\r\n<p>A caballo de la cuarentena, seg\u00fan detallan los delegados de ATE, los directivos de la firma estatal aprovechan para incumplir la palabra empe\u00f1ada, entorpeciendo el normal funcionamiento de la planta de producci\u00f3n de di\u00f3xido de uranio, la \u00fanica del pa\u00eds que provee de la materia prima para el funcionamiento de las centrales nucleares generadoras de energ\u00eda el\u00e9ctrica para el sistema interconectado nacional.<\/p>\r\n\r\n\r\n\r\n<div class=\"wp-block-image\">\r\n<figure class=\"alignright size-large is-resized\"><img loading=\"lazy\" decoding=\"async\" class=\"wp-image-13176\" src=\"http:\/\/atecordoba.org\/wp-content\/uploads\/2020\/06\/asamblea-dioxitek-1-1024x768.jpg\" alt=\"\" width=\"377\" height=\"283\" \/>\r\n<figcaption>Asamblea de las y los trabajadores.<\/figcaption>\r\n<\/figure>\r\n<\/div>\r\n\r\n\r\n\r\n<p>Vale se\u00f1alar que la planta estuvo cerrada por cuarentena las dos primeras semanas de establecido en encierro sanitario, pero seguidamente el personal debi\u00f3 presentarse a trabajar y que algunas compa\u00f1eras y compa\u00f1eros realizan turnos de 12 horas diarias para completar la producci\u00f3n.<\/p>\r\n\r\n\r\n\r\n<p>Adem\u00e1s del paro, las y los trabajadores resolvieron impedir que la firma saque la producci\u00f3n almacenada y mantenerse en estado de alerta hasta tanto no las autoridades no den una respuesta favorable al reclamo.<\/p>\r\n","protected":false},"excerpt":{"rendered":"<p>Lo resolvieron las y los trabajadores en una asamblea. Ser\u00e1 paro tendr\u00e1 modalidad presencial con cese de producci\u00f3n y sin salida de material del predio. En l\u00ednea con la seguidilla de acciones de protesta que vienen llevando adelante las y los trabajadores de Dioxitek en reclamo del cierre salarial de la paritaria 2019, el pasado [&hellip;]<\/p>\n","protected":false},"author":1,"featured_media":19822,"comment_status":"open","ping_status":"open","sticky":true,"template":"","format":"standard","meta":{"_exactmetrics_skip_tracking":false,"_exactmetrics_sitenote_active":false,"_exactmetrics_sitenote_note":"","_exactmetrics_sitenote_category":0,"jnews-multi-image_gallery":[],"jnews_single_post":{"subtitle":"","format":"standard","video":"","gallery":"","source_name":"","source_url":"","via_name":"","via_url":"","override_template":"0","override":[{"template":"1","single_blog_custom":"","parallax":"1","fullscreen":"0","layout":"right-sidebar","sidebar":"default-sidebar","second_sidebar":"default-sidebar","sticky_sidebar":"1","share_position":"top","share_float_style":"share-monocrhome","show_share_counter":"1","show_view_counter":"1","show_featured":"1","show_post_meta":"1","show_post_author":"1","show_post_author_image":"1","show_post_date":"1","post_date_format":"default","post_date_format_custom":"Y\/m\/d","show_post_category":"1","show_post_reading_time":"0","post_reading_time_wpm":"300","show_zoom_button":"0","zoom_button_out_step":"2","zoom_button_in_step":"3","show_post_tag":"1","show_prev_next_post":"1","show_popup_post":"1","number_popup_post":"1","show_author_box":"0","show_post_related":"0","show_inline_post_related":"0"}],"override_image_size":"0","image_override":[{"single_post_thumbnail_size":"crop-500","single_post_gallery_size":"crop-500"}],"trending_post":"0","trending_post_position":"meta","trending_post_label":"Trending","sponsored_post":"0","sponsored_post_label":"Sponsored by","sponsored_post_name":"","sponsored_post_url":"","sponsored_post_logo_enable":"0","sponsored_post_logo":"","sponsored_post_desc":""},"jnews_primary_category":{"id":""},"jnews_social_meta":{"fb_title":"","fb_description":"","fb_image":"","twitter_title":"","twitter_description":"","twitter_image":""},"jnews_review":[],"enable_review":"0","type":"percentage","name":"","summary":"","brand":"","sku":"","good":[{"good_text":""}],"bad":[{"bad_text":""}],"score_override":"","override_value":"","rating":[{"rating_text":"","rating_number":"10"}],"price":[{"shop":"","price":"","link":"","icon":""}],"jnews_override_counter":{"override_view_counter":"0","view_counter_number":"0","override_share_counter":"0","share_counter_number":"0","override_like_counter":"0","like_counter_number":"0","override_dislike_counter":"0","dislike_counter_number":"0"},"jnews_post_split":{"enable_post_split":"0","post_split":[{"template":"1","tag":"h2","numbering":"asc","mode":"normal"}]},"footnotes":""},"categories":[135],"tags":[333,334],"class_list":["post-13171","post","type-post","status-publish","format-standard","has-post-thumbnail","hentry","category-dioxitek","tag-dioxitek","tag-medidas-de-fuerza"],"jetpack_featured_media_url":"https:\/\/atecordoba.org\/wp-content\/uploads\/2020\/06\/acta-asamblea-dioxitek-576x1024.jpg","_links":{"self":[{"href":"https:\/\/atecordoba.org\/index.php?rest_route=\/wp\/v2\/posts\/13171","targetHints":{"allow":["GET"]}}],"collection":[{"href":"https:\/\/atecordoba.org\/index.php?rest_route=\/wp\/v2\/posts"}],"about":[{"href":"https:\/\/atecordoba.org\/index.php?rest_route=\/wp\/v2\/types\/post"}],"author":[{"embeddable":true,"href":"https:\/\/atecordoba.org\/index.php?rest_route=\/wp\/v2\/users\/1"}],"replies":[{"embeddable":true,"href":"https:\/\/atecordoba.org\/index.php?rest_route=%2Fwp%2Fv2%2Fcomments&post=13171"}],"version-history":[{"count":3,"href":"https:\/\/atecordoba.org\/index.php?rest_route=\/wp\/v2\/posts\/13171\/revisions"}],"predecessor-version":[{"id":19839,"href":"https:\/\/atecordoba.org\/index.php?rest_route=\/wp\/v2\/posts\/13171\/revisions\/19839"}],"wp:featuredmedia":[{"embeddable":true,"href":"https:\/\/atecordoba.org\/index.php?rest_route=\/wp\/v2\/media\/19822"}],"wp:attachment":[{"href":"https:\/\/atecordoba.org\/index.php?rest_route=%2Fwp%2Fv2%2Fmedia&parent=13171"}],"wp:term":[{"taxonomy":"category","embeddable":true,"href":"https:\/\/atecordoba.org\/index.php?rest_route=%2Fwp%2Fv2%2Fcategories&post=13171"},{"taxonomy":"post_tag","embeddable":true,"href":"https:\/\/atecordoba.org\/index.php?rest_route=%2Fwp%2Fv2%2Ftags&post=13171"}],"curies":[{"name":"wp","href":"https:\/\/api.w.org\/{rel}","templated":true}]}}