{"id":13166,"date":"2020-06-04T14:55:08","date_gmt":"2020-06-04T17:55:08","guid":{"rendered":"https:\/\/www.atecordoba.org\/?p=13166"},"modified":"2020-06-09T16:48:52","modified_gmt":"2020-06-09T19:48:52","slug":"triunfo-de-ate-en-pami-por-el-pago-a-talleristas","status":"publish","type":"post","link":"https:\/\/atecordoba.org\/?p=13166","title":{"rendered":"Triunfo de ATE en PAMI por el pago a talleristas"},"content":{"rendered":"\r\n<p>ATE C\u00f3rdoba logr\u00f3 el pago de los meses adeudados a talleristas de PAMI. Adem\u00e1s se va a continuar con estos programas.<\/p>\r\n\r\n\r\n\r\n<figure class=\"wp-block-image size-large\"><img decoding=\"async\" class=\"wp-image-13169\" src=\"http:\/\/atecordoba.org\/wp-content\/uploads\/2020\/06\/101320273_890779371333325_8223803250084675584_o.jpg\" alt=\"\" \/>\r\n<figcaption>Elisa Ojeda a la izquierda y Federico Giuliani al centro<br \/>(foto de archivo)<\/figcaption>\r\n<\/figure>\r\n\r\n\r\n\r\n<p>Tras la gesti\u00f3n de Federico Giuliani Secretario General de ATE C\u00f3rdoba ante el titular de PAMI en la provincia, Rub\u00e9n Justo Ovelar se logr\u00f3 el pago a talleristas y la continuidad de estos programas, garantizando as\u00ed, el trabajo de m\u00e1s de 800 trabajadores y trabajadoras.<\/p>\r\n\r\n\r\n\r\n<p>Giuliani junto a Elisa Ojeda delegada de ATE PAMI y las talleristas Karina Cocha y Carolina Mimiague mantuvieron el pasado martes una reuni\u00f3n junto al titular de PAMI C\u00f3rdoba, tras este encuentro sali\u00f3 la disposici\u00f3n del pago de los meses adeudados a las y los talleristas de PAMI as\u00ed como tambi\u00e9n la continuidad de los programas.<\/p>\r\n\r\n\r\n\r\n<p>Ante este triunfo ATE continuar\u00e1 luchando por mejorar la situaci\u00f3n de la y los talleristas que son 800 aproximadamente.<\/p>\r\n","protected":false},"excerpt":{"rendered":"<p>ATE C\u00f3rdoba logr\u00f3 el pago de los meses adeudados a talleristas de PAMI. Adem\u00e1s se va a continuar con estos programas. Tras la gesti\u00f3n de Federico Giuliani Secretario General de ATE C\u00f3rdoba ante el titular de PAMI en la provincia, Rub\u00e9n Justo Ovelar se logr\u00f3 el pago a talleristas y la continuidad de estos programas, [&hellip;]<\/p>\n","protected":false},"author":1,"featured_media":19821,"comment_status":"open","ping_status":"open","sticky":true,"template":"","format":"standard","meta":{"_exactmetrics_skip_tracking":false,"_exactmetrics_sitenote_active":false,"_exactmetrics_sitenote_note":"","_exactmetrics_sitenote_category":0,"jnews-multi-image_gallery":[],"jnews_single_post":{"subtitle":"","format":"standard","video":"","gallery":"","source_name":"","source_url":"","via_name":"","via_url":"","override_template":"0","override":[{"template":"1","single_blog_custom":"","parallax":"1","fullscreen":"0","layout":"right-sidebar","sidebar":"default-sidebar","second_sidebar":"default-sidebar","sticky_sidebar":"1","share_position":"top","share_float_style":"share-monocrhome","show_share_counter":"1","show_view_counter":"1","show_featured":"1","show_post_meta":"1","show_post_author":"1","show_post_author_image":"1","show_post_date":"1","post_date_format":"default","post_date_format_custom":"Y\/m\/d","show_post_category":"1","show_post_reading_time":"0","post_reading_time_wpm":"300","show_zoom_button":"0","zoom_button_out_step":"2","zoom_button_in_step":"3","show_post_tag":"1","show_prev_next_post":"1","show_popup_post":"1","number_popup_post":"1","show_author_box":"0","show_post_related":"0","show_inline_post_related":"0"}],"override_image_size":"0","image_override":[{"single_post_thumbnail_size":"crop-500","single_post_gallery_size":"crop-500"}],"trending_post":"0","trending_post_position":"meta","trending_post_label":"Trending","sponsored_post":"0","sponsored_post_label":"Sponsored by","sponsored_post_name":"","sponsored_post_url":"","sponsored_post_logo_enable":"0","sponsored_post_logo":"","sponsored_post_desc":""},"jnews_primary_category":{"id":""},"jnews_social_meta":{"fb_title":"","fb_description":"","fb_image":"","twitter_title":"","twitter_description":"","twitter_image":""},"jnews_review":[],"enable_review":"0","type":"percentage","name":"","summary":"","brand":"","sku":"","good":[{"good_text":""}],"bad":[{"bad_text":""}],"score_override":"","override_value":"","rating":[{"rating_text":"","rating_number":"10"}],"price":[{"shop":"","price":"","link":"","icon":""}],"jnews_override_counter":{"override_view_counter":"0","view_counter_number":"0","override_share_counter":"0","share_counter_number":"0","override_like_counter":"0","like_counter_number":"0","override_dislike_counter":"0","dislike_counter_number":"0"},"jnews_post_split":{"enable_post_split":"0","post_split":[{"template":"1","tag":"h2","numbering":"asc","mode":"normal"}]},"footnotes":""},"categories":[1],"tags":[57],"class_list":["post-13166","post","type-post","status-publish","format-standard","has-post-thumbnail","hentry","category-sin-categoria","tag-pami"],"jetpack_featured_media_url":"https:\/\/atecordoba.org\/wp-content\/uploads\/2020\/06\/101320273_890779371333325_8223803250084675584_o.jpg","_links":{"self":[{"href":"https:\/\/atecordoba.org\/index.php?rest_route=\/wp\/v2\/posts\/13166","targetHints":{"allow":["GET"]}}],"collection":[{"href":"https:\/\/atecordoba.org\/index.php?rest_route=\/wp\/v2\/posts"}],"about":[{"href":"https:\/\/atecordoba.org\/index.php?rest_route=\/wp\/v2\/types\/post"}],"author":[{"embeddable":true,"href":"https:\/\/atecordoba.org\/index.php?rest_route=\/wp\/v2\/users\/1"}],"replies":[{"embeddable":true,"href":"https:\/\/atecordoba.org\/index.php?rest_route=%2Fwp%2Fv2%2Fcomments&post=13166"}],"version-history":[{"count":2,"href":"https:\/\/atecordoba.org\/index.php?rest_route=\/wp\/v2\/posts\/13166\/revisions"}],"predecessor-version":[{"id":19846,"href":"https:\/\/atecordoba.org\/index.php?rest_route=\/wp\/v2\/posts\/13166\/revisions\/19846"}],"wp:featuredmedia":[{"embeddable":true,"href":"https:\/\/atecordoba.org\/index.php?rest_route=\/wp\/v2\/media\/19821"}],"wp:attachment":[{"href":"https:\/\/atecordoba.org\/index.php?rest_route=%2Fwp%2Fv2%2Fmedia&parent=13166"}],"wp:term":[{"taxonomy":"category","embeddable":true,"href":"https:\/\/atecordoba.org\/index.php?rest_route=%2Fwp%2Fv2%2Fcategories&post=13166"},{"taxonomy":"post_tag","embeddable":true,"href":"https:\/\/atecordoba.org\/index.php?rest_route=%2Fwp%2Fv2%2Ftags&post=13166"}],"curies":[{"name":"wp","href":"https:\/\/api.w.org\/{rel}","templated":true}]}}