{"id":13160,"date":"2020-06-04T10:47:15","date_gmt":"2020-06-04T13:47:15","guid":{"rendered":"https:\/\/www.atecordoba.org\/?p=13160"},"modified":"2020-06-09T16:48:52","modified_gmt":"2020-06-09T19:48:52","slug":"se-realizo-un-plenario-virtual-de-delegados-provinciales","status":"publish","type":"post","link":"https:\/\/atecordoba.org\/?p=13160","title":{"rendered":"Se realiz\u00f3 un plenario virtual de delegadas y delegados provinciales"},"content":{"rendered":"\r\n<p><em>Con la presencia de miembros de la conducci\u00f3n del Consejo Directivo Provincial y 26 delegadas y delegados provinciales, el plenario rechaz\u00f3 el ajuste jubilatorio de Schiaretti, analiz\u00f3 las condiciones de trabajo en los hospitales y concluy\u00f3 reafirmando la necesidad de dotar de m\u00e1s personal a los equipos de salud, entre otros puntos.<\/em><\/p>\r\n\r\n\r\n\r\n<div class=\"wp-block-image\">\r\n<figure class=\"aligncenter size-large\"><img decoding=\"async\" class=\"wp-image-13161\" src=\"http:\/\/atecordoba.org\/wp-content\/uploads\/2020\/06\/plenario-zoom-provinciales.jpg\" alt=\"\" \/><\/figure>\r\n<\/div>\r\n\r\n\r\n\r\n<p>En el marco del trabajo organizativo que ATE viene llevando a cabo en los distintos sectores del Estado, atento a las dificultades que impone la cuarentena, ayer se llev\u00f3 a cabo un plenario virtual de delegadas y delegados provinciales v\u00eda Zoom.<\/p>\r\n\r\n\r\n\r\n<p>Se trat\u00f3 en primer t\u00e9rmino el ajuste previsional establecido en la ley provincial 10694 \u201cque perjudica seg\u00fan nuestra visi\u00f3n sindical a las y los trabajadores activos y a las y los compa\u00f1eros pasivos\u201d, quedando en darle a nuestro departamento jur\u00eddico, el an\u00e1lisis correspondiente para elevar un recurso legal m\u00e1s all\u00e1 del plan de lucha que conjuntamente con las y los trabajadores p\u00fablicos y gremios estatales se manifiesten en las acciones conjuntas.<\/p>\r\n\r\n\r\n\r\n<p>Otros reclamos tienen que ver con la falta de trabajadoras y trabajadores en los hospitales. \u201cYa era insuficiente la cantidad de personal para atender los servicios antes del brote de Covid19 y en la actualidad lo es m\u00e1s todav\u00eda\u201d, el CDP y el plenario cree necesario la incorporaci\u00f3n urgente de agentes para cubrir el d\u00e9ficit del recurso humano.<\/p>\r\n\r\n\r\n\r\n<p>Asimismo se plante\u00f3 la mala calidad y algunos faltantes de EPP para actuar ante la crisis e insumos para responder a la pandemia. De la misma manera, se reclam\u00f3 una pol\u00edtica de testeos m\u00e1s efectiva para cubrir al personal.<\/p>\r\n\r\n\r\n\r\n<p>ATE publicar\u00e1 en sus medios de difusi\u00f3n las leyes nacionales 27548 y 27549 que establece los derechos de protecci\u00f3n y garant\u00edas en cuanto a bioseguridad y los beneficios especiales al personal de salud.<\/p>\r\n\r\n\r\n\r\n<p>A su vez, se se\u00f1al\u00f3 la necesidad de hacer llegar a todos los sectores el material de difusi\u00f3n, como volantes y afiche, en relaci\u00f3n al ajuste del gobierno provincial. La iniciativa se coordinar\u00e1 con cada sector para la entrega de los mismos e instrumentar su distribuci\u00f3n al interior. Esta cuesti\u00f3n tambi\u00e9n incluye la distribuci\u00f3n de flyers sobre medidas de acci\u00f3n o protesta para difundir en redes sociales, como por ejemplo la convocatoria para una acci\u00f3n conjunta con otros sindicatos.<\/p>\r\n\r\n\r\n\r\n<p><strong>M\u00e1s puntos en consideraci\u00f3n<\/strong><\/p>\r\n\r\n\r\n\r\n<p>Por otro lado se abord\u00f3 la resoluci\u00f3n reciente que obliga a tomar la licencia del personal activo de la administraci\u00f3n central, en estos d\u00edas a pesar de estar en situaci\u00f3n de pandemia.<\/p>\r\n\r\n\r\n\r\n<p>Otro punto abordado por el plenario fue la necesidad de establecer mediante un mapeo en toda la provincia la cantidad de trabajadoras y trabajadores que actualmente est\u00e1n desempe\u00f1ando tareas en la provincia y no tienen un v\u00ednculo real con el Estado, sino en forma de monotributos o figuras precarizadas, el cual debe ser realizado por las y los delegados de cada organismo a los fines de recaudar informaci\u00f3n.<\/p>\r\n\r\n\r\n\r\n<p>Solicitar a las direcciones hospitalarias donde los servicios tercerizados, como limpieza, garanticen los elementos EPP s se mostraron preocupados por la situaci\u00f3n de ciertos sectores hospitalarios donde servicios tercerizados, como limpieza, las y los compa\u00f1eros no cuentan con los elementos de EPP correspondientes, y el cumplimiento del protocolo establecido por cada instituci\u00f3n.<\/p>\r\n\r\n\r\n\r\n<p>Se crear\u00e1 a su vez un grupo de whatsapp para que circule la informaci\u00f3n de las y los delegados . Por \u00faltimo, se resolvi\u00f3 participar este viernes 5 de junio en la caravana contra la reforma previsional y el ajuste de Schiaretti. La convocatoria es a las 14 horas desde Entre R\u00edos 450.<\/p>\r\n\r\n\r\n\r\n<p>&nbsp;<\/p>\r\n","protected":false},"excerpt":{"rendered":"<p>Con la presencia de miembros de la conducci\u00f3n del Consejo Directivo Provincial y 26 delegadas y delegados provinciales, el plenario rechaz\u00f3 el ajuste jubilatorio de Schiaretti, analiz\u00f3 las condiciones de trabajo en los hospitales y concluy\u00f3 reafirmando la necesidad de dotar de m\u00e1s personal a los equipos de salud, entre otros puntos. En el marco [&hellip;]<\/p>\n","protected":false},"author":1,"featured_media":19820,"comment_status":"open","ping_status":"open","sticky":true,"template":"","format":"standard","meta":{"_exactmetrics_skip_tracking":false,"_exactmetrics_sitenote_active":false,"_exactmetrics_sitenote_note":"","_exactmetrics_sitenote_category":0,"jnews-multi-image_gallery":[],"jnews_single_post":{"subtitle":"","format":"standard","video":"","gallery":"","source_name":"","source_url":"","via_name":"","via_url":"","override_template":"0","override":[{"template":"1","single_blog_custom":"","parallax":"1","fullscreen":"0","layout":"right-sidebar","sidebar":"default-sidebar","second_sidebar":"default-sidebar","sticky_sidebar":"1","share_position":"top","share_float_style":"share-monocrhome","show_share_counter":"1","show_view_counter":"1","show_featured":"1","show_post_meta":"1","show_post_author":"1","show_post_author_image":"1","show_post_date":"1","post_date_format":"default","post_date_format_custom":"Y\/m\/d","show_post_category":"1","show_post_reading_time":"0","post_reading_time_wpm":"300","show_zoom_button":"0","zoom_button_out_step":"2","zoom_button_in_step":"3","show_post_tag":"1","show_prev_next_post":"1","show_popup_post":"1","number_popup_post":"1","show_author_box":"0","show_post_related":"0","show_inline_post_related":"0"}],"override_image_size":"0","image_override":[{"single_post_thumbnail_size":"crop-500","single_post_gallery_size":"crop-500"}],"trending_post":"0","trending_post_position":"meta","trending_post_label":"Trending","sponsored_post":"0","sponsored_post_label":"Sponsored by","sponsored_post_name":"","sponsored_post_url":"","sponsored_post_logo_enable":"0","sponsored_post_logo":"","sponsored_post_desc":""},"jnews_primary_category":{"id":""},"jnews_social_meta":{"fb_title":"","fb_description":"","fb_image":"","twitter_title":"","twitter_description":"","twitter_image":""},"jnews_review":[],"enable_review":"0","type":"percentage","name":"","summary":"","brand":"","sku":"","good":[{"good_text":""}],"bad":[{"bad_text":""}],"score_override":"","override_value":"","rating":[{"rating_text":"","rating_number":"10"}],"price":[{"shop":"","price":"","link":"","icon":""}],"jnews_override_counter":{"override_view_counter":"0","view_counter_number":"0","override_share_counter":"0","share_counter_number":"0","override_like_counter":"0","like_counter_number":"0","override_dislike_counter":"0","dislike_counter_number":"0"},"jnews_post_split":{"enable_post_split":"0","post_split":[{"template":"1","tag":"h2","numbering":"asc","mode":"normal"}]},"footnotes":""},"categories":[8,102],"tags":[336,39,27],"class_list":["post-13160","post","type-post","status-publish","format-standard","has-post-thumbnail","hentry","category-provinciales","category-salud-2","tag-democracia-sindical","tag-plenario","tag-salud"],"jetpack_featured_media_url":"https:\/\/atecordoba.org\/wp-content\/uploads\/2020\/06\/plenario-zoom-provinciales.jpg","_links":{"self":[{"href":"https:\/\/atecordoba.org\/index.php?rest_route=\/wp\/v2\/posts\/13160","targetHints":{"allow":["GET"]}}],"collection":[{"href":"https:\/\/atecordoba.org\/index.php?rest_route=\/wp\/v2\/posts"}],"about":[{"href":"https:\/\/atecordoba.org\/index.php?rest_route=\/wp\/v2\/types\/post"}],"author":[{"embeddable":true,"href":"https:\/\/atecordoba.org\/index.php?rest_route=\/wp\/v2\/users\/1"}],"replies":[{"embeddable":true,"href":"https:\/\/atecordoba.org\/index.php?rest_route=%2Fwp%2Fv2%2Fcomments&post=13160"}],"version-history":[{"count":2,"href":"https:\/\/atecordoba.org\/index.php?rest_route=\/wp\/v2\/posts\/13160\/revisions"}],"predecessor-version":[{"id":19840,"href":"https:\/\/atecordoba.org\/index.php?rest_route=\/wp\/v2\/posts\/13160\/revisions\/19840"}],"wp:featuredmedia":[{"embeddable":true,"href":"https:\/\/atecordoba.org\/index.php?rest_route=\/wp\/v2\/media\/19820"}],"wp:attachment":[{"href":"https:\/\/atecordoba.org\/index.php?rest_route=%2Fwp%2Fv2%2Fmedia&parent=13160"}],"wp:term":[{"taxonomy":"category","embeddable":true,"href":"https:\/\/atecordoba.org\/index.php?rest_route=%2Fwp%2Fv2%2Fcategories&post=13160"},{"taxonomy":"post_tag","embeddable":true,"href":"https:\/\/atecordoba.org\/index.php?rest_route=%2Fwp%2Fv2%2Ftags&post=13160"}],"curies":[{"name":"wp","href":"https:\/\/api.w.org\/{rel}","templated":true}]}}