{"id":13154,"date":"2020-06-04T10:02:16","date_gmt":"2020-06-04T13:02:16","guid":{"rendered":"https:\/\/www.atecordoba.org\/?p=13154"},"modified":"2020-08-28T11:17:27","modified_gmt":"2020-08-28T14:17:27","slug":"la-respuesta-en-fadea-no-es-el-mercado-sino-un-estado-popular-presente","status":"publish","type":"post","link":"https:\/\/atecordoba.org\/?p=13154","title":{"rendered":"La respuesta en FADEA no es el Mercado, sino un Estado popular presente"},"content":{"rendered":"\r\n<figure class=\"wp-block-image size-large\"><img decoding=\"async\" class=\"wp-image-13156\" src=\"http:\/\/atecordoba.org\/wp-content\/uploads\/2020\/06\/DSC_0854-1024x683.jpg\" alt=\"\" \/><\/figure>\r\n\r\n\r\n\r\n<p>Solo basta o\u00edr a la la Dra Mirtha Iriondo, actual presidenta de FADEA, para comprender la idiosincrasia de quien, ocupando el mayor cargo jer\u00e1rquico de la F\u00e1brica Argentina de Aviones -Sociedad que tiene al Estado Argentino como \u00fanico socio-, incorpora a CEOS y directivos de empresas privadas -con \u00e1nimo de lucro e historial en el desguace de la aviaci\u00f3n p\u00fablica- y niega la reincorporaci\u00f3n de personal jer\u00e1rquico con a\u00f1os de trayectoria en la p\u00fablica FADEA. Porque aunque la Dra. parezca ignorarlo, la soberan\u00eda no se administra como las multinacionales. La soberan\u00eda popular no puede mirarse a trav\u00e9s de los resultados de una planilla de c\u00e1lculo. La soberan\u00eda popular se conquista con valor, encabezando la lucha por la construcci\u00f3n de una Patria. Y es all\u00ed donde se definen las alianzas que la Dra. Iriondo parece empecinada en ratificar: con Fly Bondy, Fiat, Roggio antes que con el Pueblo trabajador y los despedidos por el macrismo.<\/p>\r\n\r\n\r\n\r\n<p>El proyecto soberano en FADEA, que tiene sus bases en su creaci\u00f3n en 1927 y su mayor esplendor en el proyecto C\u00f3ndor, fue desmantelado bajo la \u00f3rbita del Consenso de Washington y eso la Dra. no puede ignorarlo. Arrasar con los desarrollos soberanos en la producci\u00f3n y en el mundo cient\u00edfico nacional e instalar una l\u00f3gica mercadot\u00e9cnica en la administraci\u00f3n de las pol\u00edticas destinadas a tal fin, cost\u00f3 mucha lucha, demasiadas vidas de nuestro Pueblo como para ignorarlo. Y el principal triunfo fue ese cambio de paradigma: de la concepci\u00f3n integral de una Patria Libre, Justa y Soberana con el control de sus espacios estrat\u00e9gicos por parte de los trabajadores y trabajadoras de todo el Pueblo, a la conducci\u00f3n de esos espacios por parte de los grupos financieros y el Mercado, con su l\u00f3gica. FADEA, como el INTI, el Balseiro, la Comisi\u00f3n Nacional de Energ\u00eda At\u00f3mica, las Universidades, el CONICET, Fabricaciones Militares, etc, no pueden estar al servicio del mercado, sino que deben estarlo de un Proyecto de Liberaci\u00f3n Nacional y Social.<\/p>\r\n\r\n\r\n\r\n<p>Con total soberbia, comport\u00e1ndose m\u00e1s como una gerenta macrista que como una representante de un proyecto nacional, popular y latinoamericano -como m\u00e1s de una vez le gust\u00f3 que la llamaran-, enunci\u00f3 en un programa de radio ayer a la tarde: &#8220;Voy a mirar la lista de los despedidos, todos esos perfiles, para ver si alguno es necesario para la f\u00e1brica. Hoy no son necesarios&#8221;. \u00a1Menuda forma de justificar los despidos y el ajuste macrista en FADEA! Acto seguido, enunci\u00f3 que &#8220;esto es una sociedad an\u00f3nima&#8221; y que los &#8220;salarios hay que pagarlos con la producci\u00f3n&#8221; y que &#8220;la aviaci\u00f3n tiene una crisis mucho mayor&#8221;, nombrando luego ejemplos de empresas de esa rama que suspenden y despiden trabajadores. Lo que ya no se esfuerza por esconder la funcionaria es que es empleada del mercado aeron\u00e1utico, no funcionaria pol\u00edtica de un pueblo en lucha por su liberaci\u00f3n.<\/p>\r\n\r\n\r\n\r\n<p>Para nosotros y nosotras, luchadoras populares y trabajadores\/as t\u00e9cnicos\/as, especialistas, profesionales -de toda calificaci\u00f3n aunque trabajadores\/as al fin-, el Estado -y FADEA como parte imprescindible del mismo- es una herramienta de organizaci\u00f3n y liberaci\u00f3n de los pueblos, no una simple planilla de Excel.<\/p>\r\n\r\n\r\n\r\n<p>Le recomendamos a Iriondo que abandone el escritorio y las planillas de c\u00e1lculo -como si fuera empleada de alguna multinacional o administradora del macrismo- y se abrace al movimiento obrero en lucha por la soberan\u00eda y la liberaci\u00f3n, a las organizaciones populares, a las cientos de pymes dispuestas a construir un desarrollo soberano. Porque esta es una lucha y se define por correlaciones de fuerza donde no alcanzan las declamaciones de funcionarias\/os, sino que debe construirse con la unidad de los sectores populares en lucha por la liberaci\u00f3n. Aqu\u00ed se ve c\u00f3mo, quienes tienen el poder real siguen dictando las pol\u00edticas, hablando en boca de funcionarios -como en este caso en FADEA-. Y estos funcionarios\/as deber\u00e1n elegir: o terminan de subyugarse a las corporaciones o se enfrenta como Pueblo a ellas.<\/p>\r\n\r\n\r\n\r\n<figure class=\"wp-block-image size-large\"><img decoding=\"async\" class=\"wp-image-13155\" src=\"http:\/\/atecordoba.org\/wp-content\/uploads\/2020\/06\/8-1024x768.jpg\" alt=\"\" \/>\r\n<figcaption><a href=\"https:\/\/www.atecordoba.org\/wp-content\/uploads\/2020\/06\/04-06-Comunicado-Iriondo_FADEA.pdf\" target=\"_blank\" rel=\"noreferrer noopener\">PDF completo aqu\u00ed<\/a><\/figcaption>\r\n<\/figure>\r\n","protected":false},"excerpt":{"rendered":"<p>Solo basta o\u00edr a la la Dra Mirtha Iriondo, actual presidenta de FADEA, para comprender la idiosincrasia de quien, ocupando el mayor cargo jer\u00e1rquico de la F\u00e1brica Argentina de Aviones -Sociedad que tiene al Estado Argentino como \u00fanico socio-, incorpora a CEOS y directivos de empresas privadas -con \u00e1nimo de lucro e historial en el [&hellip;]<\/p>\n","protected":false},"author":1,"featured_media":19850,"comment_status":"open","ping_status":"open","sticky":true,"template":"","format":"standard","meta":{"_exactmetrics_skip_tracking":false,"_exactmetrics_sitenote_active":false,"_exactmetrics_sitenote_note":"","_exactmetrics_sitenote_category":0,"jnews-multi-image_gallery":[],"jnews_single_post":{"source_name":"","source_url":"","via_name":"","via_url":"","override_template":"0","override":[{"template":"1","single_blog_custom":"","parallax":"1","fullscreen":"0","layout":"right-sidebar","sidebar":"default-sidebar","second_sidebar":"default-sidebar","sticky_sidebar":"1","share_position":"top","share_float_style":"share-monocrhome","show_share_counter":"1","show_view_counter":"1","show_featured":"1","show_post_meta":"1","show_post_author":"1","show_post_author_image":"1","show_post_date":"1","post_date_format":"default","post_date_format_custom":"Y\/m\/d","show_post_category":"1","show_post_reading_time":"0","post_reading_time_wpm":"300","show_zoom_button":"0","zoom_button_out_step":"2","zoom_button_in_step":"3","show_post_tag":"1","show_prev_next_post":"1","show_popup_post":"1","number_popup_post":"1","show_author_box":"0","show_post_related":"0","show_inline_post_related":"0"}],"override_image_size":"0","image_override":[{"single_post_thumbnail_size":"crop-500","single_post_gallery_size":"crop-500"}],"trending_post":"0","trending_post_position":"meta","trending_post_label":"Trending","sponsored_post":"0","sponsored_post_label":"Sponsored by","sponsored_post_name":"","sponsored_post_url":"","sponsored_post_logo_enable":"0","sponsored_post_logo":"","sponsored_post_desc":""},"jnews_primary_category":{"id":""},"jnews_social_meta":{"fb_title":"","fb_description":"","fb_image":"","twitter_title":"","twitter_description":"","twitter_image":""},"jnews_review":[],"enable_review":"0","type":"percentage","name":"","summary":"","brand":"","sku":"","good":[{"good_text":""}],"bad":[{"bad_text":""}],"score_override":"","override_value":"","rating":[{"rating_text":"","rating_number":"10"}],"price":[{"shop":"","price":"","link":"","icon":""}],"jnews_override_counter":{"override_view_counter":"0","view_counter_number":"0","override_share_counter":"0","share_counter_number":"0","override_like_counter":"0","like_counter_number":"0","override_dislike_counter":"0","dislike_counter_number":"0"},"jnews_post_split":{"enable_post_split":"0","post_split":[{"template":"1","tag":"h2","numbering":"asc","mode":"normal"}]},"footnotes":""},"categories":[53,341,152,18],"tags":[163,164,165],"class_list":["post-13154","post","type-post","status-publish","format-standard","has-post-thumbnail","hentry","category-comunicados-de-prensa","category-cdp","category-despedidos","category-nacionales","tag-corredma","tag-despidos","tag-fadea"],"jetpack_featured_media_url":"https:\/\/atecordoba.org\/wp-content\/uploads\/2020\/06\/Gif-Sos-ATE-FADEA.gif","_links":{"self":[{"href":"https:\/\/atecordoba.org\/index.php?rest_route=\/wp\/v2\/posts\/13154","targetHints":{"allow":["GET"]}}],"collection":[{"href":"https:\/\/atecordoba.org\/index.php?rest_route=\/wp\/v2\/posts"}],"about":[{"href":"https:\/\/atecordoba.org\/index.php?rest_route=\/wp\/v2\/types\/post"}],"author":[{"embeddable":true,"href":"https:\/\/atecordoba.org\/index.php?rest_route=\/wp\/v2\/users\/1"}],"replies":[{"embeddable":true,"href":"https:\/\/atecordoba.org\/index.php?rest_route=%2Fwp%2Fv2%2Fcomments&post=13154"}],"version-history":[{"count":2,"href":"https:\/\/atecordoba.org\/index.php?rest_route=\/wp\/v2\/posts\/13154\/revisions"}],"predecessor-version":[{"id":21452,"href":"https:\/\/atecordoba.org\/index.php?rest_route=\/wp\/v2\/posts\/13154\/revisions\/21452"}],"wp:featuredmedia":[{"embeddable":true,"href":"https:\/\/atecordoba.org\/index.php?rest_route=\/wp\/v2\/media\/19850"}],"wp:attachment":[{"href":"https:\/\/atecordoba.org\/index.php?rest_route=%2Fwp%2Fv2%2Fmedia&parent=13154"}],"wp:term":[{"taxonomy":"category","embeddable":true,"href":"https:\/\/atecordoba.org\/index.php?rest_route=%2Fwp%2Fv2%2Fcategories&post=13154"},{"taxonomy":"post_tag","embeddable":true,"href":"https:\/\/atecordoba.org\/index.php?rest_route=%2Fwp%2Fv2%2Ftags&post=13154"}],"curies":[{"name":"wp","href":"https:\/\/api.w.org\/{rel}","templated":true}]}}