{"id":13150,"date":"2020-06-03T13:28:47","date_gmt":"2020-06-03T16:28:47","guid":{"rendered":"https:\/\/www.atecordoba.org\/?p=13150"},"modified":"2020-06-09T15:16:57","modified_gmt":"2020-06-09T18:16:57","slug":"giuliani-la-realidad-adversa-nos-convoca-a-seguir-luchando","status":"publish","type":"post","link":"https:\/\/atecordoba.org\/?p=13150","title":{"rendered":"Giuliani: \u201cLa realidad adversa nos convoca a seguir luchando\u201d"},"content":{"rendered":"\n<p><em>El titular de ATE C\u00f3rdoba dialog\u00f3 con Diario Sindical en torno a la situaci\u00f3n que atraviesan las y los trabajadores estatales en la actualidad. El dirigente confirm\u00f3 que en el plazo de dos semanas se abrir\u00e1 una instancia de negociaci\u00f3n a nivel nacional para resolver paritarias y discutir condiciones laborales.<\/em><\/p>\n\n\n\n<figure class=\"wp-block-image size-large\"><img decoding=\"async\" src=\"http:\/\/atecordoba.org\/wp-content\/uploads\/2020\/06\/92328152_10158155098614805_5902472498607292416_n.jpg\" alt=\"\" class=\"wp-image-13151\"\/><figcaption>Foto archivo<\/figcaption><\/figure>\n\n\n\n<p>Con una cifra aproximada de 6.500 trabajadores y trabajadoras, C\u00f3rdoba es el tercer distrito que mayor cantidad de estatales nacionales posee en el pa\u00eds, siendo superada s\u00f3lo por Capital Federal y provincia de Buenos Aires.<\/p>\n\n\n\n<p>Si bien la realidad de este n\u00facleo var\u00eda en funci\u00f3n de cada sector u organismo, lo cierto es que las demandas del colectivo son similares a las que viene planteando la mayor\u00eda de los trabajadores y trabajadoras de la provincia y del pa\u00eds tambi\u00e9n: mejoras salariales, condiciones laborales dignas y sostenimiento de trabajo.<\/p>\n\n\n\n<p>Desde la Asociaci\u00f3n Trabajadores del Estado (ATE), gremio que representa a las y los estatales nacionales, explicaron que la discusi\u00f3n en torno al poder adquisitivo es hoy uno de los aspectos que mayor atenci\u00f3n genera, m\u00e1s a\u00fan si se toma en cuenta el aumento del costo de vida en plena pandemia.<\/p>\n\n\n\n<p>Al respecto, el Secretario General de ATE C\u00f3rdoba, Federico Giuliani, confirm\u00f3 que en los pr\u00f3ximos 15 d\u00edas se abrir\u00e1 una instancia de negociaci\u00f3n salarial con el Estado nacional para discutir el \u00faltimo tramo de la paritaria pendiente de 2019 -que se encuentra vencida- y comenzar a vislumbrar la negociaci\u00f3n del a\u00f1o en curso.<\/p>\n\n\n\n<p>\u201cQueremos concluir la paritaria de 2019, que fue cerrada a la baja por UPCN en el mes de junio del a\u00f1o pasado con Macri como presidente. Una vez que concluyamos esa negociaci\u00f3n, nos pondremos a debatir sobre los sueldos de 2020, que deber\u00e1n ser recompuestos. Apenas asumi\u00f3 Alberto Fern\u00e1ndez nos otorg\u00f3 un bono de 4 mil pesos en cuatro cuotas, pero eso ya qued\u00f3 desactualizado\u201d, describi\u00f3 el dirigente riocuartense al recibir la consulta de&nbsp;Diario Sindical.<\/p>\n\n\n\n<p>Para graficar la adversa situaci\u00f3n del sector en t\u00e9rminos de ingresos, Giuliani afirm\u00f3 que el 80% de las y los estatales nacionales de C\u00f3rdoba no alcanza a cubrir el valor de la canasta familiar con sus remuneraciones.<\/p>\n\n\n\n<p>\u201cSeg\u00fan el Instituto de Pensamiento y Pol\u00edticas P\u00fablicas (IPyPP) que encabeza Claudio Lozano, el salario m\u00ednimo establecido en funci\u00f3n del valor de la Canasta Familiar, deber\u00eda superar actualmente los 62 mil pesos. En C\u00f3rdoba, a grandes rasgos, puedo asegurar que ocho de cada diez estatales nacionales no cobra eso\u201d, subray\u00f3.<\/p>\n\n\n\n<p>Y plante\u00f3: \u201cDurante los cuatro a\u00f1os de macrismo y lo que llevamos de 2020, perdimos aproximadamente un 60% del poder adquisitivo y debemos empezar a recuperarlo.&nbsp;Saludamos que se haya abierto la paritaria porque queremos recomponer salarios, pero necesitamos un gesto del nuevo Gobierno nacional. Va a ser muy importante para nosotros cerrar bien el 2019 para empezar a pleno la discusi\u00f3n de 2020\u201d.<\/p>\n\n\n\n<p>\u201cLa realidad adversa nos convoca a seguir luchando. La situaci\u00f3n actual impacta duramente en los estatales nacionales, y m\u00e1s todav\u00eda en C\u00f3rdoba que tiene las tarifas de servicios m\u00e1s caras del pa\u00eds y una gran inflaci\u00f3n&nbsp;en alimentos\u201d, sentenci\u00f3 el tambi\u00e9n Secretario General de la CTA Aut\u00f3noma de C\u00f3rdoba.<\/p>\n\n\n\n<h3 class=\"wp-block-heading\"><strong>Estabilidad laboral y reincorporaciones<\/strong><\/h3>\n\n\n\n<p>Giuliani adelant\u00f3 que el cese de la precarizaci\u00f3n laboral y la reincorporaci\u00f3n de las y los despedidos durante el Gobierno de Mauricio Macri, son temas que tambi\u00e9n ser\u00e1n planteados en la mesa de negociaci\u00f3n que se abrir\u00e1 dentro de dos semanas.<\/p>\n\n\n\n<p>En relaci\u00f3n a ello, el dirigente sostuvo: \u201cVamos a seguir muy firmes en los reclamos que venimos sosteniendo desde hace tiempo. Esto es demandar el pase a planta permanente urgente ya que tenemos aproximadamente 60 mil estatales en condiciones precarias de contrataci\u00f3n en todo el pa\u00eds y por ende sin estabilidad laboral. El Estado argentino no es un ejemplo de ello\u201d.<\/p>\n\n\n\n<p>\u201cTambi\u00e9n seguiremos exigiendo la&nbsp;reincorporaci\u00f3n de los despedidos durante la era Macri en todos y cada uno de los organismos, que en C\u00f3rdoba sumaron 700 compa\u00f1eros desvinculados del Estado nacional. Somos conscientes de que no van a reingresar todos de una sola vez, pero necesitamos un gesto y por lo menos un cronograma de reincorporaciones para que se restituyan esos puestos de trabajo perdidos de forma paulatina\u201d, destac\u00f3.<\/p>\n\n\n\n<h3 class=\"wp-block-heading\"><strong>Condiciones laborales<\/strong><\/h3>\n\n\n\n<p>El Secretario General de ATE C\u00f3rdoba manifest\u00f3 que otro de los ejes fundamentales que ser\u00e1 planteado en las discusiones tiene que ver con las condiciones laborales. Si bien actualmente la mayor\u00eda de las y los estatales presta servicio de manera remota como consecuencia del aislamiento social, preventivo y obligatorio, el debate girar\u00e1 en torno a los protocolos de bioseguridad y la readaptaci\u00f3n de los espacios de trabajo para proteger la salud e integridad de empleados y empleadas una vez que se restituya la actividad presencial en los organismos.<\/p>\n\n\n\n<p>\u201cTenemos que discutir en qu\u00e9 condiciones laborales vamos a trabajar durante la supuesta nueva normalidad, con qu\u00e9 protocolos, con qu\u00e9 medidas de bioseguridad y con qu\u00e9 insumos. Por ejemplo, hay organismos como ANSES y PAMI, que en cualquier momento van a reabrir sus puertas normalmente; sin embargo hasta hoy no hay mejoras en los edificios. M\u00e1s all\u00e1 de que actualmente existen guardias, no tenemos precisiones sobre lo que va a suceder cuando se normalice la atenci\u00f3n. A todo eso lo debemos definir protocolo por protocolo\u201d, adelant\u00f3.<\/p>\n\n\n\n<p>Por otra parte, Giuliani afirm\u00f3 que ATE rechaza la continuidad de la modalidad de teletrabajo en las dependencias ya que aleja al Estado de la comunidad y desvincula a los trabajadores y trabajadoras.<\/p>\n\n\n\n<p>\u201cRechazamos el teletrabajo en el Estado nacional porque precariza el doble, no existe franja horaria determinada y genera una brecha tecnol\u00f3gica entre los empleados. Adem\u00e1s, como trabajador ten\u00e9s que afrontar el pago del servicio el\u00e9ctrico e internet. Y como si eso fuera poco, en el caso de las mujeres la situaci\u00f3n es m\u00e1s grave todav\u00eda ya que est\u00e1n afectadas por las tareas de cuidado\u201d, denunci\u00f3.<\/p>\n\n\n\n<p>Y agreg\u00f3: \u201cTambi\u00e9n existe una definici\u00f3n pol\u00edtica e ideol\u00f3gica de ATE. Si el Gobierno quiere un Estado presente como plantea el presidente Fern\u00e1ndez, no podemos trabajar virtualmente ya que necesitamos ocupar territorialmente las oficinas y dependencias para interactuar con la comunidad. El teletrabajo te automatiza como sujeto, te desvincula de otros trabajadores y hace que pierdas el sentido de pertenencia con tu clase\u201d.<\/p>\n\n\n\n<h3 class=\"wp-block-heading\"><strong>Nuevas estrategias<\/strong><\/h3>\n\n\n\n<p>En el marco de la situaci\u00f3n de excepcionalidad planteada por el aislamiento social, preventivo y obligatorio, Giuliani opin\u00f3 que el movimiento obrero debe replantearse sus estrategias para posicionar sus reclamos en la esfera p\u00fablica, sobre todo considerando la imposibilidad de movilizar callejeramente como en la etapa previa a la expansi\u00f3n de la pandemia de COVID-19.<\/p>\n\n\n\n<figure class=\"wp-block-image size-large\"><img decoding=\"async\" src=\"http:\/\/atecordoba.org\/wp-content\/uploads\/2020\/06\/101657751_3374355995941850_7711242394145914880_o-1024x682.jpg\" alt=\"\" class=\"wp-image-13152\"\/><\/figure>\n\n\n\n<p>\u201cAs\u00ed como el capitalismo se recicla ante cada crisis, nosotros desde el campo popular en general&nbsp; tenemos que reinventar nuestras formas. Existen, por ejemplo, estudios que dan cuenta de que el uso de las redes sociales se triplic\u00f3 en la pandemia, raz\u00f3n por la que debemos considerarlas. M\u00e1s all\u00e1 de que no sean resolutivas, tienen un gran poder para visibilizar conflictos, viralizar expresiones y dejar planteadas distintas reivindicaciones\u201d, advirti\u00f3 el dirigente.<\/p>\n\n\n\n<p>Y finaliz\u00f3: \u201cOtro aspecto que tuvo mucha repercusi\u00f3n fue el de los caravanazos de autos de los que participamos junto al personal de salud, las sentadas en organismos, las recorridas en espacios con actividades esenciales y el reparto de insumos que los patrones no entregan en los lugares de trabajo.&nbsp;Otra dato no menor es el resurgimiento de las ollas populares, que no s\u00f3lo se realizan en los barrios m\u00e1s alejados sino que ya se han establecido como m\u00e9todo para paliar el hambre y plantear reclamos de sectores medios y medios bajos de la sociedad\u201d.<\/p>\n\n\n\n<p><strong>Fuente:&nbsp;<a href=\"http:\/\/www.diariosindical.com.ar\/\" target=\"_blank\" rel=\"noreferrer noopener\">www.diariosindical.com.ar<\/a><\/strong><\/p>\n","protected":false},"excerpt":{"rendered":"<p>El titular de ATE C\u00f3rdoba dialog\u00f3 con Diario Sindical en torno a la situaci\u00f3n que atraviesan las y los trabajadores estatales en la actualidad. El dirigente confirm\u00f3 que en el plazo de dos semanas se abrir\u00e1 una instancia de negociaci\u00f3n a nivel nacional para resolver paritarias y discutir condiciones laborales. Con una cifra aproximada de [&hellip;]<\/p>\n","protected":false},"author":1,"featured_media":19817,"comment_status":"open","ping_status":"open","sticky":true,"template":"","format":"standard","meta":{"_exactmetrics_skip_tracking":false,"_exactmetrics_sitenote_active":false,"_exactmetrics_sitenote_note":"","_exactmetrics_sitenote_category":0,"jnews-multi-image_gallery":[],"jnews_single_post":[],"jnews_primary_category":[],"jnews_social_meta":[],"jnews_review":[],"enable_review":"","type":"","name":"","summary":"","brand":"","sku":"","good":[],"bad":[],"score_override":"","override_value":"","rating":[],"price":[],"jnews_override_counter":[],"jnews_post_split":[],"footnotes":""},"categories":[1],"tags":[335],"class_list":["post-13150","post","type-post","status-publish","format-standard","has-post-thumbnail","hentry","category-sin-categoria","tag-prensa"],"jetpack_featured_media_url":"https:\/\/atecordoba.org\/wp-content\/uploads\/2020\/06\/101657751_3374355995941850_7711242394145914880_o-1024x682.jpg","_links":{"self":[{"href":"https:\/\/atecordoba.org\/index.php?rest_route=\/wp\/v2\/posts\/13150","targetHints":{"allow":["GET"]}}],"collection":[{"href":"https:\/\/atecordoba.org\/index.php?rest_route=\/wp\/v2\/posts"}],"about":[{"href":"https:\/\/atecordoba.org\/index.php?rest_route=\/wp\/v2\/types\/post"}],"author":[{"embeddable":true,"href":"https:\/\/atecordoba.org\/index.php?rest_route=\/wp\/v2\/users\/1"}],"replies":[{"embeddable":true,"href":"https:\/\/atecordoba.org\/index.php?rest_route=%2Fwp%2Fv2%2Fcomments&post=13150"}],"version-history":[{"count":1,"href":"https:\/\/atecordoba.org\/index.php?rest_route=\/wp\/v2\/posts\/13150\/revisions"}],"predecessor-version":[{"id":19831,"href":"https:\/\/atecordoba.org\/index.php?rest_route=\/wp\/v2\/posts\/13150\/revisions\/19831"}],"wp:featuredmedia":[{"embeddable":true,"href":"https:\/\/atecordoba.org\/index.php?rest_route=\/wp\/v2\/media\/19817"}],"wp:attachment":[{"href":"https:\/\/atecordoba.org\/index.php?rest_route=%2Fwp%2Fv2%2Fmedia&parent=13150"}],"wp:term":[{"taxonomy":"category","embeddable":true,"href":"https:\/\/atecordoba.org\/index.php?rest_route=%2Fwp%2Fv2%2Fcategories&post=13150"},{"taxonomy":"post_tag","embeddable":true,"href":"https:\/\/atecordoba.org\/index.php?rest_route=%2Fwp%2Fv2%2Ftags&post=13150"}],"curies":[{"name":"wp","href":"https:\/\/api.w.org\/{rel}","templated":true}]}}