{"id":13142,"date":"2020-06-02T19:14:36","date_gmt":"2020-06-02T22:14:36","guid":{"rendered":"https:\/\/www.atecordoba.org\/?p=13142"},"modified":"2020-06-09T14:29:12","modified_gmt":"2020-06-09T17:29:12","slug":"fadea-incorpora-gerentes-macristas-mientras-niega-la-reinstalacion-de-las-y-los-despedidos","status":"publish","type":"post","link":"https:\/\/atecordoba.org\/?p=13142","title":{"rendered":"FADEA incorpora gerentes Macristas mientras niega la reinstalaci\u00f3n de las y los despedidos"},"content":{"rendered":"\n<p>La Asociaci\u00f3n Trabajadores del Estado (ATE-CTA) C\u00f3rdoba exige que terminen las dilaciones, el clientelismo pol\u00edtico y el doble discurso y de una buena vez por todas comiencen a reincorporar a las y los trabajadores injustamente echados de la F\u00e1brica Argentina de Aviones (FADEA) por el Gobierno de Cambiemos.<\/p>\n\n\n\n<figure class=\"wp-block-image size-large\"><img decoding=\"async\" src=\"http:\/\/atecordoba.org\/wp-content\/uploads\/2020\/06\/101062555_10222256842387259_8225547006806851584_o-1024x576.jpg\" alt=\"\" class=\"wp-image-13143\"\/><\/figure>\n\n\n\n<p>Desde la Comisi\u00f3n de Relevamiento y Reincorporaci\u00f3n de los Trabajadores y Trabajadoras Estatales Despedidos en la Era Macri (CORREDMA) venimos reclamando su reinstalaci\u00f3n en los puestos de trabajo. Por tal motivo, luego de un corte de ruta y otras acciones para visibilizar el conflicto junto a ATE, se envi\u00f3 a la Presidenta de FADEA, Mirta Iriondo, un listado con 100 compa\u00f1eros\/as despedidos sin causa tal como ella lo solicit\u00f3. Debido a la sorpresiva cuarentena que se inici\u00f3 el 19 de marzo, la Mesa de Di\u00e1logo qued\u00f3 en stand by. As\u00ed defini\u00f3 la situaci\u00f3n la funcionaria porque la F\u00e1brica estaba parada.<\/p>\n\n\n\n<p>Resulta que en este periodo de cuarentena, Iriondo hizo ingresar a FADEA nuevo personal a contramano de lo que manifestara a las y los cesanteados y el gremio y tambi\u00e9n rompiendo la palabra que dio en su momento el Ministro de Defensa, Agust\u00edn Rossi, &nbsp;durante una transmisi\u00f3n en vivo de Facebook, en el sentido de que en el caso de necesidad y reactivaci\u00f3n de la empresa, las y los trabajadores arbitrariamente despedidos por Macri ser\u00edan los primeros en ingresar a la F\u00e1brica.<\/p>\n\n\n\n<p>Estas y estos tres nuevos empleados ingresan como gerentes cuando esos puestos ya est\u00e1n cubiertos por m\u00e1s de 150 personas que la F\u00e1brica tiene en esa categor\u00eda jer\u00e1rquica. Algunos fueron reemplazados por el Macrismo cuando despidieron a las y los compa\u00f1eros de lucha.<\/p>\n\n\n\n<p>Corresponde advertir que los salarios que se les abonan a estos nuevos puestos de alta gerencia significan alrededor de algo m\u00e1s de 1 mill\u00f3n de pesos mensuales sumando las cargas sociales y otras contribuciones patronales. Esta erogaci\u00f3n es por tan solo tres empleados\/as, en plena crisis social y econ\u00f3mica por la pandemia.<\/p>\n\n\n\n<p>Consideramos que ha sido burlada la buena voluntad de di\u00e1logo expresada tanto por ATE como por las v\u00edctimas del saqueo Macrista, como as\u00ed tambi\u00e9n las genuinas expectativas generadas por la recepci\u00f3n del listado de 100 trabajadores\/as despedidos, elevada en tiempo y forma a Iriondo, tr\u00e1mite con el que se hab\u00edan ilusionado frente a la certera posibilidad de una reincorporaci\u00f3n.<\/p>\n\n\n\n<p>En el listado hay trabajadores\/as que bien pueden cubrir las nuevas posiciones de \u201cgerentes de gerentes\u201d como cualquier otra vacante que pudiera ocurrir porque la Administraci\u00f3n del Macrismo despidi\u00f3 sin causa operarios\/as de todas las \u00e1reas solo con el fin de achicar la F\u00e1brica y colocar a sus punteros.<\/p>\n\n\n\n<p>La situaci\u00f3n actual de las y los cesanteados es desesperante porque el 95% vive de changas y trabajos informales que hoy no pueden realizar por el confinamiento obligatorio, viendo defraudadas sus posibilidades de recuperar los empleos porque, quebrando la palabra dada por la direcci\u00f3n de la F\u00e1brica, est\u00e1 ingresando personal sin ning\u00fan fundamento v\u00e1lido.<\/p>\n\n\n\n<p>Lo que resulta grave e intolerable para ATE y las y los despedidos de la Era Macri es que entre estas nuevas incorporaciones aparece el se\u00f1or Mariano Mari\u00f1o, ex CEO de Flybondi C\u00f3rdoba hasta el 11 de mayo, ahora contratado por Mirta Iriondo en planta permanente con un ostentoso salario de $280.000 pesos mensuales. Un CEO de una empresa relacionada con el Macrismo para vaciar a Aerol\u00edneas Argentinas, la l\u00ednea a\u00e9rea de Bandera Nacional.<\/p>\n\n\n\n<p>Las otras dos personas incorporadas, de apellido Gerde y Acu\u00f1a, fueron contratadas tambi\u00e9n por la administraci\u00f3n de Mauricio Macri y hoy contin\u00faan siendo parte de la F\u00e1brica con renovados y jugosos contratos de 220.000 y 150.000 pesos mensuales respectivamente.<\/p>\n\n\n\n<p>Denunciamos y repudiamos la conducta discriminatoria de Iriondo -que el Ministro Rossi no debe ignorar- que mientras desconoce el reclamo leg\u00edtimo de las y los trabajadores despedidos por el Gobierno anterior, en medio de la pandemia y con salarios exhorbitantes, les hace lugar en FADEA a notorios personeros del Macrismo.<\/p>\n\n\n\n<p>ATE, CORREDMA y las y los trabajadores despedidos accionaremos en todos los frentes para revertir esta situaci\u00f3n. A pesar de las restricciones impuestas por la cuarentena no vamos a cejar en el reclamo por su reincorporaci\u00f3n, hasta que se haga justicia con las y los que quedaron en la calle por las pol\u00edticas del neoliberalismo y hoy siguen padeciendo por la inconsecuencia de un progresismo amarillo y antiobrero.<\/p>\n","protected":false},"excerpt":{"rendered":"<p>La Asociaci\u00f3n Trabajadores del Estado (ATE-CTA) C\u00f3rdoba exige que terminen las dilaciones, el clientelismo pol\u00edtico y el doble discurso y de una buena vez por todas comiencen a reincorporar a las y los trabajadores injustamente echados de la F\u00e1brica Argentina de Aviones (FADEA) por el Gobierno de Cambiemos. Desde la Comisi\u00f3n de Relevamiento y Reincorporaci\u00f3n [&hellip;]<\/p>\n","protected":false},"author":1,"featured_media":19814,"comment_status":"open","ping_status":"open","sticky":true,"template":"","format":"standard","meta":{"_exactmetrics_skip_tracking":false,"_exactmetrics_sitenote_active":false,"_exactmetrics_sitenote_note":"","_exactmetrics_sitenote_category":0,"jnews-multi-image_gallery":[],"jnews_single_post":[],"jnews_primary_category":[],"jnews_social_meta":[],"jnews_review":[],"enable_review":"","type":"","name":"","summary":"","brand":"","sku":"","good":[],"bad":[],"score_override":"","override_value":"","rating":[],"price":[],"jnews_override_counter":[],"jnews_post_split":[],"footnotes":""},"categories":[1],"tags":[165],"class_list":["post-13142","post","type-post","status-publish","format-standard","has-post-thumbnail","hentry","category-sin-categoria","tag-fadea"],"jetpack_featured_media_url":"https:\/\/atecordoba.org\/wp-content\/uploads\/2020\/06\/101062555_10222256842387259_8225547006806851584_o-1024x576.jpg","_links":{"self":[{"href":"https:\/\/atecordoba.org\/index.php?rest_route=\/wp\/v2\/posts\/13142","targetHints":{"allow":["GET"]}}],"collection":[{"href":"https:\/\/atecordoba.org\/index.php?rest_route=\/wp\/v2\/posts"}],"about":[{"href":"https:\/\/atecordoba.org\/index.php?rest_route=\/wp\/v2\/types\/post"}],"author":[{"embeddable":true,"href":"https:\/\/atecordoba.org\/index.php?rest_route=\/wp\/v2\/users\/1"}],"replies":[{"embeddable":true,"href":"https:\/\/atecordoba.org\/index.php?rest_route=%2Fwp%2Fv2%2Fcomments&post=13142"}],"version-history":[{"count":1,"href":"https:\/\/atecordoba.org\/index.php?rest_route=\/wp\/v2\/posts\/13142\/revisions"}],"predecessor-version":[{"id":19833,"href":"https:\/\/atecordoba.org\/index.php?rest_route=\/wp\/v2\/posts\/13142\/revisions\/19833"}],"wp:featuredmedia":[{"embeddable":true,"href":"https:\/\/atecordoba.org\/index.php?rest_route=\/wp\/v2\/media\/19814"}],"wp:attachment":[{"href":"https:\/\/atecordoba.org\/index.php?rest_route=%2Fwp%2Fv2%2Fmedia&parent=13142"}],"wp:term":[{"taxonomy":"category","embeddable":true,"href":"https:\/\/atecordoba.org\/index.php?rest_route=%2Fwp%2Fv2%2Fcategories&post=13142"},{"taxonomy":"post_tag","embeddable":true,"href":"https:\/\/atecordoba.org\/index.php?rest_route=%2Fwp%2Fv2%2Ftags&post=13142"}],"curies":[{"name":"wp","href":"https:\/\/api.w.org\/{rel}","templated":true}]}}