{"id":13115,"date":"2020-06-01T12:24:00","date_gmt":"2020-06-01T15:24:00","guid":{"rendered":"https:\/\/www.atecordoba.org\/?p=13115"},"modified":"2020-06-09T14:29:54","modified_gmt":"2020-06-09T17:29:54","slug":"sin-respuestas-tras-dos-meses-de-reclamos-de-ate-por-el-cierre-del-equipo-de-salud-mental-de-villa-libertador","status":"publish","type":"post","link":"https:\/\/atecordoba.org\/?p=13115","title":{"rendered":"Sin respuestas tras dos meses de reclamos de ATE por el cierre del Equipo de Salud Mental de Villa Libertador"},"content":{"rendered":"\n<p><em>La prepotencia de los funcionarios bloquea hasta el momento el reclamo de las y los trabajadores, incluso por la v\u00eda administrativa, y expresa el hist\u00f3rico destrato del Ministerio de Salud con los equipos de salud.<\/em><\/p>\n\n\n\n<div class=\"wp-block-image\"><figure class=\"aligncenter size-large is-resized\"><img loading=\"lazy\" decoding=\"async\" src=\"http:\/\/atecordoba.org\/wp-content\/uploads\/2020\/06\/afiliada-2-768x1024.jpg\" alt=\"\" class=\"wp-image-13116\" width=\"432\" height=\"576\"\/><figcaption>Una de las trabajadoras del Equipo de Salud<\/figcaption><\/figure><\/div>\n\n\n\n<p>Pasaron dos meses ya de la violenta resoluci\u00f3n por la que la Directora de Salud Mental, P\u00eda Guidetti, desarticul\u00f3 el equipo de Atenci\u00f3n Comunitaria en Salud Mental de Villa El Libertador, trasladando compulsivamente a sus integrantes a distintos sectores y&nbsp; cerrando la sede d\u00f3nde funcionaba un espacio de&nbsp; salud que lleva&nbsp; 35 a\u00f1os en el Barrio.<\/p>\n\n\n\n<p>Amparados en la cuarentena, los funcionarios del Ministerio de Salud dejaron sin atenci\u00f3n psicol\u00f3gica, en plena pandemia con encierro y en un sector de la ciudad visiblemente castigado por la falta de trabajo y de infraestructuras b\u00e1sicas de la ciudad, a una poblaci\u00f3n de aproximadamente 100.000 habitantes.<\/p>\n\n\n\n<p>Tal como describen las y los trabajadores \u201cnos encontramos hoy sin ninguna respuesta a las profesionales ni a la comunidad sobre las razones de esta medida tomada en plena pandemia\u201d.<\/p>\n\n\n\n<p>La arbitraria resoluci\u00f3n&nbsp; fue rechazada&nbsp; por las y los vecinos, que manifestaron su preocupaci\u00f3n a trav\u00e9s de la intervenci\u00f3n de la sede del equipo de salud con carteles y distintas expresiones a trav\u00e9s de las redes sociales.<\/p>\n\n\n\n<div class=\"wp-block-image\"><figure class=\"alignright size-large is-resized\"><img loading=\"lazy\" decoding=\"async\" src=\"http:\/\/atecordoba.org\/wp-content\/uploads\/2020\/06\/afiliada-1-768x1024.jpg\" alt=\"\" class=\"wp-image-13117\" width=\"342\" height=\"455\"\/><figcaption>Afiliada de ATE <\/figcaption><\/figure><\/div>\n\n\n\n<p>Algunas y algunos se sumaron con su firma a la nota de reclamo elaborada por profesionales e instituciones de la zona, que cont\u00f3 con m\u00e1s de cuatrocientas adhesiones y fue elevada a las autoridades.<\/p>\n\n\n\n<p>La respuesta a estas acciones fue una alarmante sordera. La licenciada Guidetti desestim\u00f3 un recurso formal para anular la medida y, por si fuera poco, no dio entrada al recurso jer\u00e1rquico que debe elevar al Ministro de Salud, presentado hace un mes. Este tr\u00e1mite parece estar en el \u00e9ter, obstaculizando el derecho de pobladores y profesionales a obtener una respuesta de dicha autoridad.<\/p>\n\n\n\n<p>Las explicaciones dadas por la funcionaria a un medio local, sobre supuestas refacciones y ampliaci\u00f3n de servicios no parecen ser las reales razones, toda vez que el inmueble sigue cerrado sin que se observe ning\u00fan inicio de obra.<\/p>\n\n\n\n<p>Nos preguntamos, \u00bfPor qu\u00e9 en plena pandemia el d\u00eda 2 de abril se cerr\u00f3 un servicio de salud mental compulsivamente? \u00bfQu\u00e9 razones ocultas hay para arrasar derechos de trabajadoras y trabajadores, vecinas y vecinos?<\/p>\n\n\n\n<p>Afiliadas de ATE consideraron que parece una gran paradoja que la funcionaria Guidetti, proveniente de una disciplina cuyo instrumento central es la escucha, contin\u00fae\u00a0 haciendo o\u00eddos sordos a los reclamos de pobladores, trabajadoras, trabajadores e instituciones zonales.<\/p>\n","protected":false},"excerpt":{"rendered":"<p>La prepotencia de los funcionarios bloquea hasta el momento el reclamo de las y los trabajadores, incluso por la v\u00eda administrativa, y expresa el hist\u00f3rico destrato del Ministerio de Salud con los equipos de salud. Pasaron dos meses ya de la violenta resoluci\u00f3n por la que la Directora de Salud Mental, P\u00eda Guidetti, desarticul\u00f3 el [&hellip;]<\/p>\n","protected":false},"author":1,"featured_media":18336,"comment_status":"open","ping_status":"open","sticky":true,"template":"","format":"standard","meta":{"_exactmetrics_skip_tracking":false,"_exactmetrics_sitenote_active":false,"_exactmetrics_sitenote_note":"","_exactmetrics_sitenote_category":0,"jnews-multi-image_gallery":[],"jnews_single_post":[],"jnews_primary_category":[],"jnews_social_meta":[],"jnews_review":[],"enable_review":"","type":"","name":"","summary":"","brand":"","sku":"","good":[],"bad":[],"score_override":"","override_value":"","rating":[],"price":[],"jnews_override_counter":[],"jnews_post_split":[],"footnotes":""},"categories":[8,102],"tags":[332],"class_list":["post-13115","post","type-post","status-publish","format-standard","has-post-thumbnail","hentry","category-provinciales","category-salud-2","tag-reclamos"],"jetpack_featured_media_url":"https:\/\/atecordoba.org\/wp-content\/uploads\/2020\/05\/Salud-Mental-Villa-El-Libertador-1024x768.jpg","_links":{"self":[{"href":"https:\/\/atecordoba.org\/index.php?rest_route=\/wp\/v2\/posts\/13115","targetHints":{"allow":["GET"]}}],"collection":[{"href":"https:\/\/atecordoba.org\/index.php?rest_route=\/wp\/v2\/posts"}],"about":[{"href":"https:\/\/atecordoba.org\/index.php?rest_route=\/wp\/v2\/types\/post"}],"author":[{"embeddable":true,"href":"https:\/\/atecordoba.org\/index.php?rest_route=\/wp\/v2\/users\/1"}],"replies":[{"embeddable":true,"href":"https:\/\/atecordoba.org\/index.php?rest_route=%2Fwp%2Fv2%2Fcomments&post=13115"}],"version-history":[{"count":1,"href":"https:\/\/atecordoba.org\/index.php?rest_route=\/wp\/v2\/posts\/13115\/revisions"}],"predecessor-version":[{"id":19853,"href":"https:\/\/atecordoba.org\/index.php?rest_route=\/wp\/v2\/posts\/13115\/revisions\/19853"}],"wp:featuredmedia":[{"embeddable":true,"href":"https:\/\/atecordoba.org\/index.php?rest_route=\/wp\/v2\/media\/18336"}],"wp:attachment":[{"href":"https:\/\/atecordoba.org\/index.php?rest_route=%2Fwp%2Fv2%2Fmedia&parent=13115"}],"wp:term":[{"taxonomy":"category","embeddable":true,"href":"https:\/\/atecordoba.org\/index.php?rest_route=%2Fwp%2Fv2%2Fcategories&post=13115"},{"taxonomy":"post_tag","embeddable":true,"href":"https:\/\/atecordoba.org\/index.php?rest_route=%2Fwp%2Fv2%2Ftags&post=13115"}],"curies":[{"name":"wp","href":"https:\/\/api.w.org\/{rel}","templated":true}]}}