{"id":13111,"date":"2020-06-01T11:52:05","date_gmt":"2020-06-01T14:52:05","guid":{"rendered":"https:\/\/www.atecordoba.org\/?p=13111"},"modified":"2020-07-02T12:21:10","modified_gmt":"2020-07-02T15:21:10","slug":"repudio-a-los-hechos-de-violencia-hacia-afiliada-de-ate-san-francisco","status":"publish","type":"post","link":"https:\/\/atecordoba.org\/?p=13111","title":{"rendered":"Repudio a los hechos de violencia hacia afiliada de ATE San Francisco"},"content":{"rendered":"\n<p><em>El viernes pasado, durante la jornada de protesta del 29 de mayo, un activista del sindicato municipal maltrat\u00f3 a una compa\u00f1era durante un acto, intentando arrebatarle una bandera de nuestro gremio y agredi\u00e9ndola verbalmente<\/em>.<\/p>\n\n\n\n<div class=\"wp-block-image\"><figure class=\"aligncenter size-large is-resized\"><img loading=\"lazy\" decoding=\"async\" src=\"http:\/\/atecordoba.org\/wp-content\/uploads\/2020\/06\/generos-san-francisco.jpg\" alt=\"\" class=\"wp-image-13112\" width=\"374\" height=\"374\"\/><\/figure><\/div>\n\n\n\n<p>El Departamento de G\u00e9neros y Diversidades del Consejo Directivo Provincial de ATE C\u00f3rdoba repudi\u00f3 ayer en un comunicado &#8220;los hechos de violencia ocurridos durante la movilizaci\u00f3n realizada en la ciudad de San Francisco el pasado viernes 29 de mayo en marco de la Jornada Provincial de Lucha, donde militantes del sindicato SUOEM San Francisco comenzaron con provocaciones, maltratos, instando a la violencia verbal hacia afiliados y afiliadas de ATE San Francisco&#8221;.<\/p>\n\n\n\n<p>Seg\u00fan explicaron las y los compa\u00f1eros presentes, tal como describe la denuncia, en dicho marco &#8220;un miembro del sindicato SUOEM local se aproxim\u00f3 hacia una afiliada de ATE San Francisco para quitarle una bandera, implicando un forcejeo que provoc\u00f3 la agresi\u00f3n a la compa\u00f1era que se movilizaba pac\u00edficamente&#8221;. <\/p>\n\n\n\n<p>El Departamento de G\u00e9neros y Diversidades se\u00f1al\u00f3 en tal sentido que &#8220;ante este grav\u00edsimo acontecimiento, expresamos nuestra solidaridad con la compa\u00f1era agredida y ponemos a disposici\u00f3n toda la contenci\u00f3n y apoyo para que nunca m\u00e1s una compa\u00f1era de nuestra central sindical sea agredida.&#8221;<\/p>\n\n\n\n<p>Los derechos de las mujeres y el colectivo LGTTTBI+ son banderas que defendemos desde ATE C\u00f3rdoba por lo que no vamos a permitir que se vulneren en ning\u00fan \u00e1mbito. Por eso, prosigue el comunicado, &#8220;instamos a las autoridades sindicales de SUOEM San Francisco a tomar las medidas para repudiar y condenar acciones violentas que ejercen los miembros de su central gremial&#8221;.<\/p>\n\n\n\n<p>&#8220;Este acontecimiento violento y antisindical debe ser condenado dado que se produjo en el marco de una marcha pac\u00edfica d\u00f3nde la unidad de los trabajadores y las trabajadoras debe ser motivo del encuentro, lucha y resistencia conjunta ante el ajuste jubilatorio que se impuso desde el gobierno de Schiaretti. En un Estado democr\u00e1tico debemos respectar la heterogeneidad y pluralidad sindical y pol\u00edtica&#8221;, concluye.<\/p>\n\n\n\n<p><\/p>\n","protected":false},"excerpt":{"rendered":"<p>El viernes pasado, durante la jornada de protesta del 29 de mayo, un activista del sindicato municipal maltrat\u00f3 a una compa\u00f1era durante un acto, intentando arrebatarle una bandera de nuestro gremio y agredi\u00e9ndola verbalmente. El Departamento de G\u00e9neros y Diversidades del Consejo Directivo Provincial de ATE C\u00f3rdoba repudi\u00f3 ayer en un comunicado &#8220;los hechos de [&hellip;]<\/p>\n","protected":false},"author":1,"featured_media":18381,"comment_status":"open","ping_status":"open","sticky":true,"template":"","format":"standard","meta":{"_exactmetrics_skip_tracking":false,"_exactmetrics_sitenote_active":false,"_exactmetrics_sitenote_note":"","_exactmetrics_sitenote_category":0,"jnews-multi-image_gallery":[],"jnews_single_post":[],"jnews_primary_category":[],"jnews_social_meta":[],"jnews_review":[],"enable_review":"","type":"","name":"","summary":"","brand":"","sku":"","good":[],"bad":[],"score_override":"","override_value":"","rating":[],"price":[],"jnews_override_counter":[],"jnews_post_split":[],"footnotes":""},"categories":[10,325],"tags":[342],"class_list":["post-13111","post","type-post","status-publish","format-standard","has-post-thumbnail","hentry","category-accion-politica","category-generos-y-diversidades","tag-repudio"],"jetpack_featured_media_url":"https:\/\/atecordoba.org\/wp-content\/uploads\/2020\/05\/ATE-San-Francisco.jpg","_links":{"self":[{"href":"https:\/\/atecordoba.org\/index.php?rest_route=\/wp\/v2\/posts\/13111","targetHints":{"allow":["GET"]}}],"collection":[{"href":"https:\/\/atecordoba.org\/index.php?rest_route=\/wp\/v2\/posts"}],"about":[{"href":"https:\/\/atecordoba.org\/index.php?rest_route=\/wp\/v2\/types\/post"}],"author":[{"embeddable":true,"href":"https:\/\/atecordoba.org\/index.php?rest_route=\/wp\/v2\/users\/1"}],"replies":[{"embeddable":true,"href":"https:\/\/atecordoba.org\/index.php?rest_route=%2Fwp%2Fv2%2Fcomments&post=13111"}],"version-history":[{"count":1,"href":"https:\/\/atecordoba.org\/index.php?rest_route=\/wp\/v2\/posts\/13111\/revisions"}],"predecessor-version":[{"id":19855,"href":"https:\/\/atecordoba.org\/index.php?rest_route=\/wp\/v2\/posts\/13111\/revisions\/19855"}],"wp:featuredmedia":[{"embeddable":true,"href":"https:\/\/atecordoba.org\/index.php?rest_route=\/wp\/v2\/media\/18381"}],"wp:attachment":[{"href":"https:\/\/atecordoba.org\/index.php?rest_route=%2Fwp%2Fv2%2Fmedia&parent=13111"}],"wp:term":[{"taxonomy":"category","embeddable":true,"href":"https:\/\/atecordoba.org\/index.php?rest_route=%2Fwp%2Fv2%2Fcategories&post=13111"},{"taxonomy":"post_tag","embeddable":true,"href":"https:\/\/atecordoba.org\/index.php?rest_route=%2Fwp%2Fv2%2Ftags&post=13111"}],"curies":[{"name":"wp","href":"https:\/\/api.w.org\/{rel}","templated":true}]}}