{"id":13091,"date":"2020-05-29T15:51:26","date_gmt":"2020-05-29T18:51:26","guid":{"rendered":"https:\/\/www.atecordoba.org\/?p=13091"},"modified":"2020-06-09T14:19:33","modified_gmt":"2020-06-09T17:19:33","slug":"la-jornada-de-lucha-por-el-cordobazo-se-plasmo-en-toda-la-provincia","status":"publish","type":"post","link":"https:\/\/atecordoba.org\/?p=13091","title":{"rendered":"La jornada de lucha por el Cordobazo se plasm\u00f3 en toda la provincia"},"content":{"rendered":"\n<p><em>Junto a organizaciones territoriales, gremiales, culturales y campesinas, ATE y la CTA Aut\u00f3noma protagonizaron una intensa jornada de protestas a lo largo y ancho de C\u00f3rdoba, con una agenda que expres\u00f3 desde la demanda por asistencia alimentaria en las barriadas m\u00e1s vulnerables a la pandemia, pasando por el pase a planta y la reincorporaci\u00f3n de los estatales despedidos por el macrismo y el repudio al ajuste jubilatorio y salarial de Schiaretti. <\/em><\/p>\n\n\n\n<div class=\"wp-block-image\"><figure class=\"aligncenter size-large is-resized\"><img loading=\"lazy\" decoding=\"async\" src=\"http:\/\/atecordoba.org\/wp-content\/uploads\/2020\/06\/fadea-3-1-1024x768.jpg\" alt=\"\" class=\"wp-image-13106\" width=\"477\" height=\"358\"\/><\/figure><\/div>\n\n\n\n<p>La Asociaci\u00f3n de Trabajadores del Estado llev\u00f3 adelante hoy diversas instancias de visibilizaci\u00f3n de los reclamos que planteando desde hace meses a las distintas instancias de los gobiernos Nacional, Provincial y Municipal, referidas a las condiciones laborales y salariales, as\u00ed como el cumplimiento del compromiso del gobierno nacional para la reincorporaci\u00f3n de los despedidos del mascrismo.  <\/p>\n\n\n\n<p>&#8220;Hoy, en un nuevo aniversario del Cordobazo, desde ATE Provincia de C\u00f3rdoba, pero en conjunto a much\u00edsimas&nbsp;otras organizaciones en lucha, hemos decidido impulsar una Jornada de unidad, de organizaci\u00f3n, en la que le exigimos a los Estados que no nos tomen como la variable de ajuste&#8221;, remarc\u00f3 Federico Giuliani, Secretario General del Consejo Directivo Provincial de ATE C\u00f3rdoba.<\/p>\n\n\n\n<figure class=\"wp-block-image size-large\"><img decoding=\"async\" src=\"http:\/\/atecordoba.org\/wp-content\/uploads\/2020\/06\/fadea-768x1024.jpg\" alt=\"\" class=\"wp-image-13092\"\/><figcaption>Frene a Fadea<\/figcaption><\/figure>\n\n\n\n<p>La jornada de protesta cont\u00f3 con compa\u00f1eros desarrollando acciones p\u00fablicas como asambleas, caravanas, ollas populares y recorridas por los sectores de trabajo a lo largo y ancho de m\u00faltiples localidades de toda la provincia: C\u00f3rdoba Capital, Villa Mar\u00eda, San Francisco, Cruz del Eje, Villa Dolores, Almafuerte, R\u00edo Cuarto, R\u00edo Tercero, Jes\u00fas mar\u00eda, Adelia Mar\u00eda, Sampacho, Pilar, entre otras<\/p>\n\n\n\n<div class=\"wp-block-image\"><figure class=\"alignleft size-large is-resized\"><img loading=\"lazy\" decoding=\"async\" src=\"http:\/\/atecordoba.org\/wp-content\/uploads\/2020\/06\/WhatsApp-Image-2020-05-29-at-12.35.11-576x1024.jpg\" alt=\"\" class=\"wp-image-13095\" width=\"224\" height=\"398\"\/><\/figure><\/div>\n\n\n\n<p>&#8220;Hoy C\u00f3rdoba se levanta contra el ajuste, el cinismo y el oportunismo de Schiaretti y todo el oficialismo que pretende avanzar con nuestro futuro, con el bienestar de nuestros mayores, con nuestra salud p\u00fablica&#8221;, ratific\u00f3 Giuliani.<\/p>\n\n\n\n<p>Detalle de algunas de las protestas:<\/p>\n\n\n\n<ul class=\"wp-block-list\"><li>Traslasierra: Caravana de autos en Villa Dolores con pedido de Reincorporaciones, repudio al Ajuste Jubilatorio de Schiaretti y por mayor presupuesto en Salud y Educaci\u00f3n.Cruz del Eje: Olla popular al mediod\u00eda en Barrio Villa Elaine. La actividad se desarrollar\u00f3 junto a la UTP y al MCC de la zona.<\/li><\/ul>\n\n\n\n<ul class=\"wp-block-list\"><li>R\u00edo Cuarto: participaci\u00f3n en caravana de la salud ayer por la noche e intervenci\u00f3n frente al Centro C\u00edvico de la Ciudad. Hoy, reuniones y entrega de alcohol en gel y barbijos en dependencias nacionales, provinciales y municipales, participaci\u00f3n en diferentes barrios de la ciudad junto a la FENAT y participaci\u00f3n en Caravana junto a UEPC.<\/li><\/ul>\n\n\n\n<ul class=\"wp-block-list\"><li>Almafuerte: Caravana de autos junto a Luz y Fuerza, UEPC y SEOMA.<\/li><\/ul>\n\n\n\n<ul class=\"wp-block-list\"><li>C\u00f3rdoba Capital: Sentada frente a la F\u00e1brica Argentina de Aviones (FADEA); Intervenci\u00f3n de Psicologxs Comunitarios Villa Libertador; asamblea en la f\u00e1brica Dioxitec por par\u00e1lisis total de la producci\u00f3n para este viernes.<\/li><\/ul>\n\n\n\n<div class=\"wp-block-image\"><figure class=\"alignright size-large is-resized\"><img loading=\"lazy\" decoding=\"async\" src=\"http:\/\/atecordoba.org\/wp-content\/uploads\/2020\/06\/WhatsApp-Image-2020-05-29-at-11.16.30-1-768x1024.jpg\" alt=\"\" class=\"wp-image-13094\" width=\"230\" height=\"306\"\/><\/figure><\/div>\n\n\n\n<ul class=\"wp-block-list\"><li>Villa Mar\u00eda: Ollas populares junto a otros sindicatos y organizaciones, caravana en repudio al ajuste a la jubilaciones por la tarde, aplauso frente a los hospitales y cl\u00ednicas y apoyo solidario a la lucha de Aoita.<\/li><\/ul>\n\n\n\n<ul class=\"wp-block-list\"><li>San Francisco: Organizaci\u00f3n de 3 ollas populares junto a FENAT.<\/li><\/ul>\n\n\n\n<ul class=\"wp-block-list\"><li>R\u00edo Tercero: 2 ollas populares y roperitos comunitarios junto a FENAT y carteles y reuniones en F\u00e1brica Militar. Entrega de viandas y participaci\u00f3n caravana UEPC.<\/li><\/ul>\n\n\n\n<ul class=\"wp-block-list\"><li>Adelia Mar\u00eda: Recorrida, reuniones y campa\u00f1a con consignas en los lugares de trabajo.<\/li><\/ul>\n\n\n\n<p><strong>La actualidad del Cordobazo<\/strong><\/p>\n\n\n\n<p>A la hora de hacer un balance de la jornada de lucha Giuliani destac\u00f3 que &#8220;a 51 a\u00f1os del Cordobazo seguimos planteando aquellos sue\u00f1os de la rebeli\u00f3n popular siguen inconclusos. Esos sue\u00f1os por una patria libre, justa y soberana siguen intactos y somos las hijas y los hijos de esa gesta hist\u00f3rica quienes hoy estamos en la calle en diferentes acciones, reclamando en contra del ajuste del gobierno de Schiaretti. Pero tambi\u00e9n reclamamos porque en general el sistema pol\u00edtico quiere hacernos pagar una crisis que no generamos&#8221;.<\/p>\n\n\n\n<div class=\"wp-block-image\"><figure class=\"aligncenter size-large\"><img decoding=\"async\" src=\"http:\/\/atecordoba.org\/wp-content\/uploads\/2020\/06\/san-francisco-1024x768.jpg\" alt=\"\" class=\"wp-image-13096\"\/><\/figure><\/div>\n\n\n\n<p>&#8220;En ese contexto -prosigui\u00f3-, hoy es la culminaci\u00f3n de 20 d\u00edas de organizaci\u00f3n aproximadamente de esta iniciativa que consiste en conmemorar militando, reclamando y proponiendo durante esta fecha tan importante&#8221;.<\/p>\n\n\n\n<p>&#8220;El resultado es muy importante porque logramos instalar una demanda integral, donde est\u00e1n involucradas las consignas de las y los trabajadores del sector privado, planteando el rechazo a la reducci\u00f3n salarial, la regulaci\u00f3n urgente del teletrabajo y basta de despidos. Tambi\u00e9n logramos sintetizar las consignas de los trabajadores estatales, tanto nacionales como provinciales y municipales: la reincorporaci\u00f3n inmediata de los despedidos por el macrismo del Estado nacional, la apertura urgente de paritarias en los tres estamentos, y el pase a planta permanente al menos en esta primera l\u00ednea del sistema de salud p\u00fablica que pelea la pandemia&#8221;.<\/p>\n\n\n\n<div class=\"wp-block-image\"><figure class=\"aligncenter size-large\"><img decoding=\"async\" src=\"http:\/\/atecordoba.org\/wp-content\/uploads\/2020\/06\/san-francisco2-768x1024.jpg\" alt=\"\" class=\"wp-image-13097\"\/><\/figure><\/div>\n\n\n\n<p>La pelea de lo social se entiende en que el territorio es un lugar de disputa estrat\u00e9gico. Por eso denunciando que el hambre es un crimen y que la ayuda social no llega o es escasa, en una provincia rica que produce &nbsp;alimentos y hoy tiene alarmantes \u00edndices de pobreza y desocupaci\u00f3n e informalidad laboral, nos llega a la disputa real pro la distribuci\u00f3n de la riqueza.<\/p>\n\n\n\n<p>El dirigente avanz\u00f3 tambi\u00e9n sobre las consignas generales del conjunto de organizaciones que participaron de la protesta, se\u00f1alando su repudio &#8220;al ajuste jubilatorio de Schiaretti, aprobado en una sesi\u00f3n expr\u00e9s de la legislatura, de forma virtual y entre gallos y medianoches. El gobernador le mete la mano en el bolsillo a las y los jubilados pero tambi\u00e9n las y los trabajadores activos que ven hipotecado su futuro con esta armonizaci\u00f3n de la Caja a los par\u00e1metros de la Naci\u00f3n&#8221;.<\/p>\n\n\n\n<div class=\"wp-block-image\"><figure class=\"aligncenter size-large is-resized\"><img loading=\"lazy\" decoding=\"async\" src=\"http:\/\/atecordoba.org\/wp-content\/uploads\/2020\/06\/WhatsApp-Image-2020-05-29-at-11.27.23-768x1024.jpg\" alt=\"\" class=\"wp-image-13098\" width=\"324\" height=\"432\"\/><\/figure><\/div>\n\n\n\n<p>&#8220;En ese marco, repudiamos la criminalizaci\u00f3n de la protesta gremial y social, que se expresa en la imputaci\u00f3n de varios dirigentes del campo popular cordob\u00e9s, por manifestarse en el marco de la cuarentena. Claramente estamos en contra del poder que se le dio a la polic\u00eda de la provincia. Su tr\u00e1gica trayectoria de gatillo f\u00e1cil y narcotr\u00e1fico no es un buen antecedente para darle el control social de los territorios&#8221;, a\u00f1adi\u00f3.<\/p>\n\n\n\n<p>Ante este panorama, y atento que la jornada se desarroll\u00f3 en plena cuarentena, Giuliani destac\u00f3 que &#8220;con esta iniciativa de ATE y la CTA hemos logramos conformar un amplio espacio multisectorial con otras organizaciones sociales, pol\u00edticas, culturales y campesinas, a lo largo y lo ancho de la provincia. Constituimos 92 ollas populares, hicimos asambleas, realizamos recorridas por sectores entregando barbijos y alcohol en gel, ante la falta de presencia del Estado para cuidar a su primera l\u00ednea. Tambi\u00e9n se realizaron con otros sindicatos caravanas en distintas localidades rechazando la reforma previsional&#8221;.<\/p>\n\n\n\n<div class=\"wp-block-image\"><figure class=\"aligncenter size-large\"><img decoding=\"async\" src=\"http:\/\/atecordoba.org\/wp-content\/uploads\/2020\/06\/san-francisco-3-1024x768.jpg\" alt=\"\" class=\"wp-image-13099\"\/><\/figure><\/div>\n\n\n\n<p>Y concluy\u00f3 afirmando que &#8220;esta jornada pone muy en alto a nuestra ATE, a nuestra CTA Aut\u00f3noma para homenajear al Cordobazo, obviamente reinventando las formas en tiempos de pandemia pero llevando adelante nuestro reclamo frente a esta crisis que decimos que profundiza la diferencia social porque hoy la brecha entre los que m\u00e1s y los que menos tienen es ampl\u00edsima&#8221;.<\/p>\n\n\n\n<p>&#8220;Entendemos que hay que ir por el impuesto a la riqueza, que tienen que pagar los que m\u00e1s tienen. En lo macro sostenemos que no hay que pagar la deuda externa y si vamos para que aquellas compa\u00f1eras y compa\u00f1eros desocupados o precarizados reciban el ingreso b\u00e1sico universal. Para al menos elevar el piso de la pobreza y de esa forma comenzar a pensar que la salida de esta pandemia es con m\u00e1s Estado presente, con menos mercado y con una salida popular. Para eso es importante que los sectores populares nos expresemos en la calle, que marquemos agenda y nos reinventemos&#8221;, dijo.<\/p>\n\n\n\n<p>&#8220;Queremos expresar que es fundamental la disputa por el sentido pero tambi\u00e9n la recuperaci\u00f3n de la pol\u00edtica, como esa acci\u00f3n colectiva que nos va a llevar a formar esta realidad tan desigual por otra con justicia social que convierta a esta patria en justa, libre y soberana como lo plante\u00f3 el Cordobazo y que en este 2020 sigue inconclusa&#8221;, finaliz\u00f3.<\/p>\n\n\n\n<div class=\"wp-block-image\"><figure class=\"aligncenter size-large is-resized\"><img loading=\"lazy\" decoding=\"async\" src=\"http:\/\/atecordoba.org\/wp-content\/uploads\/2020\/06\/jesus-maria-768x1024.jpg\" alt=\"\" class=\"wp-image-13100\" width=\"365\" height=\"486\"\/><figcaption>Asamblea en Jes\u00fas Mar\u00eda, por la efectivizaci\u00f3n de contratos precarios.<\/figcaption><\/figure><\/div>\n\n\n\n<p><strong>Otros testimonios<\/strong><\/p>\n\n\n\n<p>Desde Villa Mar\u00eda, el secretario General de la seccional de ATE, Fernando Mercado, detall\u00f3 que, junto al secretario General de la CTA-A Gustavo Vilchez y compa\u00f1eros de la CGT se realizaron &#8220;ollas populares y luego con los compa\u00f1eros del frente sindical, a las 15 horas, hicimos una caravana que fue organizada por ATE Luz y Fuerza, Suoem, bancarios, Satsait, Utedyc, con un amplio recorrido, pasando por la municipalidad, Epec, por algunas cl\u00ednicas privadas a hacer un aplauso y en el Hospital Nuevo Pasteur&#8221;. <\/p>\n\n\n\n<div class=\"wp-block-image\"><figure class=\"aligncenter size-large\"><img decoding=\"async\" src=\"http:\/\/atecordoba.org\/wp-content\/uploads\/2020\/06\/WhatsApp-Image-2020-05-29-at-12.27.16-1-1024x902.jpg\" alt=\"\" class=\"wp-image-13102\"\/><\/figure><\/div>\n\n\n\n<p>La caravana finaliz\u00f3 frente al local de Aoita &#8220;donde los compa\u00f1eros del transporte p\u00fablico interurbano llevan m\u00e1s de 45 d\u00edas de paro&#8221;, dijo Mercado.<\/p>\n\n\n\n<p>El dirigente afirm\u00f3 en la misma l\u00ednea que &#8220;lo mas importante no es solo mantener vivo el recuerdo de la gesta hist\u00f3rica del Cordobazo, sino que hoy demostramos en villa Mar\u00eda una unidad entre todo el campo popular y las organizaciones sindicales nucleadas en las distintas centrales, como lo venimos haciendo hace mucho tiempo. Estas organizaciones nos han acompa\u00f1ado en la defensa de la F\u00e1brica Militar sino hoy nosotros tambi\u00e9n los acompa\u00f1amos en el rechazo a la p\u00e9rdida de derechos previsionales a partir del ajuste a los jubilados que est\u00e1 aplicando Schiaretti&nbsp; con la ley 10694 que mando a aprobar a la Legislatura&#8221;.<\/p>\n\n\n\n<div class=\"wp-block-image\"><figure class=\"aligncenter size-large\"><img decoding=\"async\" src=\"http:\/\/atecordoba.org\/wp-content\/uploads\/2020\/06\/fadea2-1-1024x768.jpg\" alt=\"\" class=\"wp-image-13104\"\/><\/figure><\/div>\n\n\n\n<p>Desde Adelia Mar\u00eda el secretario General de la seccional de ATE, Diego Villegas, explic\u00f3 que all\u00ed los compa\u00f1eros realizaron &#8220;una recorrida y fotos en los lugares de trabajo con las consignas de la jornada de protesta&#8221;.<\/p>\n\n\n\n<p>En tanto, en San Fracisco, la compa\u00f1era Gladys Medina se\u00f1al\u00f3 que &#8220;estamos con dos ollas populares en  barrio Acapulco, en el merendero Proyecto Esperanza, y otra en Frontera, en el merendero Rinconcito del Defe. Otra se llev\u00f3 a cabo en el merendero los quinteros de barrio La Milka&#8221;.<\/p>\n\n\n\n<p>La dirigente asegur\u00f3 que &#8220;se trabaj\u00f3 con mucha alegr\u00eda y con un sentido de solidaridad pero tambi\u00e9n de reclamo y de protesta ante cada punto de reclamo ante las autoridades nacionales, provinciales y municipales&#8221;. &nbsp;<\/p>\n\n\n\n<p><strong>Actividad de cierre<\/strong><\/p>\n\n\n\n<p>Como cierre de la Jornada, se desarroll\u00f3 un &#8220;Conversatorio Popular&#8221; entre miembros de distintos espacios representativos que adhirieron a la Jornada de Lucha y Organizaci\u00f3n Popular en conmemoraci\u00f3n del 51 Aniversario del Cordobazo. Bajo el t\u00edtulo de &#8220;El Cordobazo y sus expresiones hoy&#8221;, Federico Giuliani (ATE-CTAA), Mercedes Ferrero (Trabajadoras Unidas por la Tierra), Miguel \u00c1ngel Ferreyra (Sindicato de Obreros y Empledos Aceiteros de Tancacha) y Leandro Iturrioz (Consiliario Estudiantil por Facultad de arquitectura y Dise\u00f1o Industrial de la UNC &#8211; El M\u00f3dulo), abordaron las dificultades para la supervivencia de los sectores populares que plantea el la crisis actual del sistema capitalista y la imperiosa necesidad de unidad en la lucha para superar este estado actual de situaci\u00f3n.<\/p>\n\n\n\n<figure class=\"wp-block-image size-large\"><img decoding=\"async\" src=\"http:\/\/atecordoba.org\/wp-content\/uploads\/2020\/06\/Conversatorio-1024x784.jpg\" alt=\"\" class=\"wp-image-13108\"\/><\/figure>\n\n\n\n<p><\/p>\n","protected":false},"excerpt":{"rendered":"<p>Junto a organizaciones territoriales, gremiales, culturales y campesinas, ATE y la CTA Aut\u00f3noma protagonizaron una intensa jornada de protestas a lo largo y ancho de C\u00f3rdoba, con una agenda que expres\u00f3 desde la demanda por asistencia alimentaria en las barriadas m\u00e1s vulnerables a la pandemia, pasando por el pase a planta y la reincorporaci\u00f3n de [&hellip;]<\/p>\n","protected":false},"author":1,"featured_media":19802,"comment_status":"open","ping_status":"open","sticky":true,"template":"","format":"standard","meta":{"_exactmetrics_skip_tracking":false,"_exactmetrics_sitenote_active":false,"_exactmetrics_sitenote_note":"","_exactmetrics_sitenote_category":0,"jnews-multi-image_gallery":[],"jnews_single_post":[],"jnews_primary_category":[],"jnews_social_meta":[],"jnews_review":[],"enable_review":"","type":"","name":"","summary":"","brand":"","sku":"","good":[],"bad":[],"score_override":"","override_value":"","rating":[],"price":[],"jnews_override_counter":[],"jnews_post_split":[],"footnotes":""},"categories":[10],"tags":[334],"class_list":["post-13091","post","type-post","status-publish","format-standard","has-post-thumbnail","hentry","category-accion-politica","tag-medidas-de-fuerza"],"jetpack_featured_media_url":"https:\/\/atecordoba.org\/wp-content\/uploads\/2020\/06\/Conversatorio-1024x784.jpg","_links":{"self":[{"href":"https:\/\/atecordoba.org\/index.php?rest_route=\/wp\/v2\/posts\/13091","targetHints":{"allow":["GET"]}}],"collection":[{"href":"https:\/\/atecordoba.org\/index.php?rest_route=\/wp\/v2\/posts"}],"about":[{"href":"https:\/\/atecordoba.org\/index.php?rest_route=\/wp\/v2\/types\/post"}],"author":[{"embeddable":true,"href":"https:\/\/atecordoba.org\/index.php?rest_route=\/wp\/v2\/users\/1"}],"replies":[{"embeddable":true,"href":"https:\/\/atecordoba.org\/index.php?rest_route=%2Fwp%2Fv2%2Fcomments&post=13091"}],"version-history":[{"count":1,"href":"https:\/\/atecordoba.org\/index.php?rest_route=\/wp\/v2\/posts\/13091\/revisions"}],"predecessor-version":[{"id":19856,"href":"https:\/\/atecordoba.org\/index.php?rest_route=\/wp\/v2\/posts\/13091\/revisions\/19856"}],"wp:featuredmedia":[{"embeddable":true,"href":"https:\/\/atecordoba.org\/index.php?rest_route=\/wp\/v2\/media\/19802"}],"wp:attachment":[{"href":"https:\/\/atecordoba.org\/index.php?rest_route=%2Fwp%2Fv2%2Fmedia&parent=13091"}],"wp:term":[{"taxonomy":"category","embeddable":true,"href":"https:\/\/atecordoba.org\/index.php?rest_route=%2Fwp%2Fv2%2Fcategories&post=13091"},{"taxonomy":"post_tag","embeddable":true,"href":"https:\/\/atecordoba.org\/index.php?rest_route=%2Fwp%2Fv2%2Ftags&post=13091"}],"curies":[{"name":"wp","href":"https:\/\/api.w.org\/{rel}","templated":true}]}}