{"id":13088,"date":"2020-05-29T13:43:36","date_gmt":"2020-05-29T16:43:36","guid":{"rendered":"https:\/\/www.atecordoba.org\/?p=13088"},"modified":"2020-06-09T14:19:56","modified_gmt":"2020-06-09T17:19:56","slug":"29-de-mayo-repaso-de-acciones-de-la-manana","status":"publish","type":"post","link":"https:\/\/atecordoba.org\/?p=13088","title":{"rendered":"29 de Mayo: Repaso de acciones de la ma\u00f1ana"},"content":{"rendered":"\n<p><em>En el marco de la Jornada de Lucha y Organizaci\u00f3n llevada adelante por ATE en conjunto con otras organizaciones, el CDP y las seccionales dijeron \u00a1Presente! con actividades en toda la Provincia.<\/em><\/p>\n\n\n\n<figure class=\"wp-block-embed-twitter wp-block-embed is-type-rich is-provider-twitter\"><div class=\"wp-block-embed__wrapper\">\n<blockquote class=\"twitter-tweet\" data-width=\"500\" data-dnt=\"true\"><p lang=\"es\" dir=\"ltr\"><a href=\"https:\/\/twitter.com\/hashtag\/Ahora?src=hash&amp;ref_src=twsrc%5Etfw\">#Ahora<\/a><br><br>El Secretario General de <a href=\"https:\/\/twitter.com\/cordoba_cta?ref_src=twsrc%5Etfw\">@cordoba_cta<\/a> y de ATE C\u00f3rdoba, <a href=\"https:\/\/twitter.com\/federgiuliani?ref_src=twsrc%5Etfw\">@federgiuliani<\/a>, presente en una de las ollas populares de R\u00edo Cuarto, organizada por <a href=\"https:\/\/twitter.com\/FeNaTctaa?ref_src=twsrc%5Etfw\">@FeNaTctaa<\/a> C\u00f3rdoba en el marco del <a href=\"https:\/\/twitter.com\/hashtag\/NuevoCordobazo?src=hash&amp;ref_src=twsrc%5Etfw\">#NuevoCordobazo<\/a>.<a href=\"https:\/\/twitter.com\/ateprensa?ref_src=twsrc%5Etfw\">@ateprensa<\/a> <a href=\"https:\/\/twitter.com\/hashtag\/ReincorporacionesYA?src=hash&amp;ref_src=twsrc%5Etfw\">#ReincorporacionesYA<\/a> <a href=\"https:\/\/twitter.com\/hashtag\/AperturadeParitarias?src=hash&amp;ref_src=twsrc%5Etfw\">#AperturadeParitarias<\/a> <a href=\"https:\/\/twitter.com\/hashtag\/ElHambreEsUnCrimen?src=hash&amp;ref_src=twsrc%5Etfw\">#ElHambreEsUnCrimen<\/a> <a href=\"https:\/\/t.co\/iOTOLA79Pu\">pic.twitter.com\/iOTOLA79Pu<\/a><\/p>&mdash; ATE C\u00f3rdoba (@ATECordoba) <a href=\"https:\/\/twitter.com\/ATECordoba\/status\/1266388954166763520?ref_src=twsrc%5Etfw\">May 29, 2020<\/a><\/blockquote><script async src=\"https:\/\/platform.twitter.com\/widgets.js\" charset=\"utf-8\"><\/script>\n<\/div><\/figure>\n\n\n\n<figure class=\"wp-block-embed-twitter wp-block-embed is-type-rich is-provider-twitter\"><div class=\"wp-block-embed__wrapper\">\n<blockquote class=\"twitter-tweet\" data-width=\"500\" data-dnt=\"true\"><p lang=\"es\" dir=\"ltr\">\ud83d\udea9Sentada frente a <a href=\"https:\/\/twitter.com\/fadea_oficial_?ref_src=twsrc%5Etfw\">@fadea_oficial_<\/a> en la ciudad de C\u00f3rdoba. <br>.<br> \u26a0\ufe0f 29 de Mayo: Jornada de Lucha y Organizaci\u00f3n Popular \ud83d\udcaa\ud83c\udffd- Gestando un <a href=\"https:\/\/twitter.com\/hashtag\/NuevoCordobazo?src=hash&amp;ref_src=twsrc%5Etfw\">#NuevoCordobazo<\/a> &#8211; \ud83d\udd25<br>.<br>Este <a href=\"https:\/\/twitter.com\/hashtag\/29DeMayo?src=hash&amp;ref_src=twsrc%5Etfw\">#29DeMayo<\/a> la <a href=\"https:\/\/twitter.com\/hashtag\/unidad?src=hash&amp;ref_src=twsrc%5Etfw\">#unidad<\/a> es el camino.<br>.<a href=\"https:\/\/twitter.com\/hashtag\/ReincorporacionesYA?src=hash&amp;ref_src=twsrc%5Etfw\">#ReincorporacionesYA<\/a> <a href=\"https:\/\/twitter.com\/hashtag\/AperturadeParitarias?src=hash&amp;ref_src=twsrc%5Etfw\">#AperturadeParitarias<\/a> <a href=\"https:\/\/twitter.com\/hashtag\/NoAlAjusteJubilatorioDeSchiaretti?src=hash&amp;ref_src=twsrc%5Etfw\">#NoAlAjusteJubilatorioDeSchiaretti<\/a> <a href=\"https:\/\/t.co\/6fH7rfOD3i\">pic.twitter.com\/6fH7rfOD3i<\/a><\/p>&mdash; ATE C\u00f3rdoba (@ATECordoba) <a href=\"https:\/\/twitter.com\/ATECordoba\/status\/1266392071759441920?ref_src=twsrc%5Etfw\">May 29, 2020<\/a><\/blockquote><script async src=\"https:\/\/platform.twitter.com\/widgets.js\" charset=\"utf-8\"><\/script>\n<\/div><\/figure>\n\n\n\n<figure class=\"wp-block-embed-twitter wp-block-embed is-type-rich is-provider-twitter\"><div class=\"wp-block-embed__wrapper\">\n<blockquote class=\"twitter-tweet\" data-width=\"500\" data-dnt=\"true\"><p lang=\"es\" dir=\"ltr\"><a href=\"https:\/\/twitter.com\/hashtag\/AHORA?src=hash&amp;ref_src=twsrc%5Etfw\">#AHORA<\/a><br>.<br>En Cruz del Eje, ATE junto al @mcc_mnci terminamos de preparar la olla popular en Barrio Villa Elaine. Unas 150 raciones aproximadamente para vecinxs del lugar.<br>.<br>\u26a0\ufe0f 29 de Mayo: Jornada de Lucha y Organizaci\u00f3n &#8211; Gestando un <a href=\"https:\/\/twitter.com\/hashtag\/NuevoCordobazo?src=hash&amp;ref_src=twsrc%5Etfw\">#NuevoCordobazo<\/a><br>.<a href=\"https:\/\/twitter.com\/hashtag\/ReincorporacionesYA?src=hash&amp;ref_src=twsrc%5Etfw\">#ReincorporacionesYA<\/a> <a href=\"https:\/\/t.co\/RhwarxqEJ8\">pic.twitter.com\/RhwarxqEJ8<\/a><\/p>&mdash; ATE C\u00f3rdoba (@ATECordoba) <a href=\"https:\/\/twitter.com\/ATECordoba\/status\/1266393642333278208?ref_src=twsrc%5Etfw\">May 29, 2020<\/a><\/blockquote><script async src=\"https:\/\/platform.twitter.com\/widgets.js\" charset=\"utf-8\"><\/script>\n<\/div><\/figure>\n\n\n\n<figure class=\"wp-block-embed-twitter wp-block-embed is-type-rich is-provider-twitter\"><div class=\"wp-block-embed__wrapper\">\n<blockquote class=\"twitter-tweet\" data-width=\"500\" data-dnt=\"true\"><p lang=\"es\" dir=\"ltr\"><a href=\"https:\/\/twitter.com\/hashtag\/AHORA?src=hash&amp;ref_src=twsrc%5Etfw\">#AHORA<\/a><br>.<br>Asamblea de trabajadorxs municipales en Jes\u00fas Mar\u00eda solicitando cambio de contrato transitorio por contrato administrativo (para compa\u00f1eros que hace m\u00e1s de 3 a\u00f1os est\u00e1n en esta situaci\u00f3n)<br>.<br>\u26a0\ufe0f 29 de Mayo: Jornada de Lucha y Organizaci\u00f3n &#8211; Gestando un <a href=\"https:\/\/twitter.com\/hashtag\/NuevoCordobazo?src=hash&amp;ref_src=twsrc%5Etfw\">#NuevoCordobazo<\/a> <a href=\"https:\/\/t.co\/cMhVsG25A0\">pic.twitter.com\/cMhVsG25A0<\/a><\/p>&mdash; ATE C\u00f3rdoba (@ATECordoba) <a href=\"https:\/\/twitter.com\/ATECordoba\/status\/1266396996723671041?ref_src=twsrc%5Etfw\">May 29, 2020<\/a><\/blockquote><script async src=\"https:\/\/platform.twitter.com\/widgets.js\" charset=\"utf-8\"><\/script>\n<\/div><\/figure>\n\n\n\n<figure class=\"wp-block-embed-twitter wp-block-embed is-type-rich is-provider-twitter\"><div class=\"wp-block-embed__wrapper\">\n<blockquote class=\"twitter-tweet\" data-width=\"500\" data-dnt=\"true\"><p lang=\"es\" dir=\"ltr\"><a href=\"https:\/\/twitter.com\/hashtag\/AHORA?src=hash&amp;ref_src=twsrc%5Etfw\">#AHORA<\/a><br>.<br>Olla Popular de ATE San Francisco, junto a <a href=\"https:\/\/twitter.com\/FeNaTctaa?ref_src=twsrc%5Etfw\">@FeNaTctaa<\/a> Cordoba y CTA Provincia de Cordoba.<br>.<br>\u26a0\ufe0f 29 de Mayo: Jornada de Lucha y Organizaci\u00f3n &#8211; Gestando un <a href=\"https:\/\/twitter.com\/hashtag\/NuevoCordobazo?src=hash&amp;ref_src=twsrc%5Etfw\">#NuevoCordobazo<\/a><br>.<a href=\"https:\/\/twitter.com\/hashtag\/ReincorporacionesYA?src=hash&amp;ref_src=twsrc%5Etfw\">#ReincorporacionesYA<\/a> <a href=\"https:\/\/t.co\/Qv9MdCJHBD\">pic.twitter.com\/Qv9MdCJHBD<\/a><\/p>&mdash; ATE C\u00f3rdoba (@ATECordoba) <a href=\"https:\/\/twitter.com\/ATECordoba\/status\/1266401021707853824?ref_src=twsrc%5Etfw\">May 29, 2020<\/a><\/blockquote><script async src=\"https:\/\/platform.twitter.com\/widgets.js\" charset=\"utf-8\"><\/script>\n<\/div><\/figure>\n\n\n\n<figure class=\"wp-block-embed-twitter wp-block-embed is-type-rich is-provider-twitter\"><div class=\"wp-block-embed__wrapper\">\n<blockquote class=\"twitter-tweet\" data-width=\"500\" data-dnt=\"true\"><p lang=\"es\" dir=\"ltr\"><a href=\"https:\/\/twitter.com\/hashtag\/AHORA?src=hash&amp;ref_src=twsrc%5Etfw\">#AHORA<\/a><br>.<br>Asamblea de ATE R\u00edo Tercero, en la puerta de la F\u00e1brica Militar junto a despedidos y activos.<br>.<br>\u26a0\ufe0f 29 de Mayo: Jornada de Lucha y Organizaci\u00f3n &#8211; Gestando un <a href=\"https:\/\/twitter.com\/hashtag\/NuevoCordobazo?src=hash&amp;ref_src=twsrc%5Etfw\">#NuevoCordobazo<\/a><br>.<a href=\"https:\/\/twitter.com\/hashtag\/ReincorporacionesYA?src=hash&amp;ref_src=twsrc%5Etfw\">#ReincorporacionesYA<\/a> <a href=\"https:\/\/twitter.com\/hashtag\/AperturaDeParitarias?src=hash&amp;ref_src=twsrc%5Etfw\">#AperturaDeParitarias<\/a> <a href=\"https:\/\/t.co\/bSyGF2lJSe\">pic.twitter.com\/bSyGF2lJSe<\/a><\/p>&mdash; ATE C\u00f3rdoba (@ATECordoba) <a href=\"https:\/\/twitter.com\/ATECordoba\/status\/1266404561163599872?ref_src=twsrc%5Etfw\">May 29, 2020<\/a><\/blockquote><script async src=\"https:\/\/platform.twitter.com\/widgets.js\" charset=\"utf-8\"><\/script>\n<\/div><\/figure>\n\n\n\n<figure class=\"wp-block-embed-twitter wp-block-embed is-type-rich is-provider-twitter\"><div class=\"wp-block-embed__wrapper\">\n<blockquote class=\"twitter-tweet\" data-width=\"500\" data-dnt=\"true\"><p lang=\"es\" dir=\"ltr\"><a href=\"https:\/\/twitter.com\/hashtag\/AHORA?src=hash&amp;ref_src=twsrc%5Etfw\">#AHORA<\/a><br>.<br>El CDP de ATE participa en ollas populares en C\u00f3rdoba Capital, junto a <a href=\"https:\/\/twitter.com\/FeNaTctaa?ref_src=twsrc%5Etfw\">@FeNaTctaa<\/a> Cordoba y <a href=\"https:\/\/twitter.com\/cordoba_cta?ref_src=twsrc%5Etfw\">@cordoba_cta<\/a> .<br>.<br>\u26a0\ufe0f 29 de Mayo: Jornada de Lucha y Organizaci\u00f3n &#8211; Gestando un <a href=\"https:\/\/twitter.com\/hashtag\/NuevoCordobazo?src=hash&amp;ref_src=twsrc%5Etfw\">#NuevoCordobazo<\/a><br>.<a href=\"https:\/\/twitter.com\/hashtag\/ElHambreEsUnCrimen?src=hash&amp;ref_src=twsrc%5Etfw\">#ElHambreEsUnCrimen<\/a> <a href=\"https:\/\/twitter.com\/hashtag\/ReincorporacionesYA?src=hash&amp;ref_src=twsrc%5Etfw\">#ReincorporacionesYA<\/a> <a href=\"https:\/\/twitter.com\/hashtag\/AperturaDeParitarias?src=hash&amp;ref_src=twsrc%5Etfw\">#AperturaDeParitarias<\/a> <a href=\"https:\/\/t.co\/LAGcw0k2U8\">pic.twitter.com\/LAGcw0k2U8<\/a><\/p>&mdash; ATE C\u00f3rdoba (@ATECordoba) <a href=\"https:\/\/twitter.com\/ATECordoba\/status\/1266406425137500160?ref_src=twsrc%5Etfw\">May 29, 2020<\/a><\/blockquote><script async src=\"https:\/\/platform.twitter.com\/widgets.js\" charset=\"utf-8\"><\/script>\n<\/div><\/figure>\n\n\n\n<figure class=\"wp-block-embed-twitter wp-block-embed is-type-rich is-provider-twitter\"><div class=\"wp-block-embed__wrapper\">\n<blockquote class=\"twitter-tweet\" data-width=\"500\" data-dnt=\"true\"><p lang=\"es\" dir=\"ltr\"><a href=\"https:\/\/twitter.com\/hashtag\/AHORA?src=hash&amp;ref_src=twsrc%5Etfw\">#AHORA<\/a><br>.<br>ATE Traslasierras participa junto a otras organizaciones de caravana contra el <a href=\"https:\/\/twitter.com\/hashtag\/AjusteALasJubilaciones?src=hash&amp;ref_src=twsrc%5Etfw\">#AjusteALasJubilaciones<\/a> de <a href=\"https:\/\/twitter.com\/hashtag\/Schiaretti?src=hash&amp;ref_src=twsrc%5Etfw\">#Schiaretti<\/a> y por <a href=\"https:\/\/twitter.com\/hashtag\/MasPresupuesto?src=hash&amp;ref_src=twsrc%5Etfw\">#MasPresupuesto<\/a> para Salud y Educaci\u00f3n<br>.<br>\u26a0\ufe0f 29 de Mayo: Jornada de Lucha &#8211; Gestando un <a href=\"https:\/\/twitter.com\/hashtag\/NuevoCordobazo?src=hash&amp;ref_src=twsrc%5Etfw\">#NuevoCordobazo<\/a><br>.<a href=\"https:\/\/twitter.com\/hashtag\/ReincorporacionesYA?src=hash&amp;ref_src=twsrc%5Etfw\">#ReincorporacionesYA<\/a> <a href=\"https:\/\/twitter.com\/hashtag\/AperturaDeParitarias?src=hash&amp;ref_src=twsrc%5Etfw\">#AperturaDeParitarias<\/a> <a href=\"https:\/\/t.co\/gwOf4VZRnV\">pic.twitter.com\/gwOf4VZRnV<\/a><\/p>&mdash; ATE C\u00f3rdoba (@ATECordoba) <a href=\"https:\/\/twitter.com\/ATECordoba\/status\/1266407133303709696?ref_src=twsrc%5Etfw\">May 29, 2020<\/a><\/blockquote><script async src=\"https:\/\/platform.twitter.com\/widgets.js\" charset=\"utf-8\"><\/script>\n<\/div><\/figure>\n\n\n\n<figure class=\"wp-block-embed-twitter wp-block-embed is-type-rich is-provider-twitter\"><div class=\"wp-block-embed__wrapper\">\n<blockquote class=\"twitter-tweet\" data-width=\"500\" data-dnt=\"true\"><p lang=\"es\" dir=\"ltr\">\u26a0\ufe0f <a href=\"https:\/\/twitter.com\/hashtag\/29deMayo?src=hash&amp;ref_src=twsrc%5Etfw\">#29deMayo<\/a>: Jornada de Lucha y Organizaci\u00f3n Popular \ud83d\udcaa\ud83c\udffd<br>\ud83d\udd25 &#8211; Gestando un nuevo Cordobazo &#8211; \ud83d\udd25<br><br>\ud83d\udea9 92 ollas populares y acciones en toda la Provincia: \u00a1basta de ajustarnos! Este <a href=\"https:\/\/twitter.com\/hashtag\/29DeMayo?src=hash&amp;ref_src=twsrc%5Etfw\">#29DeMayo<\/a> la <a href=\"https:\/\/twitter.com\/hashtag\/unidad?src=hash&amp;ref_src=twsrc%5Etfw\">#unidad<\/a> es el camino.<a href=\"https:\/\/twitter.com\/hashtag\/ATE?src=hash&amp;ref_src=twsrc%5Etfw\">#ATE<\/a> <a href=\"https:\/\/twitter.com\/hashtag\/NuevoCordobazo?src=hash&amp;ref_src=twsrc%5Etfw\">#NuevoCordobazo<\/a> <a href=\"https:\/\/twitter.com\/hashtag\/Reincorporaciones?src=hash&amp;ref_src=twsrc%5Etfw\">#Reincorporaciones<\/a> <a href=\"https:\/\/twitter.com\/hashtag\/Paritarias?src=hash&amp;ref_src=twsrc%5Etfw\">#Paritarias<\/a> <a href=\"https:\/\/twitter.com\/hashtag\/PaseAPlanta?src=hash&amp;ref_src=twsrc%5Etfw\">#PaseAPlanta<\/a> <a href=\"https:\/\/t.co\/LYBMtoyuTw\">pic.twitter.com\/LYBMtoyuTw<\/a><\/p>&mdash; ATE C\u00f3rdoba (@ATECordoba) <a href=\"https:\/\/twitter.com\/ATECordoba\/status\/1266330044944863233?ref_src=twsrc%5Etfw\">May 29, 2020<\/a><\/blockquote><script async src=\"https:\/\/platform.twitter.com\/widgets.js\" charset=\"utf-8\"><\/script>\n<\/div><\/figure>\n","protected":false},"excerpt":{"rendered":"<p>En el marco de la Jornada de Lucha y Organizaci\u00f3n llevada adelante por ATE en conjunto con otras organizaciones, el CDP y las seccionales dijeron \u00a1Presente! con actividades en toda la Provincia.<\/p>\n","protected":false},"author":1,"featured_media":19781,"comment_status":"open","ping_status":"open","sticky":true,"template":"","format":"standard","meta":{"_exactmetrics_skip_tracking":false,"_exactmetrics_sitenote_active":false,"_exactmetrics_sitenote_note":"","_exactmetrics_sitenote_category":0,"jnews-multi-image_gallery":[],"jnews_single_post":[],"jnews_primary_category":[],"jnews_social_meta":[],"jnews_review":[],"enable_review":"","type":"","name":"","summary":"","brand":"","sku":"","good":[],"bad":[],"score_override":"","override_value":"","rating":[],"price":[],"jnews_override_counter":[],"jnews_post_split":[],"footnotes":""},"categories":[10],"tags":[334],"class_list":["post-13088","post","type-post","status-publish","format-standard","has-post-thumbnail","hentry","category-accion-politica","tag-medidas-de-fuerza"],"jetpack_featured_media_url":"https:\/\/atecordoba.org\/wp-content\/uploads\/2020\/06\/WhatsApp-Image-2020-05-27-at-10.27.58-2.jpg","_links":{"self":[{"href":"https:\/\/atecordoba.org\/index.php?rest_route=\/wp\/v2\/posts\/13088","targetHints":{"allow":["GET"]}}],"collection":[{"href":"https:\/\/atecordoba.org\/index.php?rest_route=\/wp\/v2\/posts"}],"about":[{"href":"https:\/\/atecordoba.org\/index.php?rest_route=\/wp\/v2\/types\/post"}],"author":[{"embeddable":true,"href":"https:\/\/atecordoba.org\/index.php?rest_route=\/wp\/v2\/users\/1"}],"replies":[{"embeddable":true,"href":"https:\/\/atecordoba.org\/index.php?rest_route=%2Fwp%2Fv2%2Fcomments&post=13088"}],"version-history":[{"count":1,"href":"https:\/\/atecordoba.org\/index.php?rest_route=\/wp\/v2\/posts\/13088\/revisions"}],"predecessor-version":[{"id":19857,"href":"https:\/\/atecordoba.org\/index.php?rest_route=\/wp\/v2\/posts\/13088\/revisions\/19857"}],"wp:featuredmedia":[{"embeddable":true,"href":"https:\/\/atecordoba.org\/index.php?rest_route=\/wp\/v2\/media\/19781"}],"wp:attachment":[{"href":"https:\/\/atecordoba.org\/index.php?rest_route=%2Fwp%2Fv2%2Fmedia&parent=13088"}],"wp:term":[{"taxonomy":"category","embeddable":true,"href":"https:\/\/atecordoba.org\/index.php?rest_route=%2Fwp%2Fv2%2Fcategories&post=13088"},{"taxonomy":"post_tag","embeddable":true,"href":"https:\/\/atecordoba.org\/index.php?rest_route=%2Fwp%2Fv2%2Ftags&post=13088"}],"curies":[{"name":"wp","href":"https:\/\/api.w.org\/{rel}","templated":true}]}}