{"id":13076,"date":"2020-05-29T10:11:48","date_gmt":"2020-05-29T13:11:48","guid":{"rendered":"https:\/\/www.atecordoba.org\/?p=13076"},"modified":"2020-06-09T14:20:58","modified_gmt":"2020-06-09T17:20:58","slug":"51-ollas-a-51-anos-del-cordobazo","status":"publish","type":"post","link":"https:\/\/atecordoba.org\/?p=13076","title":{"rendered":"51 ollas a 51 a\u00f1os del Cordobazo"},"content":{"rendered":"\n<p><em>Trabajadores y trabajadoras de distintos sectores realizan hoy una jornada de lucha conmemorando los 51 a\u00f1os del Cordobazo y actualizando las demandas de esta gesta hist\u00f3rica. Apuntan contra el Gobierno de la Provincia de C\u00f3rdoba y denuncian el ajuste brutal sobre les trabajadores y quienes menos tienen.<\/em><\/p>\n\n\n\n<div class=\"wp-block-image\"><figure class=\"aligncenter size-large\"><img decoding=\"async\" src=\"http:\/\/atecordoba.org\/wp-content\/uploads\/2020\/06\/ollas-populares-maru-olazabal-1024x576.jpg\" alt=\"\" class=\"wp-image-13077\"\/><\/figure><\/div>\n\n\n\n<p>(Por La Tinta, texto y fotos)<\/p>\n\n\n\n<p>\u201cEl gobierno de Schiaretti utiliza la pandemia como excusa para decretar, pr\u00e1cticamente de manera arbitraria, una serie de medidas antipopulares que generan mucho malestar\u201d, explic\u00f3\u00a0Federico Giuliani,\u00a0Secretario General de la\u00a0<em>Central de Trabajadores de la Argentina Aut\u00f3noma<\/em>\u00a0(CTAA) de C\u00f3rdoba.<\/p>\n\n\n\n<p>Desde el mediod\u00eda de la jornada de hoy, se llevar\u00e1n adelante 51 ollas populares en distintos puntos de la provincia de C\u00f3rdoba:\u00a0\u201cAs\u00ed como el capitalismo se recicla y se reconvierte, nosotros tenemos el desaf\u00edo de reinventarnos en tiempos de pandemia\u201d, dice Giuliani.\u00a0<\/p>\n\n\n\n<p>Las demandas al Gobierno de la Provincia de C\u00f3rdoba, y un nuevo aniversario del Cordobazo, convoca a un abanico multisectorial a esta jornada de protesta, integrada por el\u00a0<em>Frente de Organizaciones en Lucha<\/em>\u00a0(FOL), la\u00a0<em>Federaci\u00f3n de Organizaciones de Base<\/em>\u00a0(FOB),\u00a0<em>Trabajadores Unidos por la Tierra<\/em>\u00a0(TraUT),\u00a0<em>Frente Nacional contra la Pobreza<\/em>\u00a0(FRENAPO),<em>\u00a0Encuentro de Organizaciones<\/em>\u00a0(EO),\u00a0<em>Movimiento de Trabajadores Excluidos<\/em>\u00a0(MTE),\u00a0<em>Agrupaci\u00f3n Mart\u00edn Fierro, Marta Ju\u00e1rez, Movimiento Campesino de C\u00f3rdoba, La Poderosa,\u00a0Asociaci\u00f3n de Trabajadores del Estado<\/em>\u00a0(ATE), gremios que integran la CTAA, estudiantes universitarios de arquitectura de la\u00a0<em>Universidad Nacional de C\u00f3rdoba<\/em>, representantes de la\u00a0<em>Federaci\u00f3n Universitaria de R\u00edo cuarto.<\/em><\/p>\n\n\n\n<div class=\"wp-block-image\"><figure class=\"aligncenter size-large\"><img decoding=\"async\" src=\"http:\/\/atecordoba.org\/wp-content\/uploads\/2020\/06\/ctep-ollas-populares-supermercados-768x432-1.jpg\" alt=\"\" class=\"wp-image-13078\"\/><\/figure><\/div>\n\n\n\n<p>Para\u00a0Mercedes Ferrero, integrante de\u00a0TraUT, \u201ces muy valioso y oportuno que no haya divisiones entre las y los trabajadores, entre las y los jubilados, entre las y los trabajadores de la econom\u00eda popular y las y los trabajadores la econom\u00eda formal, entre los cooperativistas y las mujeres que estamos organizadas y en lucha\u201d.<\/p>\n\n\n\n<p>El eje central de la acci\u00f3n es el ajuste del Gobierno de C\u00f3rdoba focalizado en los y las trabajadoras, y quienes menos tienen. En el comunicado p\u00fablico difundido, expresan que \u201clas medidas para los sectores populares se siguen demorando o son insuficientes. Pero el hambre, la salud y la dignidad no esperan m\u00e1s\u201d.<\/p>\n\n\n\n<p>Reclaman acciones concretas de todos los niveles de los Estados, en todos los \u00e1mbitos de la vida social. Plantean la necesidad de una Renta B\u00e1sica Universal, el no al pago de la Deuda Externa \u201codiosa, ileg\u00edtima, ilegal, fraudulenta\u201d, contra la criminalizaci\u00f3n de la pobreza y la protesta social, y la militarizaci\u00f3n y el disciplinamiento social por parte de las Fuerzas Represivas del Estado. Adem\u00e1s,\u00a0exigen que se apruebe el impuesto a la Riqueza y se ratifiquen las luchas de las y los trabajadores estatales con la reapertura de paritarias y el pase a planta permanente, la reincorporaci\u00f3n de las y los trabajadores despedidos en el macrismo, unas 700 en C\u00f3rdoba, y mayores cuidados para la primera l\u00ednea de la Salud P\u00fablica.<\/p>\n\n\n\n<figure class=\"wp-block-image size-large\"><img decoding=\"async\" src=\"http:\/\/atecordoba.org\/wp-content\/uploads\/2020\/06\/ctep-olla-emergencia-alimentaria-768x432-1.jpg\" alt=\"\" class=\"wp-image-13079\"\/><\/figure>\n\n\n\n<p><strong>M\u00faltiples demandas<\/strong><\/p>\n\n\n\n<p>En cuanto al sector privado, reclaman por la reducci\u00f3n salarial, los despidos pese al decreto presidencial, por la conformaci\u00f3n de comit\u00e9s mixtos de Seguridad e Higiene Laboral, y por la regulaci\u00f3n del teletrabajo \u201cque precariza, genera una brecha tecnol\u00f3gica importante y donde el trabajador gasta electricidad de su casa, en donde no ten\u00e9s franja horaria, y a las compa\u00f1eras mujeres les genera triple trabajo\u201d<strong>.<\/strong>\u00a0Giuliani expres\u00f3, adem\u00e1s, que se suma la reforma previsional \u201crealizada a espaldas del pueblo entre gallos y medianoche, con una sesi\u00f3n de car\u00e1cter virtual y express donde no solo se le mete mano a los jubilados con una quita importante para adelante, sino que se hipoteca el futuro de quienes hoy son trabajadoras p\u00fablicas de la provincia\u201d.<\/p>\n\n\n\n<p>Desde las organizaciones sociales, se reclama la creaci\u00f3n de un programa espec\u00edfico para el sector, denunciando la suspensi\u00f3n de los programas de empleo, el pago adeudado a trabajadoras de la econom\u00eda popular, la asistencia alimentaria a comedores populares duplicando lo acordado, el abordaje urgente a la emergencia sanitaria de los barrios populares, garantizando el acceso al agua potable y la implementaci\u00f3n inmediata de la ley de agricultura familiar para la seguridad alimentaria.<\/p>\n\n\n\n<p>\u201cPara una persona cuyo \u00fanico sustento es un programa provincial de empleo, es terrible ese recorte, igual que para una persona que tiene que asistir a un comedor y que el espacio est\u00e9 amenazado por falta de recursos. Pasa igual con las trabajadoras que viven al d\u00eda de su esfuerzo diario y la provincia tarda meses en pagarles cuando el trabajo se termina en tiempo y forma\u201d, denuncian desde el EO.<\/p>\n\n\n\n<div class=\"wp-block-image\"><figure class=\"aligncenter size-large\"><img decoding=\"async\" src=\"http:\/\/atecordoba.org\/wp-content\/uploads\/2020\/06\/olla-popular-ctep-cordoba6-768x432-1.jpg\" alt=\"\" class=\"wp-image-13080\"\/><\/figure><\/div>\n\n\n\n<p>En el \u00e1mbito estudiantil universitario, exigen que se garanticen los derechos estudiantiles conquistados, como el funcionamiento de los comedores universitarios, las \u00e1reas de salud de las universidades, las becas de conectividad y por la reapertura de los espacios democr\u00e1ticos y de representaci\u00f3n.<\/p>\n\n\n\n<p>Para Giuliani, C\u00f3rdoba es \u201cuna provincia rica, exportadora de agroalimentos para millones en el mundo, con una matriz de concentraci\u00f3n de la riqueza donde unos pocos grupos ligados a la renta minera, sojera, al juego, los terratenientes y la renta financiera, o relacionada a la obra p\u00fablica, acumularon la riqueza en deterioro de la calidad de vida de nuestro pueblo\u201d.\u00a0Remarca que los \u00edndices de pobreza de la provincia son los m\u00e1s altos del pa\u00eds y que los \u00edndices de desocupaci\u00f3n y la precarizaci\u00f3n laboral est\u00e1n por encima de la media nacional.<\/p>\n\n\n\n<p>El conflicto de transporte urbano e interurbano que hace casi 50 d\u00edas se vive en C\u00f3rdoba impacta fuertemente a \u201clos trabajadores de a pie, aquellos que tienen servicios esenciales y no pueden trasladarse de sus barriadas a los lugares de laburo. Hay una connivencia del gobierno provincial con la patronal para no resolverlo porque el transporte estar\u00eda dando p\u00e9rdida en este marco de aislamiento preventivo, social y obligatorio\u201d, explic\u00f3 Giuliani.<\/p>\n\n\n\n<div class=\"wp-block-image\"><figure class=\"aligncenter size-large\"><img decoding=\"async\" src=\"http:\/\/atecordoba.org\/wp-content\/uploads\/2020\/06\/tosco2-768x432-2.png\" alt=\"\" class=\"wp-image-13082\"\/><\/figure><\/div>\n\n\n\n<p>\u201cAgust\u00edn Tosco tuvo una enorme sensibilidad y la capacidad para captar las necesidades del ser humano de un modo muy profundo. Eso le daba la claridad de ad\u00f3nde hab\u00eda que estar y, de ah\u00ed, su entereza, su firmeza para decir \u2018no\u2019 a todas las formas de domesticaci\u00f3n de la lucha\u201d.\u00a0<\/p>\n\n\n\n<p>Mercedes entiende, adem\u00e1s, que, en este contexto, es importante revalorizar y actualizar el Cordobazo, en tanto \u201cest\u00e1 en juego nuestra libertad, nuestra justicia, nuestra posibilidad de realizarnos como personas, el sufrimiento humano, est\u00e1 en juego que no hay pan, que no hay trabajo, est\u00e1n en juego los recortes a los jubilados, los recortes de las garant\u00edas de sustento de los sectores populares, la autonom\u00eda de las mujeres, los cuidados m\u00e1s b\u00e1sicos como el acceso al agua en los barrios populares<strong>\u201d.<\/strong>\u00a0Para Giuliani, actualizar el Cordobazo significa \u201ccontinuar esa pelea entre un proyecto de liberaci\u00f3n y otro de dependencia, porque esa contradicci\u00f3n sigue estando y hay que dar la pelea (\u2026) Para nosotros, la salida es con m\u00e1s pol\u00edtica, con una mirada popular para que a la crisis no la paguemos los trabajadores\u201d.<\/p>\n\n\n\n<p>\u201cEst\u00e1 en nuestras manos decir que no pueden solucionar esto meti\u00e9ndole la mano en el bolsillo a una mujer a cargo de cuatro hijos y que no est\u00e1 pudiendo salir a realizar sus trabajos habituales por el contexto de la pandemia, y que les da de comer con eso\u201d, expres\u00f3 Marcedes, \u201ceso es de un nivel de crueldad que la dignidad del pueblo en lucha no puede permitir\u201d.<\/p>\n","protected":false},"excerpt":{"rendered":"<p>Trabajadores y trabajadoras de distintos sectores realizan hoy una jornada de lucha conmemorando los 51 a\u00f1os del Cordobazo y actualizando las demandas de esta gesta hist\u00f3rica. Apuntan contra el Gobierno de la Provincia de C\u00f3rdoba y denuncian el ajuste brutal sobre les trabajadores y quienes menos tienen. (Por La Tinta, texto y fotos) \u201cEl gobierno [&hellip;]<\/p>\n","protected":false},"author":1,"featured_media":19786,"comment_status":"open","ping_status":"open","sticky":true,"template":"","format":"standard","meta":{"_exactmetrics_skip_tracking":false,"_exactmetrics_sitenote_active":false,"_exactmetrics_sitenote_note":"","_exactmetrics_sitenote_category":0,"jnews-multi-image_gallery":[],"jnews_single_post":[],"jnews_primary_category":[],"jnews_social_meta":[],"jnews_review":[],"enable_review":"","type":"","name":"","summary":"","brand":"","sku":"","good":[],"bad":[],"score_override":"","override_value":"","rating":[],"price":[],"jnews_override_counter":[],"jnews_post_split":[],"footnotes":""},"categories":[10,92],"tags":[334],"class_list":["post-13076","post","type-post","status-publish","format-standard","has-post-thumbnail","hentry","category-accion-politica","category-cta","tag-medidas-de-fuerza"],"jetpack_featured_media_url":"https:\/\/atecordoba.org\/wp-content\/uploads\/2020\/06\/ctep-ollas-populares-supermercados-768x432-1.jpg","_links":{"self":[{"href":"https:\/\/atecordoba.org\/index.php?rest_route=\/wp\/v2\/posts\/13076","targetHints":{"allow":["GET"]}}],"collection":[{"href":"https:\/\/atecordoba.org\/index.php?rest_route=\/wp\/v2\/posts"}],"about":[{"href":"https:\/\/atecordoba.org\/index.php?rest_route=\/wp\/v2\/types\/post"}],"author":[{"embeddable":true,"href":"https:\/\/atecordoba.org\/index.php?rest_route=\/wp\/v2\/users\/1"}],"replies":[{"embeddable":true,"href":"https:\/\/atecordoba.org\/index.php?rest_route=%2Fwp%2Fv2%2Fcomments&post=13076"}],"version-history":[{"count":1,"href":"https:\/\/atecordoba.org\/index.php?rest_route=\/wp\/v2\/posts\/13076\/revisions"}],"predecessor-version":[{"id":19860,"href":"https:\/\/atecordoba.org\/index.php?rest_route=\/wp\/v2\/posts\/13076\/revisions\/19860"}],"wp:featuredmedia":[{"embeddable":true,"href":"https:\/\/atecordoba.org\/index.php?rest_route=\/wp\/v2\/media\/19786"}],"wp:attachment":[{"href":"https:\/\/atecordoba.org\/index.php?rest_route=%2Fwp%2Fv2%2Fmedia&parent=13076"}],"wp:term":[{"taxonomy":"category","embeddable":true,"href":"https:\/\/atecordoba.org\/index.php?rest_route=%2Fwp%2Fv2%2Fcategories&post=13076"},{"taxonomy":"post_tag","embeddable":true,"href":"https:\/\/atecordoba.org\/index.php?rest_route=%2Fwp%2Fv2%2Ftags&post=13076"}],"curies":[{"name":"wp","href":"https:\/\/api.w.org\/{rel}","templated":true}]}}