{"id":13073,"date":"2020-05-29T09:50:38","date_gmt":"2020-05-29T12:50:38","guid":{"rendered":"https:\/\/www.atecordoba.org\/?p=13073"},"modified":"2020-06-09T14:22:35","modified_gmt":"2020-06-09T17:22:35","slug":"ate-le-exige-al-gobierno-la-inmediata-convocatoria-a-la-paritaria","status":"publish","type":"post","link":"https:\/\/atecordoba.org\/?p=13073","title":{"rendered":"ATE le exige al Gobierno la inmediata convocatoria a la paritaria"},"content":{"rendered":"\n<p><em>Ante las sucesivas reuniones y la falta de respuesta, ATE reclama que se inicie el di\u00e1logo de la cuesti\u00f3n salarial y de los \u00e1mbitos laborales.<\/em><\/p>\n\n\n\n<div class=\"wp-block-image\"><figure class=\"aligncenter size-large\"><img decoding=\"async\" src=\"http:\/\/atecordoba.org\/wp-content\/uploads\/2020\/06\/ate-nacional_bandera-grande.jpg\" alt=\"\" class=\"wp-image-13074\"\/><figcaption>Movilizaci\u00f3n de ATE en reclamo de paritarias (archivo).<\/figcaption><\/figure><\/div>\n\n\n\n<p>A d\u00edas de finalizar el mes de mayo, fecha en que se debi\u00f3 comenzar las negociaciones paritarias, la Asociaci\u00f3n de Trabajadores del Estado le exige al Gobierno que convoque de manera urgente para encauzar el di\u00e1logo entre las partes.<\/p>\n\n\n\n<p>El Secretario General de ATE, Hugo \u201cCachorro\u201d Godoy explic\u00f3 que \u201cel Gobierno le esta adeudando a las y los trabajadores estatales la revisi\u00f3n de la paritaria pautada de noviembre de 2019 y marzo de 2020, pero lleg\u00f3 mayo y todav\u00eda no ha convocado al \u00e1mbito paritario para terminar de cerrar la cuesti\u00f3n salarial ni las discusiones de los \u00e1mbitos laborales\u201d.<\/p>\n\n\n\n<p>\u201cComo ya lo hemos expresado anteriormente, antes de discutir el periodo 2020\/2021 hay que cerrar la paritaria 2019\/2020. Tenemos que recuperarnos de los derechos que hemos perdido en retraso salarios y perjuicios laborales\u201d, agreg\u00f3 Godoy.<\/p>\n\n\n\n<p>El titular de ATE adem\u00e1s subray\u00f3 que \u201cla situaci\u00f3n se hace m\u00e1s urgente a partir de la pandemia que agudiz\u00f3 la crisis econ\u00f3mica. Nosotros tenemos trabajadores en la primera l\u00ednea, en tareas de atenci\u00f3n esencial como por ejemplo las y los trabajadores de la salud que para colmo todav\u00eda no han percibido los aumentos anunciados por el Gobierno; y en varios organismos m\u00e1s como es el caso de Senasa y otras \u00e1reas del Estado que est\u00e1n cumpliendo tareas exponiendo sus vidas pero a conciencia de atender las necesidades de la poblaci\u00f3n en esta emergencia sanitaria\u201d.<\/p>\n","protected":false},"excerpt":{"rendered":"<p>Ante las sucesivas reuniones y la falta de respuesta, ATE reclama que se inicie el di\u00e1logo de la cuesti\u00f3n salarial y de los \u00e1mbitos laborales. A d\u00edas de finalizar el mes de mayo, fecha en que se debi\u00f3 comenzar las negociaciones paritarias, la Asociaci\u00f3n de Trabajadores del Estado le exige al Gobierno que convoque de [&hellip;]<\/p>\n","protected":false},"author":1,"featured_media":19779,"comment_status":"open","ping_status":"open","sticky":true,"template":"","format":"standard","meta":{"_exactmetrics_skip_tracking":false,"_exactmetrics_sitenote_active":false,"_exactmetrics_sitenote_note":"","_exactmetrics_sitenote_category":0,"jnews-multi-image_gallery":[],"jnews_single_post":[],"jnews_primary_category":[],"jnews_social_meta":[],"jnews_review":[],"enable_review":"","type":"","name":"","summary":"","brand":"","sku":"","good":[],"bad":[],"score_override":"","override_value":"","rating":[],"price":[],"jnews_override_counter":[],"jnews_post_split":[],"footnotes":""},"categories":[18],"tags":[343,339],"class_list":["post-13073","post","type-post","status-publish","format-standard","has-post-thumbnail","hentry","category-nacionales","tag-consejo-directivo-nacional","tag-paritaria-nacional"],"jetpack_featured_media_url":"https:\/\/atecordoba.org\/wp-content\/uploads\/2020\/06\/100836816_10158356592239805_2076040410379059200_n.jpg","_links":{"self":[{"href":"https:\/\/atecordoba.org\/index.php?rest_route=\/wp\/v2\/posts\/13073","targetHints":{"allow":["GET"]}}],"collection":[{"href":"https:\/\/atecordoba.org\/index.php?rest_route=\/wp\/v2\/posts"}],"about":[{"href":"https:\/\/atecordoba.org\/index.php?rest_route=\/wp\/v2\/types\/post"}],"author":[{"embeddable":true,"href":"https:\/\/atecordoba.org\/index.php?rest_route=\/wp\/v2\/users\/1"}],"replies":[{"embeddable":true,"href":"https:\/\/atecordoba.org\/index.php?rest_route=%2Fwp%2Fv2%2Fcomments&post=13073"}],"version-history":[{"count":1,"href":"https:\/\/atecordoba.org\/index.php?rest_route=\/wp\/v2\/posts\/13073\/revisions"}],"predecessor-version":[{"id":19861,"href":"https:\/\/atecordoba.org\/index.php?rest_route=\/wp\/v2\/posts\/13073\/revisions\/19861"}],"wp:featuredmedia":[{"embeddable":true,"href":"https:\/\/atecordoba.org\/index.php?rest_route=\/wp\/v2\/media\/19779"}],"wp:attachment":[{"href":"https:\/\/atecordoba.org\/index.php?rest_route=%2Fwp%2Fv2%2Fmedia&parent=13073"}],"wp:term":[{"taxonomy":"category","embeddable":true,"href":"https:\/\/atecordoba.org\/index.php?rest_route=%2Fwp%2Fv2%2Fcategories&post=13073"},{"taxonomy":"post_tag","embeddable":true,"href":"https:\/\/atecordoba.org\/index.php?rest_route=%2Fwp%2Fv2%2Ftags&post=13073"}],"curies":[{"name":"wp","href":"https:\/\/api.w.org\/{rel}","templated":true}]}}