{"id":13070,"date":"2020-05-28T14:25:25","date_gmt":"2020-05-28T17:25:25","guid":{"rendered":"https:\/\/www.atecordoba.org\/?p=13070"},"modified":"2020-07-02T12:45:48","modified_gmt":"2020-07-02T15:45:48","slug":"caravana-contra-el-ajuste","status":"publish","type":"post","link":"https:\/\/atecordoba.org\/?p=13070","title":{"rendered":"Caravana contra el ajuste"},"content":{"rendered":"\r\n<p><em>El rechazo al ajuste previsional y los bajos salarios en el Estado provincial, ATE realizar\u00e1 hoy una caravana por las calles del centro de C\u00f3rdoba Capital, a partir de las 17 horas. <\/em><\/p>\r\n\r\n\r\n\r\n<figure class=\"wp-block-image size-large\"><img decoding=\"async\" class=\"wp-image-13071\" src=\"http:\/\/atecordoba.org\/wp-content\/uploads\/2020\/06\/ATE-CARAVANA.jpg\" alt=\"\" \/>\r\n<figcaption>(Archivo)<\/figcaption>\r\n<\/figure>\r\n\r\n\r\n\r\n<p>El Consejo Directivo Provincial convoca para hoy jueves 28 de mayo a todos los estatales a movilizarse con sus veh\u00edculos en una caravana que recorrer\u00e1 el centro de C\u00f3rdoba Capital.<\/p>\r\n\r\n\r\n\r\n<p>La concentraci\u00f3n es a partir de las 17 horas en la sede de ATE, Entre R\u00edos 450 y respetar\u00e1 las estrictas medidas de seguridad sanitaria que ordena la autoridad de salud.<\/p>\r\n\r\n\r\n\r\n<p>Motiva la protesta nuestro repudio a la reducci\u00f3n del beneficio jubilatorio establecido por la ley 10694, aprobada la semana pasada en la Legislatura.<\/p>\r\n\r\n\r\n\r\n<p>Adem\u00e1s, ATE viene reclamando nombramiento de personal en diversos sectores del Estado provincial que no ha tenido respuesta positiva de parte del gobernador Juan Schiaretti.<\/p>\r\n\r\n\r\n\r\n<p>Por \u00faltimo, ATE repudia la pobr\u00edsima pauta salarial otorgada por el gobierno, que no alcanza a cubrir las necesidad de las familias de las y los trabajadores, en momentos que los precios de los insumos b\u00e1sicos aumentan permanentemente, a pesar del congelamiento oficial.<\/p>\r\n\r\n\r\n\r\n<p>&nbsp;<\/p>\r\n\r\n\r\n\r\n<p>&nbsp;<\/p>\r\n","protected":false},"excerpt":{"rendered":"<p>El rechazo al ajuste previsional y los bajos salarios en el Estado provincial, ATE realizar\u00e1 hoy una caravana por las calles del centro de C\u00f3rdoba Capital, a partir de las 17 horas. El Consejo Directivo Provincial convoca para hoy jueves 28 de mayo a todos los estatales a movilizarse con sus veh\u00edculos en una caravana [&hellip;]<\/p>\n","protected":false},"author":1,"featured_media":19783,"comment_status":"open","ping_status":"open","sticky":true,"template":"","format":"standard","meta":{"_exactmetrics_skip_tracking":false,"_exactmetrics_sitenote_active":false,"_exactmetrics_sitenote_note":"","_exactmetrics_sitenote_category":0,"jnews-multi-image_gallery":[],"jnews_single_post":{"subtitle":"","format":"standard","video":"","gallery":"","source_name":"","source_url":"","via_name":"","via_url":"","override_template":"0","override":[{"template":"1","single_blog_custom":"","parallax":"1","fullscreen":"0","layout":"right-sidebar","sidebar":"default-sidebar","second_sidebar":"default-sidebar","sticky_sidebar":"1","share_position":"top","share_float_style":"share-monocrhome","show_share_counter":"1","show_view_counter":"1","show_featured":"1","show_post_meta":"1","show_post_author":"1","show_post_author_image":"1","show_post_date":"1","post_date_format":"default","post_date_format_custom":"Y\/m\/d","show_post_category":"1","show_post_reading_time":"0","post_reading_time_wpm":"300","show_zoom_button":"0","zoom_button_out_step":"2","zoom_button_in_step":"3","show_post_tag":"1","show_prev_next_post":"1","show_popup_post":"1","number_popup_post":"1","show_author_box":"0","show_post_related":"0","show_inline_post_related":"0"}],"override_image_size":"0","image_override":[{"single_post_thumbnail_size":"crop-500","single_post_gallery_size":"crop-500"}],"trending_post":"0","trending_post_position":"meta","trending_post_label":"Trending","sponsored_post":"0","sponsored_post_label":"Sponsored by","sponsored_post_name":"","sponsored_post_url":"","sponsored_post_logo_enable":"0","sponsored_post_logo":"","sponsored_post_desc":""},"jnews_primary_category":{"id":""},"jnews_social_meta":{"fb_title":"","fb_description":"","fb_image":"","twitter_title":"","twitter_description":"","twitter_image":""},"jnews_review":[],"enable_review":"0","type":"percentage","name":"","summary":"","brand":"","sku":"","good":[{"good_text":""}],"bad":[{"bad_text":""}],"score_override":"","override_value":"","rating":[{"rating_text":"","rating_number":"10"}],"price":[{"shop":"","price":"","link":"","icon":""}],"jnews_override_counter":{"override_view_counter":"0","view_counter_number":"0","override_share_counter":"0","share_counter_number":"0","override_like_counter":"0","like_counter_number":"0","override_dislike_counter":"0","dislike_counter_number":"0"},"jnews_post_split":{"enable_post_split":"0","post_split":[{"template":"1","tag":"h2","numbering":"asc","mode":"normal"}]},"footnotes":""},"categories":[341,104,22,8],"tags":[345,344],"class_list":["post-13070","post","type-post","status-publish","format-standard","has-post-thumbnail","hentry","category-cdp","category-departamento-de-salud","category-jubilados","category-provinciales","tag-movilizacion","tag-prevision-social"],"jetpack_featured_media_url":"https:\/\/atecordoba.org\/wp-content\/uploads\/2020\/06\/ATE-CARAVANA.jpg","_links":{"self":[{"href":"https:\/\/atecordoba.org\/index.php?rest_route=\/wp\/v2\/posts\/13070","targetHints":{"allow":["GET"]}}],"collection":[{"href":"https:\/\/atecordoba.org\/index.php?rest_route=\/wp\/v2\/posts"}],"about":[{"href":"https:\/\/atecordoba.org\/index.php?rest_route=\/wp\/v2\/types\/post"}],"author":[{"embeddable":true,"href":"https:\/\/atecordoba.org\/index.php?rest_route=\/wp\/v2\/users\/1"}],"replies":[{"embeddable":true,"href":"https:\/\/atecordoba.org\/index.php?rest_route=%2Fwp%2Fv2%2Fcomments&post=13070"}],"version-history":[{"count":1,"href":"https:\/\/atecordoba.org\/index.php?rest_route=\/wp\/v2\/posts\/13070\/revisions"}],"predecessor-version":[{"id":19844,"href":"https:\/\/atecordoba.org\/index.php?rest_route=\/wp\/v2\/posts\/13070\/revisions\/19844"}],"wp:featuredmedia":[{"embeddable":true,"href":"https:\/\/atecordoba.org\/index.php?rest_route=\/wp\/v2\/media\/19783"}],"wp:attachment":[{"href":"https:\/\/atecordoba.org\/index.php?rest_route=%2Fwp%2Fv2%2Fmedia&parent=13070"}],"wp:term":[{"taxonomy":"category","embeddable":true,"href":"https:\/\/atecordoba.org\/index.php?rest_route=%2Fwp%2Fv2%2Fcategories&post=13070"},{"taxonomy":"post_tag","embeddable":true,"href":"https:\/\/atecordoba.org\/index.php?rest_route=%2Fwp%2Fv2%2Ftags&post=13070"}],"curies":[{"name":"wp","href":"https:\/\/api.w.org\/{rel}","templated":true}]}}