{"id":13066,"date":"2020-05-28T08:32:30","date_gmt":"2020-05-28T11:32:30","guid":{"rendered":"https:\/\/www.atecordoba.org\/?p=13066"},"modified":"2020-06-09T14:39:56","modified_gmt":"2020-06-09T17:39:56","slug":"delegados-de-ate-senasa-participaron-de-la-mesa-de-relaciones-laborales","status":"publish","type":"post","link":"https:\/\/atecordoba.org\/?p=13066","title":{"rendered":"Delegados de ATE SENASA participaron de la Mesa de Relaciones Laborales"},"content":{"rendered":"\n<p><em>ATE reclam\u00f3 el pago del bono por tareas esenciales, nombramiento de personal, planta permanente para los concursos pendientes desde 2015 y el relevamiento de las y los mandos medios del organismo durante el gobierno macrista se dedicaron a hostigar a los trabajadores del organismo. Reconocimiento del nuevo espacio de di\u00e1logo.<\/em><\/p>\n\n\n\n<div class=\"wp-block-image\"><figure class=\"aligncenter size-large\"><img decoding=\"async\" src=\"http:\/\/atecordoba.org\/wp-content\/uploads\/2020\/06\/senasa_zoom.png\" alt=\"\" class=\"wp-image-13067\"\/><\/figure><\/div>\n\n\n\n<p>El pasado mi\u00e9rcoles 20 de mayo se llev\u00f3 a cabo de manera virtual la primera reuni\u00f3n de Mesa de Relaciones Laborales del Centro Regional C\u00f3rdoba del Servicio Nacional de Sanidad y Calidad Agroalimentaria (SENASA).<\/p>\n\n\n\n<p>En representaci\u00f3n del organismo agroalimentario participaron, por Casa Central, Jos\u00e9 Luis&nbsp; Fuentes (Director General T\u00e9cnico y Administrativo), Vladimir Smolyn (Director de Recursos Humanos), Dami\u00e1n Laino (Coordinador General de Recursos Humanos) y Mat\u00edas Pantano (Coordinador de Higiene y Seguridad en el Trabajo). En tanto, por el Centro Regional C\u00f3rdoba, estuvieron presentes su director, Aldo Combessies, acompa\u00f1ado de las referentes de Recursos Humanos y Administraci\u00f3n de la provincia, Natalia Far\u00edas y Laura Solano respectivamente, los Coordinadores Tem\u00e1ticos de las \u00e1reas operativas Sanidad Animal (Alejandro Boatti) e Inocuidad (Gustavo Zabaleta), entre otras y otros funcionarios.<\/p>\n\n\n\n<p>Por la Asociaci\u00f3n Trabajadores del Estado, estuvieron presentes los trabajadores del organismo y delegados paritarios y gremiales Alejandra Agnone y Federico G\u00f3mez Vega, por C\u00f3rdoba, y Mat\u00edas Giuliani, por R\u00edo Cuarto.<\/p>\n\n\n\n<p>En la oportunidad, se hizo un an\u00e1lisis de situaci\u00f3n en el marco de la pandemia COVID-19, pasando revista a la realidad del servicio que est\u00e1 prestando el organismo en C\u00f3rdoba.<\/p>\n\n\n\n<p>Desde ATE celebraron la apertura de esta Mesa de di\u00e1logo, instancia lograda gracias al pedido constante de dicho sindicato en Casa Central ante la necesidad de regionalizar la discusi\u00f3n con las autoridades, teniendo en cuenta que es un Organismo que opera a lo largo y ancho del pa\u00eds y las realidades cambian seg\u00fan las regiones.<\/p>\n\n\n\n<p>En tal sentido, la delegada Agnone manifest\u00f3 que \u201cla reuni\u00f3n fue muy positiva porque pudimos hablar mucho y manifestar nuestras preocupaciones, adem\u00e1s pudimos expresar nuestros lineamientos como sindicato\u201d.<\/p>\n\n\n\n<p>Entre los planteos y reclamos realizados se destacan:<\/p>\n\n\n\n<ul class=\"wp-block-list\"><li>exigir que los protocolos sanitarios que se est\u00e1n implementando por el COVID-19, perduren en el tiempo como pol\u00edtica sanitaria del Servicio, para evitar cualquier accidente o enfermedad laboral. Para tal fin se reclam\u00f3 la dotaci\u00f3n a todas las Oficinas de materiales de bioseguridad necesarios y establecer un sector adecuado para la correcta toma, procesamiento y deshecho de muestras.<\/li><li>otorgamiento de los elementos de protecci\u00f3n personal y pago de la tasa aeroportuaria para los agentes del organismo que se desempe\u00f1an en el Aeropuerto C\u00f3rdoba.<\/li><li>ropa de trabajo e institucional para todos y todas las agentes, como as\u00ed tambi\u00e9n materiales e insumos para todas las oficinas y veh\u00edculos oficiales para el sur provincial.<\/li><li>pago del bono de $5000 previsto para las tareas esenciales para todos y todas las agentes del Organismo, que se encuentran cumpliendo funciones ya sea en la l\u00ednea de fuego o de manera remota garantizando el cumplimiento de las normas vigentes y sosteniendo el Servicio, tal el pedido realizado en la Mesa de Relaciones Laborales a nivel Nacional.<\/li><li>nombramiento a categor\u00eda \u201cT\u00e9cnico\u201d a todos aquellos agentes asistentes t\u00e9cnicos que desarrollan funciones como tal.<\/li><li>pase a Art\u00edculo 9 a todos los y las trabajadoras que se encuentran bajo la modalidad contractual Art\u00edculo 1109.<\/li><li>corrimientos de grado para todos y todas las trabajadoras seg\u00fan corresponda.<\/li><li>nombramientos en planta permanente para los pendientes de concursos del a\u00f1o 2015 en nuestra provincia.<\/li><li>nombramiento de nuevo personal en toda la provincia. La escasez de recursos humanos repercute directamente en las malas condiciones laborales en los trabajadores, que en muchos casos deben cumplimentar funciones en distintas Oficinas.<\/li><li>relevamiento caso por caso de los y las Mandos Medios no solamente nombrados durante el macrismo y que hoy siguen dentro del Organismo, sino de todos aquellos que persiguieron y hostigaron a los y las compa\u00f1eras durante los \u00faltimos cuatro a\u00f1os.<\/li><li>adem\u00e1s del pedido de apertura de paritarias para discutir mejoras salariales, exigir la apertura de \u00e1mbitos paritarios como COPIC y CyMAT.<\/li><li>informaci\u00f3n sobre el reparto y sistema de los Servicios Requeridos. Pago de Servicios Requeridos E03 a referentes de las distintas \u00e1reas operativas de la provincia que a\u00fan no lo han percibido.<\/li><li>ampliaci\u00f3n de la edad de hijos e hijas de agentes del interior del pa\u00eds para que el reintegro por escolaridad vaya en concordancia con hijos e hijas de agentes que asisten a la Guarder\u00eda de Casa Central.<\/li><li>poner en forma urgente el funcionamiento la Mesa de Crisis Provincial, en concordancia a la nacional, tal lo acordado en la Mesa de Relaciones Laborales Nacional y a la Resoluci\u00f3n 326\/2020, la cual fue creada en ese \u00e1mbito y a tales efectos.<\/li><li>solicitar que este \u00e1mbito de discusi\u00f3n de Mesa de Relaciones Laborales a nivel provincial, tenga continuidad.<\/li><\/ul>\n\n\n\n<p>Luego de casi dos horas de discusi\u00f3n, las autoridades se comprometieron a revisar cada pedido para luego ser debatidos en una nueva reuni\u00f3n con fecha a confirmar.<\/p>\n\n\n\n<p>A la hora de hacer un balance de lo hablado, el delegado Mat\u00edas Giuliani dijo que \u201chemos puesto sobre la mesa planteos y reclamos hist\u00f3ricos de nuestra ATE en el organismo, aunque hayan quedado algunos temas pendientes de discutir como lo es el teletrabajo, modalidad que rechazamos de ra\u00edz, ya que significa una nueva forma de flexibilizar y precarizar el trabajo\u201d, concluy\u00f3.<\/p>\n","protected":false},"excerpt":{"rendered":"<p>ATE reclam\u00f3 el pago del bono por tareas esenciales, nombramiento de personal, planta permanente para los concursos pendientes desde 2015 y el relevamiento de las y los mandos medios del organismo durante el gobierno macrista se dedicaron a hostigar a los trabajadores del organismo. Reconocimiento del nuevo espacio de di\u00e1logo. El pasado mi\u00e9rcoles 20 de [&hellip;]<\/p>\n","protected":false},"author":1,"featured_media":19710,"comment_status":"open","ping_status":"open","sticky":true,"template":"","format":"standard","meta":{"_exactmetrics_skip_tracking":false,"_exactmetrics_sitenote_active":false,"_exactmetrics_sitenote_note":"","_exactmetrics_sitenote_category":0,"jnews-multi-image_gallery":[],"jnews_single_post":[],"jnews_primary_category":[],"jnews_social_meta":[],"jnews_review":[],"enable_review":"","type":"","name":"","summary":"","brand":"","sku":"","good":[],"bad":[],"score_override":"","override_value":"","rating":[],"price":[],"jnews_override_counter":[],"jnews_post_split":[],"footnotes":""},"categories":[18],"tags":[343,46],"class_list":["post-13066","post","type-post","status-publish","format-standard","has-post-thumbnail","hentry","category-nacionales","tag-consejo-directivo-nacional","tag-senasa"],"jetpack_featured_media_url":"https:\/\/atecordoba.org\/wp-content\/uploads\/2020\/06\/senasa-2-e1591729198541.jpg","_links":{"self":[{"href":"https:\/\/atecordoba.org\/index.php?rest_route=\/wp\/v2\/posts\/13066","targetHints":{"allow":["GET"]}}],"collection":[{"href":"https:\/\/atecordoba.org\/index.php?rest_route=\/wp\/v2\/posts"}],"about":[{"href":"https:\/\/atecordoba.org\/index.php?rest_route=\/wp\/v2\/types\/post"}],"author":[{"embeddable":true,"href":"https:\/\/atecordoba.org\/index.php?rest_route=\/wp\/v2\/users\/1"}],"replies":[{"embeddable":true,"href":"https:\/\/atecordoba.org\/index.php?rest_route=%2Fwp%2Fv2%2Fcomments&post=13066"}],"version-history":[{"count":1,"href":"https:\/\/atecordoba.org\/index.php?rest_route=\/wp\/v2\/posts\/13066\/revisions"}],"predecessor-version":[{"id":19863,"href":"https:\/\/atecordoba.org\/index.php?rest_route=\/wp\/v2\/posts\/13066\/revisions\/19863"}],"wp:featuredmedia":[{"embeddable":true,"href":"https:\/\/atecordoba.org\/index.php?rest_route=\/wp\/v2\/media\/19710"}],"wp:attachment":[{"href":"https:\/\/atecordoba.org\/index.php?rest_route=%2Fwp%2Fv2%2Fmedia&parent=13066"}],"wp:term":[{"taxonomy":"category","embeddable":true,"href":"https:\/\/atecordoba.org\/index.php?rest_route=%2Fwp%2Fv2%2Fcategories&post=13066"},{"taxonomy":"post_tag","embeddable":true,"href":"https:\/\/atecordoba.org\/index.php?rest_route=%2Fwp%2Fv2%2Ftags&post=13066"}],"curies":[{"name":"wp","href":"https:\/\/api.w.org\/{rel}","templated":true}]}}