{"id":13059,"date":"2020-05-27T12:18:00","date_gmt":"2020-05-27T15:18:00","guid":{"rendered":"https:\/\/www.atecordoba.org\/?p=13059"},"modified":"2020-06-09T14:25:46","modified_gmt":"2020-06-09T17:25:46","slug":"ate-se-suma-la-jornada-provincial-de-protesta-con-organizaciones-sociales-y-sindicales","status":"publish","type":"post","link":"https:\/\/atecordoba.org\/?p=13059","title":{"rendered":"ATE se suma  la jornada provincial de protesta con organizaciones sociales y sindicales"},"content":{"rendered":"\n<p><em>La protesta se defini\u00f3 en un plenario realizado de forma virtual. Se realizar\u00e1n ollas populares en distintos puntos de la provincia y distintas acciones de protesta en repudio del ajuste previsional de Schiaretti y exigiendo que la asistencia alimentaria llegue a los barriadas m\u00e1s castigadas por el parate de la actividad econ\u00f3mica. Rechazo a la criminalizaci\u00f3n de la protesta social, la militarizaci\u00f3n de barrios populares y en reclamo a la reincorporaci\u00f3n de los despedidos del macrismo.<\/em><\/p>\n\n\n\n<div class=\"wp-block-image\"><figure class=\"aligncenter size-large\"><img decoding=\"async\" src=\"http:\/\/atecordoba.org\/wp-content\/uploads\/2020\/06\/100836816_10158356592239805_2076040410379059200_n.jpg\" alt=\"\" class=\"wp-image-13061\"\/><\/figure><\/div>\n\n\n\n<p>En una enriquecedora instancia de debate y unidad de CTA Aut\u00f3noma provincia C\u00f3rdoba, donde se sumaron diversas organizaciones sociales y gremiales del campo popular, ayer se acord\u00f3 llevar a cabo una jornada provincial de protesta el pr\u00f3ximo 29 de mayo, con ollas populares, asambleas y diversas acciones p\u00fablicas y virtuales, en rechazo del brutal ajuste previsional de Schiaretti y la asistencia alimentaria efectiva para los barrios populares m\u00e1s afectados por el parate econ\u00f3mico derivado de la pandemia.<\/p>\n\n\n\n<p>Con un sentido homenaje al Cordobazo, cuya resplandor aun ilumina la acci\u00f3n de las organizaciones populares y ser\u00e1 uno de los ejes de homenaje del viernes pr\u00f3ximo, el plenario cont\u00f3 la presencia de representantes de las Regionales de CTA de Rio Cuarto, Villa Mar\u00eda, San Francisco, Rio Tercero y C\u00f3rdoba Capital, con algunos de sus espacios sindicales y territoriales de CTAA, as\u00ed como movimientos sociales que la nuclean (Federaci\u00f3n Nacional Territorial -FeNaT).<\/p>\n\n\n\n<p>Adem\u00e1s participaron sindicatos amigos y organizaciones sociales como los Aceiteros de Tancacha y junto a referentes del Encuentro de Organizaciones (EO), Trabajadoras Unidas de la Tierra (TraUT), Federaci\u00f3n Organizaciones en Lucha (Fol), Frente Nacional y Popular (FreNaPo), Frente Organizaciones de Base (FOB), Movimiento Trabajadorxs Excluidos (MTe), Centro de Estudiantes de Arquitectura de la Universidad Nacional de C\u00f3rdoba y la Confederaci\u00f3n Trabajadores Federados (CTF).<\/p>\n\n\n\n<p>Tal como detallan los compa\u00f1eros que participaron del encuentro, luego de debatir y caracterizar la situaci\u00f3n nacional, provincial y regional, se defini\u00f3 avanzar en conjunto en una jornada de protesta, avalando la iniciativa de la Central, en la Jornada Provincial de Lucha del 29 de mayo, con ollas populares, sentadas y asambleas, para expresar el rechazo al ajuste de las jubilaciones provinciales que aprob\u00f3 Schiaretti en la Legislatura y a la falta de ayuda social de Naci\u00f3n, Provincia y Municipios.<\/p>\n\n\n\n<p>En esa l\u00ednea, todas las organizaciones repudiaron la criminalizaci\u00f3n de la Protesta Social y Gremial, la militarizaci\u00f3n de las barriadas populares, en reclamo por la reincorporaci\u00f3n de las y los despedidos en el Estado Nacional por el macrismo, la urgente apertura paritaria en el \u00e1mbito p\u00fablico y privado, exigiendo el pase a planta permanente de las y los precarizados, exigiendo el restablecimiento de los programas de empleo que dio de baja el Gobierno Provincial, entre otros \u00edtems.<\/p>\n\n\n\n<div class=\"wp-block-image\"><figure class=\"aligncenter size-large\"><img decoding=\"async\" src=\"http:\/\/atecordoba.org\/wp-content\/uploads\/2020\/06\/100679910_10158356592159805_7674619555905273856_n-1.jpg\" alt=\"\" class=\"wp-image-13062\"\/><\/figure><\/div>\n\n\n\n<p>Las consigna que define la jornada de protesta ser\u00e1 \u201cUnidad para que la crisis no la pague el pueblo\u201d porque \u201cNadie se salva solx\u201d.<\/p>\n\n\n\n<p>La metodolog\u00eda respetar\u00e1 los cuidados que establece el protocolo de distanciamiento social, con barbijos y mantenimiento de la distancia adecuada para evitar contagios.<\/p>\n\n\n\n<p>En ese contexto, ATE C\u00f3rdoba <a href=\"https:\/\/www.atecordoba.org\/archivos\/13056\">expres\u00f3<\/a> que \u201csolo el pueblo salvar\u00e1 al pueblo\u201d y asegur\u00f3 que \u201ces tiempo de unidad y lucha para defender nuestras hist\u00f3ricas conquistas como Pueblo e ir por las que a\u00fan quedan pendientes. Nuestro Pueblo ha demostrado que cuando se dispone, con iniciativa, es invencible\u201d.<\/p>\n\n\n\n<p>A su vez, desde la CTA-A Villa Mar\u00eda, Gustavo Vilchez detall\u00f3 que hay una agenda de reivindicaciones que no pueden esperar. Los trabajadores de la F\u00e1brica Militar no han tenido respuesta al reclamo de reincorporaci\u00f3n de los despedidos durante el gobierno macrista y adelant\u00f3 que realizar\u00e1n una conferencia de prensa junto a CGT para repudiar el ajuste en las jubilaciones de Schiaretti. Adem\u00e1s, llevar\u00e1n a cabo tres ollas populares conjuntamente con la CGT, dos en barrios populares y otra en la sede de AOITA, con las y los compa\u00f1eros de casas particulares, calculando alrededor de 600 porciones. \u201cLos choferes de media distancia hace un mes que no cobran el sueldo\u201d, resumi\u00f3.<\/p>\n\n\n\n<p>A su vez, desde la CTA-A R\u00edo Tercero, Dami\u00e1n Albornoz afirm\u00f3 que se realizar\u00e1n dos ollas populares y desde San Francisco, la compa\u00f1era Gladys Medina de la Fenat, sum\u00f3 otras dos ollas populares m\u00e1s.<\/p>\n\n\n\n<p>Por su parte, el compa\u00f1ero Nacho de la Corriente Nacional Mart\u00edn Fierro por la comuna Villa Ciudad Parque, afirm\u00f3 que \u201cest\u00e1n dadas las condiciones para una jornada de lucha provincial. C\u00f3rdoba est\u00e1 incendiada socialmente, con la reforma previsional y un ajuste general a contramano de lo que necesita el pueblo\u201d. De la misma forma, Mar\u00eda Isabel, junto a la FRENAPO, adelant\u00f3 la organizaci\u00f3n de otras 15 ollas populares m\u00e1s.<\/p>\n\n\n\n<p>Jes\u00fas Chirino, del gremio de municipales de Villa Mar\u00eda asegur\u00f3 que \u201cel hambre camina a pasos agigantados y nos roban el futuro con los recortes a las jubilaciones\u201d. El dirigente afirm\u00f3 que se llevar\u00e1n a cabo desde su organizaci\u00f3n cuatro ollas populares m\u00e1s porque \u201cel hambre est\u00e1 siendo muy grande\u201d.<\/p>\n\n\n\n<div class=\"wp-block-image\"><figure class=\"aligncenter size-large\"><img decoding=\"async\" src=\"http:\/\/atecordoba.org\/wp-content\/uploads\/2020\/06\/WhatsApp-Image-2020-05-27-at-10.27.58-2.jpg\" alt=\"\" class=\"wp-image-13064\"\/><\/figure><\/div>\n\n\n\n<p>Desde R\u00edo Cuarto Rafaela Alcoba, secretaria General de ATE dijo que la Jornada de protesta se realizar\u00e1 con recorridas por los lugares de trabajo y repudi\u00f3 \u201cla criminalizaci\u00f3n dela protesta\u201d.<\/p>\n\n\n\n<p>Mercedes, de TraUT, agreg\u00f3 que \u201cla esperanza est\u00e1 puesta en abonar la unidad y reforzar la solidaridad de clase con la acci\u00f3n del 29 de mayo\u201d. Y afirm\u00f3 que se har\u00e1n ollas populares en Despe\u00f1aderos, San Agust\u00edn y otras localidades.<\/p>\n\n\n\n<p>A su turno, la secretaria de Prensa de la CTA-A, Julia Giuliani, inst\u00f3 a las organizaciones a \u201ctejer redes con equipos de comunicaci\u00f3n de cada organizaci\u00f3n para trabajar y posicionar la jornada\u201d.<\/p>\n\n\n\n<p>En conjunto, los compa\u00f1eros cuestionaron el unicato sindical y que pr\u00e1cticas similares se llevan a cabo en el \u00e1mbito de las organizaciones sociales, para terminar reclamando que la asistencia alimentaria \u201cllegue a todas las organizaciones por igual\u201d.<\/p>\n","protected":false},"excerpt":{"rendered":"<p>La protesta se defini\u00f3 en un plenario realizado de forma virtual. Se realizar\u00e1n ollas populares en distintos puntos de la provincia y distintas acciones de protesta en repudio del ajuste previsional de Schiaretti y exigiendo que la asistencia alimentaria llegue a los barriadas m\u00e1s castigadas por el parate de la actividad econ\u00f3mica. Rechazo a la [&hellip;]<\/p>\n","protected":false},"author":1,"featured_media":19778,"comment_status":"open","ping_status":"open","sticky":true,"template":"","format":"standard","meta":{"_exactmetrics_skip_tracking":false,"_exactmetrics_sitenote_active":false,"_exactmetrics_sitenote_note":"","_exactmetrics_sitenote_category":0,"jnews-multi-image_gallery":[],"jnews_single_post":[],"jnews_primary_category":[],"jnews_social_meta":[],"jnews_review":[],"enable_review":"","type":"","name":"","summary":"","brand":"","sku":"","good":[],"bad":[],"score_override":"","override_value":"","rating":[],"price":[],"jnews_override_counter":[],"jnews_post_split":[],"footnotes":""},"categories":[10,92],"tags":[334],"class_list":["post-13059","post","type-post","status-publish","format-standard","has-post-thumbnail","hentry","category-accion-politica","category-cta","tag-medidas-de-fuerza"],"jetpack_featured_media_url":"https:\/\/atecordoba.org\/wp-content\/uploads\/2020\/06\/WhatsApp-Image-2020-05-27-at-10.27.58.jpg","_links":{"self":[{"href":"https:\/\/atecordoba.org\/index.php?rest_route=\/wp\/v2\/posts\/13059","targetHints":{"allow":["GET"]}}],"collection":[{"href":"https:\/\/atecordoba.org\/index.php?rest_route=\/wp\/v2\/posts"}],"about":[{"href":"https:\/\/atecordoba.org\/index.php?rest_route=\/wp\/v2\/types\/post"}],"author":[{"embeddable":true,"href":"https:\/\/atecordoba.org\/index.php?rest_route=\/wp\/v2\/users\/1"}],"replies":[{"embeddable":true,"href":"https:\/\/atecordoba.org\/index.php?rest_route=%2Fwp%2Fv2%2Fcomments&post=13059"}],"version-history":[{"count":1,"href":"https:\/\/atecordoba.org\/index.php?rest_route=\/wp\/v2\/posts\/13059\/revisions"}],"predecessor-version":[{"id":19864,"href":"https:\/\/atecordoba.org\/index.php?rest_route=\/wp\/v2\/posts\/13059\/revisions\/19864"}],"wp:featuredmedia":[{"embeddable":true,"href":"https:\/\/atecordoba.org\/index.php?rest_route=\/wp\/v2\/media\/19778"}],"wp:attachment":[{"href":"https:\/\/atecordoba.org\/index.php?rest_route=%2Fwp%2Fv2%2Fmedia&parent=13059"}],"wp:term":[{"taxonomy":"category","embeddable":true,"href":"https:\/\/atecordoba.org\/index.php?rest_route=%2Fwp%2Fv2%2Fcategories&post=13059"},{"taxonomy":"post_tag","embeddable":true,"href":"https:\/\/atecordoba.org\/index.php?rest_route=%2Fwp%2Fv2%2Ftags&post=13059"}],"curies":[{"name":"wp","href":"https:\/\/api.w.org\/{rel}","templated":true}]}}