{"id":13056,"date":"2020-05-27T11:04:03","date_gmt":"2020-05-27T14:04:03","guid":{"rendered":"https:\/\/www.atecordoba.org\/?p=13056"},"modified":"2020-06-09T15:03:40","modified_gmt":"2020-06-09T18:03:40","slug":"por-una-gran-jornada-de-lucha-y-organizacion-popular-el-29-de-mayo","status":"publish","type":"post","link":"https:\/\/atecordoba.org\/?p=13056","title":{"rendered":"Por una gran jornada de lucha y  organizaci\u00f3n popular el 29 de Mayo"},"content":{"rendered":"\r\n<p><em>Este 29 de mayo, aniversario del Cordobazo, recordamos que venimos con la fuerza de la historia y el compromiso que el presente nos demanda para dejar bien en claro que esta crisis no la pagaremos los trabajadores.<\/em><\/p>\r\n\r\n\r\n\r\n<figure class=\"wp-block-image size-large\"><img decoding=\"async\" class=\"wp-image-13057\" src=\"http:\/\/atecordoba.org\/wp-content\/uploads\/2020\/06\/WhatsApp-Image-2020-05-27-at-10.27.58.jpg\" alt=\"\" \/><\/figure>\r\n\r\n\r\n\r\n<p>Aunque los monopolios, los especuladores del capital financiero, los grandes grupos de poder concentrado, est\u00e1n empecinados en ajustar a quienes trabajamos y cargar sobre nuestras espaldas los costos de la crisis. Aprovechar que el aislamiento nos mantiene en nuestras casas confinadas\/os para recortar jubilaciones, salarios, imponer largas jornadas a trav\u00e9s del teletrabajo y tratar de extender a perpetuidad los contratos basura. Son los que trabajan para la pobreza y la informalidad laboral de millones de argentinas y argentinos.<\/p>\r\n\r\n\r\n\r\n<p>En este juego de extorsiones y especulaciones, los Estados terminan destinando m\u00e1s recursos para ellos que para las poblaciones y convalidando acuerdos de c\u00fapulas para seguir recortando el salario directo y las jubilaciones para garantizar el pago de la deuda ileg\u00edtima y odiosa; mientras tanto los empresarios aprietan para que el estado les pague el salario de sus trabajadores.<\/p>\r\n\r\n\r\n\r\n<p>Nos enferman, nos ajustan, nos dejan sin trabajar, nos presionan, nos asustan.<\/p>\r\n\r\n\r\n\r\n<p>Y entonces nos prestan plata para que se la devolvamos con intereses y precios inflados en nuestros alimentos y servicios b\u00e1sicos.<\/p>\r\n\r\n\r\n\r\n<p>Las trabajadoras y trabajadores formales e informales, de la econom\u00eda popular, los peque\u00f1os productores agrarios, pymes, profesionales y estudiantes; con sus organizaciones sindicales, territoriales, de la econom\u00eda social y solidaria, cooperativas y mutuales; las organizaciones sociales en lucha, todas y todos los que trabajamos y vivimos de nuestro trabajo debemos unirnos, sin mezquindades, contra ese enemigo com\u00fan que es el gran capital concentrado y los especuladores.<\/p>\r\n\r\n\r\n\r\n<p>\u00a0Ya no hay m\u00e1s margen para que sigan ganando los mismos de siempre. Sus ganancias y sus riquezas son nuestro hambre y nuestra pobreza.<\/p>\r\n\r\n\r\n\r\n<p>\u00a0Es tiempo de unidad y lucha para defender nuestras hist\u00f3ricas conquistas como Pueblo e ir por las que a\u00fan quedan pendientes. Nuestro Pueblo ha demostrado que cuando se dispone, con iniciativa, es invencible.<\/p>\r\n\r\n\r\n\r\n<p>\u00a0Desde nuestra trinchera de ATE y la CTA-A, convocamos a una Gran Jornada de Lucha, para que toda la provincia se exprese este pr\u00f3ximo 29 de Mayo, nuevo aniversario del Cordobazo: gesta hist\u00f3rica y unitaria de la clase trabajadora, contra la canallada de ajustar mientras nos proh\u00edben salir a defender nuestros derechos.<\/p>\r\n\r\n\r\n\r\n<p>\u00a0Convocamos a luchar de diferentes formas, cada organizaci\u00f3n con sus banderas, manteniendo los cuidados necesarios de distanciamiento social pero haci\u00e9ndonos sentir. Con ollas populares, asambleas, charlas virtuales, tweetazos, campa\u00f1as en redes, intervenciones callejeras\u2026 con todo aquello que est\u00e9 a nuestro alcance y que sea fruto de nuestra creatividad, para demostrar que nosotras y nosotros tambi\u00e9n podemos organizarnos y dar pelea para defender nuestros intereses.<\/p>\r\n\r\n\r\n\r\n<p>\u00a0&#8220;Solo el pueblo salvar\u00e1 al pueblo.&#8221; Esa es nuestra historia. De all\u00ed venimos y hacia all\u00e1 vamos para construir un futuro posible para todos. 29 de Mayo, Jornada de Lucha y Organizaci\u00f3n Popular.<\/p>\r\n\r\n\r\n\r\n<p>\u00a0No vamos a permitir que la \u201cnueva normalidad\u201d sea la explotaci\u00f3n del pueblo<\/p>\r\n\r\n\r\n\r\n<p class=\"has-text-align-center\"><strong>Consejo Directivo Provincial &#8211; ATE C\u00f3rdoba<\/strong><\/p>\r\n\r\n\r\n\r\n<p class=\"has-text-align-center\"><strong>CTA-A Provincia de C\u00f3rdoba<\/strong><\/p>\r\n","protected":false},"excerpt":{"rendered":"<p>Este 29 de mayo, aniversario del Cordobazo, recordamos que venimos con la fuerza de la historia y el compromiso que el presente nos demanda para dejar bien en claro que esta crisis no la pagaremos los trabajadores. Aunque los monopolios, los especuladores del capital financiero, los grandes grupos de poder concentrado, est\u00e1n empecinados en ajustar [&hellip;]<\/p>\n","protected":false},"author":1,"featured_media":19781,"comment_status":"open","ping_status":"open","sticky":true,"template":"","format":"standard","meta":{"_exactmetrics_skip_tracking":false,"_exactmetrics_sitenote_active":false,"_exactmetrics_sitenote_note":"","_exactmetrics_sitenote_category":0,"jnews-multi-image_gallery":[],"jnews_single_post":{"subtitle":"","format":"standard","video":"","gallery":"","source_name":"","source_url":"","via_name":"","via_url":"","override_template":"0","override":[{"template":"1","single_blog_custom":"","parallax":"1","fullscreen":"0","layout":"right-sidebar","sidebar":"default-sidebar","second_sidebar":"default-sidebar","sticky_sidebar":"1","share_position":"top","share_float_style":"share-monocrhome","show_share_counter":"1","show_view_counter":"1","show_featured":"1","show_post_meta":"1","show_post_author":"1","show_post_author_image":"1","show_post_date":"1","post_date_format":"default","post_date_format_custom":"Y\/m\/d","show_post_category":"1","show_post_reading_time":"0","post_reading_time_wpm":"300","show_zoom_button":"0","zoom_button_out_step":"2","zoom_button_in_step":"3","show_post_tag":"1","show_prev_next_post":"1","show_popup_post":"1","number_popup_post":"1","show_author_box":"0","show_post_related":"0","show_inline_post_related":"0"}],"override_image_size":"0","image_override":[{"single_post_thumbnail_size":"crop-500","single_post_gallery_size":"crop-500"}],"trending_post":"0","trending_post_position":"meta","trending_post_label":"Trending","sponsored_post":"0","sponsored_post_label":"Sponsored by","sponsored_post_name":"","sponsored_post_url":"","sponsored_post_logo_enable":"0","sponsored_post_logo":"","sponsored_post_desc":""},"jnews_primary_category":{"id":""},"jnews_social_meta":{"fb_title":"","fb_description":"","fb_image":"","twitter_title":"","twitter_description":"","twitter_image":""},"jnews_review":[],"enable_review":"0","type":"percentage","name":"","summary":"","brand":"","sku":"","good":[{"good_text":""}],"bad":[{"bad_text":""}],"score_override":"","override_value":"","rating":[{"rating_text":"","rating_number":"10"}],"price":[{"shop":"","price":"","link":"","icon":""}],"jnews_override_counter":{"override_view_counter":"0","view_counter_number":"0","override_share_counter":"0","share_counter_number":"0","override_like_counter":"0","like_counter_number":"0","override_dislike_counter":"0","dislike_counter_number":"0"},"jnews_post_split":{"enable_post_split":"0","post_split":[{"template":"1","tag":"h2","numbering":"asc","mode":"normal"}]},"footnotes":""},"categories":[10,53,92],"tags":[334],"class_list":["post-13056","post","type-post","status-publish","format-standard","has-post-thumbnail","hentry","category-accion-politica","category-comunicados-de-prensa","category-cta","tag-medidas-de-fuerza"],"jetpack_featured_media_url":"https:\/\/atecordoba.org\/wp-content\/uploads\/2020\/06\/WhatsApp-Image-2020-05-27-at-10.27.58-2.jpg","_links":{"self":[{"href":"https:\/\/atecordoba.org\/index.php?rest_route=\/wp\/v2\/posts\/13056","targetHints":{"allow":["GET"]}}],"collection":[{"href":"https:\/\/atecordoba.org\/index.php?rest_route=\/wp\/v2\/posts"}],"about":[{"href":"https:\/\/atecordoba.org\/index.php?rest_route=\/wp\/v2\/types\/post"}],"author":[{"embeddable":true,"href":"https:\/\/atecordoba.org\/index.php?rest_route=\/wp\/v2\/users\/1"}],"replies":[{"embeddable":true,"href":"https:\/\/atecordoba.org\/index.php?rest_route=%2Fwp%2Fv2%2Fcomments&post=13056"}],"version-history":[{"count":2,"href":"https:\/\/atecordoba.org\/index.php?rest_route=\/wp\/v2\/posts\/13056\/revisions"}],"predecessor-version":[{"id":19900,"href":"https:\/\/atecordoba.org\/index.php?rest_route=\/wp\/v2\/posts\/13056\/revisions\/19900"}],"wp:featuredmedia":[{"embeddable":true,"href":"https:\/\/atecordoba.org\/index.php?rest_route=\/wp\/v2\/media\/19781"}],"wp:attachment":[{"href":"https:\/\/atecordoba.org\/index.php?rest_route=%2Fwp%2Fv2%2Fmedia&parent=13056"}],"wp:term":[{"taxonomy":"category","embeddable":true,"href":"https:\/\/atecordoba.org\/index.php?rest_route=%2Fwp%2Fv2%2Fcategories&post=13056"},{"taxonomy":"post_tag","embeddable":true,"href":"https:\/\/atecordoba.org\/index.php?rest_route=%2Fwp%2Fv2%2Ftags&post=13056"}],"curies":[{"name":"wp","href":"https:\/\/api.w.org\/{rel}","templated":true}]}}