{"id":13050,"date":"2020-05-26T12:46:27","date_gmt":"2020-05-26T15:46:27","guid":{"rendered":"https:\/\/www.atecordoba.org\/?p=13050"},"modified":"2020-07-02T12:46:02","modified_gmt":"2020-07-02T15:46:02","slug":"hospital-de-ninos-ate-pidio-el-nombramiento-de-mas-personal-para-atender-covid-19","status":"publish","type":"post","link":"https:\/\/atecordoba.org\/?p=13050","title":{"rendered":"Hospital de Ni\u00f1os: ATE pidi\u00f3 el nombramiento de m\u00e1s personal para atender Covid 19"},"content":{"rendered":"\n<p><em>En reuni\u00f3n con el director del centro de salud, ATE reclam\u00f3 m\u00e1s trabajadoras y trabajadores en enfermer\u00eda y al tiempo que exigi\u00f3 que termine el acoso de los responsables del sector con las y los compa\u00f1eros. Acuerdo sobre la presentaci\u00f3n de las declaraciones juradas que pide el COE.<\/em><\/p>\n\n\n\n<figure class=\"wp-block-image size-large\"><img decoding=\"async\" src=\"http:\/\/atecordoba.org\/wp-content\/uploads\/2020\/06\/Hospital-de-Ni\u00f1os-2.jpg\" alt=\"\" class=\"wp-image-13051\"\/><figcaption>Ingreso al Hospital de Ni\u00f1os (Archivo).<\/figcaption><\/figure>\n\n\n\n<p>El pasado 19 de mayo se realiz\u00f3 una reuni\u00f3n entre el director del Hospital de Ni\u00f1os de la Sant\u00edsima Trinidad, Marcelo Arg\u00fcello, y representantes de los gremios con actuaci\u00f3n en el centro de salud. Por ATE estuvieron presentes las y los delegados Yamila Sierra y Santiago Beliz\u00e1n, en tanto Estela Gim\u00e9nez particip\u00f3 por UTS.<\/p>\n\n\n\n<p>En la oportunidad los representantes gremiales plantearon la necesidad de incorporar m\u00e1s personal, atento que a\u00fan no se produjo el pico de infectados y todav\u00eda estamos a tiempo de prevenir aspectos de la organizaci\u00f3n en la atenci\u00f3n ante una futura la multiplicaci\u00f3n de los pacientes afectados por la pandemia, con los riesgos potenciales que implica.<\/p>\n\n\n\n<p>Arg\u00fcello no dio una respuesta positiva al planteo. El director se\u00f1al\u00f3 que para las terapias solo logr\u00f3 que el Ministerio de Salud contrate cinco m\u00e9dicos, con uno m\u00e1s pendiente de contrataci\u00f3n. Adem\u00e1s, agreg\u00f3, no habr\u00e1 m\u00e1s nombramientos en enfermer\u00eda que se sumen a los ya realizados, porque la cartera de Salud se encontrar\u00eda reforzando los hospitales San Roque y Rawson con los inscriptos en web del gobierno. \u201cA modo de presi\u00f3n sacar\u00e1n personal de UTI, personal m\u00e9dico incluido para destinar a la salas 500\/600 y dejar\u00edan la UTI con s\u00f3lo 6 camas\u201d, especific\u00f3.<\/p>\n\n\n\n<p>Desde ATE se\u00f1alamos que el faltante de personal no es producto del abordaje en el hospital del Covid 19, sino que es un proceso de a\u00f1os en donde, por ejemplo, no se cubrieron altas por bajas y otras como bajas de contratos, produci\u00e9ndose un vaciamiento de personal en la instituci\u00f3n. \u201cLa situaci\u00f3n hoy es m\u00e1s que critica, si no se suma personal, puesto que el sost\u00e9n operativo del hospital puede verse afectado\u201d, afirmaron las y los delegados.<\/p>\n\n\n\n<p>Llegado a ese punto, las y los compa\u00f1eros presentes en la reuni\u00f3n volvieron a mencionar los problemas que aquejan a las y los trabajadores debido a la presi\u00f3n y acoso de la Supervisi\u00f3n de Enfermer\u00eda, producto entre otras cosas a la falta de personal y la sobreexigencia parta con las y los trabajadores que deben cubrir los servicios. El director Arg\u00fcello se volvi\u00f3 a comprometer a parar la situaci\u00f3n y dijo haber bajado instrucciones al respecto.<\/p>\n\n\n\n<p>Se reclam\u00f3 por la ausencia de Supervisi\u00f3n en la reuni\u00f3n, lo cual se considera como que era extremadamente necesario. A su vez, se solicit\u00f3 flexibilidad en los horarios de ingreso de todos los compa\u00f1eros para el tiempo de espera del servicio de remises.<\/p>\n\n\n\n<p><strong>Instrumental y condiciones de trabajo<\/strong><\/p>\n\n\n\n<p>En otro orden, en relaci\u00f3n a la UEPE, nuestros delegados y delegadas manifestaron el desacuerdo que en ese lugar se aloje a pacientes sospechosos de Covid ya que no posee esa zona de la estructura edilicia adecuada para la desinfecci\u00f3n de los equipos y del personal. Tambi\u00e9n le informaron sobre la falta de cumplimiento del protocolo para el traslado de pacientes desde el sector de guardia hasta la UTI.<\/p>\n\n\n\n<p>Por otro lado, volvieron a reclamar por capacitaci\u00f3n para el uso, montaje y t\u00e9cnicas de vestirse de los Kits y elementos EPP, mencionando la falta de informaci\u00f3n y capacitaci\u00f3n al respecto. En tal sentido, denunciaron las instrucciones se dan como charla informal y despu\u00e9s se computan como si fueran capacitaciones. Adem\u00e1s hay compa\u00f1eras y compa\u00f1eros que se encuentran en cuarentena preventiva que no pueden ser instruidos para realizar las capacitaciones en el hospital mientras dure su aislamiento, como sucede en Infectolog\u00eda. Por eso, se reclam\u00f3 instrumentar los medios para que otro personal del nosocomio realice las capacitaciones.<\/p>\n\n\n\n<p>A su vez, el director del hospital inform\u00f3 que se compraron pistolas medidoras de fiebre, sin precisar la cantidad.<\/p>\n\n\n\n<p><strong>Declaraciones juradas<\/strong><\/p>\n\n\n\n<p>Sobre la Declaraciones Juradas, Arguello argument\u00f3 que s\u00f3lo persigue conocer d\u00f3nde trabajan los agentes adem\u00e1s del Hospital de Ni\u00f1os para activar r\u00e1pidamente los protocolos en caso de necesidad, y que no se repita lo ocurrido en el Hospital&nbsp; Italiano.<\/p>\n\n\n\n<p>Al abordar espec\u00edficamente el formulario de la DDJJ, los delegados aclararon que no se trata del mismo que hizo circular el COE. En tal sentido, el director del hospital se\u00f1al\u00f3 que lo modific\u00f3 para poder obtener una base de datos que actualmente tiene el \u00e1rea de Personal, por lo que se incluye al pie del formulario.<\/p>\n\n\n\n<p>En esa l\u00ednea, se acord\u00f3 agregar al pie de cada formulario, para m\u00e1s claridad y tranquilidad de las y los compa\u00f1eros, todas las observaciones que crean necesaria, por ejemplo \u201ca partir del d\u00eda de hoy\u201d, \u201cno se me realiz\u00f3 hisopado\u201d, entre otras.<\/p>\n\n\n\n<p>Para eso las y los delegados solicitaron al \u00e1rea de Supervisi\u00f3n de Enfermer\u00eda que reciba las DDJJ con todas las observaciones que cada compa\u00f1ero crea necesaria, dado que el formulario no lo permite en su contenido.<\/p>\n","protected":false},"excerpt":{"rendered":"<p>En reuni\u00f3n con el director del centro de salud, ATE reclam\u00f3 m\u00e1s trabajadoras y trabajadores en enfermer\u00eda y al tiempo que exigi\u00f3 que termine el acoso de los responsables del sector con las y los compa\u00f1eros. Acuerdo sobre la presentaci\u00f3n de las declaraciones juradas que pide el COE. El pasado 19 de mayo se realiz\u00f3 [&hellip;]<\/p>\n","protected":false},"author":1,"featured_media":12963,"comment_status":"open","ping_status":"open","sticky":true,"template":"","format":"standard","meta":{"_exactmetrics_skip_tracking":false,"_exactmetrics_sitenote_active":false,"_exactmetrics_sitenote_note":"","_exactmetrics_sitenote_category":0,"jnews-multi-image_gallery":[],"jnews_single_post":[],"jnews_primary_category":[],"jnews_social_meta":[],"jnews_review":[],"enable_review":"","type":"","name":"","summary":"","brand":"","sku":"","good":[],"bad":[],"score_override":"","override_value":"","rating":[],"price":[],"jnews_override_counter":[],"jnews_post_split":[],"footnotes":""},"categories":[341,104,400,8],"tags":[],"class_list":["post-13050","post","type-post","status-publish","format-standard","has-post-thumbnail","hentry","category-cdp","category-departamento-de-salud","category-estamentos","category-provinciales"],"jetpack_featured_media_url":"https:\/\/atecordoba.org\/wp-content\/uploads\/2020\/05\/agricultura-familiar-e1515598775764.jpg","_links":{"self":[{"href":"https:\/\/atecordoba.org\/index.php?rest_route=\/wp\/v2\/posts\/13050","targetHints":{"allow":["GET"]}}],"collection":[{"href":"https:\/\/atecordoba.org\/index.php?rest_route=\/wp\/v2\/posts"}],"about":[{"href":"https:\/\/atecordoba.org\/index.php?rest_route=\/wp\/v2\/types\/post"}],"author":[{"embeddable":true,"href":"https:\/\/atecordoba.org\/index.php?rest_route=\/wp\/v2\/users\/1"}],"replies":[{"embeddable":true,"href":"https:\/\/atecordoba.org\/index.php?rest_route=%2Fwp%2Fv2%2Fcomments&post=13050"}],"version-history":[{"count":1,"href":"https:\/\/atecordoba.org\/index.php?rest_route=\/wp\/v2\/posts\/13050\/revisions"}],"predecessor-version":[{"id":19879,"href":"https:\/\/atecordoba.org\/index.php?rest_route=\/wp\/v2\/posts\/13050\/revisions\/19879"}],"wp:featuredmedia":[{"embeddable":true,"href":"https:\/\/atecordoba.org\/index.php?rest_route=\/wp\/v2\/media\/12963"}],"wp:attachment":[{"href":"https:\/\/atecordoba.org\/index.php?rest_route=%2Fwp%2Fv2%2Fmedia&parent=13050"}],"wp:term":[{"taxonomy":"category","embeddable":true,"href":"https:\/\/atecordoba.org\/index.php?rest_route=%2Fwp%2Fv2%2Fcategories&post=13050"},{"taxonomy":"post_tag","embeddable":true,"href":"https:\/\/atecordoba.org\/index.php?rest_route=%2Fwp%2Fv2%2Ftags&post=13050"}],"curies":[{"name":"wp","href":"https:\/\/api.w.org\/{rel}","templated":true}]}}