{"id":13043,"date":"2020-05-22T11:18:46","date_gmt":"2020-05-22T14:18:46","guid":{"rendered":"https:\/\/www.atecordoba.org\/?p=13043"},"modified":"2020-07-02T12:46:18","modified_gmt":"2020-07-02T15:46:18","slug":"iniciaron-los-testeos-de-covid-19-en-el-hospital-psiquiatrico-santa-maria-de-punilla","status":"publish","type":"post","link":"https:\/\/atecordoba.org\/?p=13043","title":{"rendered":"Iniciaron los testeos de Covid 19 en el hospital psiqui\u00e1trico Santa Mar\u00eda de Punilla"},"content":{"rendered":"\n<p><em>Una numerosa asamblea en abril hab\u00eda reclamado el hisopado de todo el personal, que a\u00fan no se ha completado. Destacan que se mantenga todo el plantel de trabajadores.<\/em><\/p>\n\n\n\n<figure class=\"wp-block-image size-large\"><img decoding=\"async\" src=\"http:\/\/atecordoba.org\/wp-content\/uploads\/2020\/06\/hospital.jpg\" alt=\"\" class=\"wp-image-13044\"\/><figcaption>Fachada de la Colonia Santa Mar\u00eda de Punilla<\/figcaption><\/figure>\n\n\n\n<p>La semana pasada se iniciaron los testeos al equipo de salud del hospital neuropsiqui\u00e1trico Santa Mar\u00eda de Punilla, tras el fuerte reclamo de las y los trabajadores de dicho centro de salud. Hasta el momento son 40 los hisopados pero solo 24 tienen los resultados del an\u00e1lisis, que dieron todos negativos.<\/p>\n\n\n\n<p>Tard\u00f3 casi un mes la autoridad sanitaria en iniciar el proceso, despu\u00e9s de que una numerosa asamblea exigiera respuestas a la Direcci\u00f3n del nosocomio. Tanto el director del hospital, Ricardo Pon, como funcionarios del Ministerio de Salud, el director del COE y el intendente de la comuna se apersonaron en el lugar para tranquilizar al personal.&nbsp;<\/p>\n\n\n\n<figure class=\"wp-block-image size-large\"><img decoding=\"async\" src=\"http:\/\/atecordoba.org\/wp-content\/uploads\/2020\/06\/asamblea.jpg\" alt=\"\" class=\"wp-image-13045\"\/><figcaption>Asamblea realizada en abril. <\/figcaption><\/figure>\n\n\n\n<p>\u201cDestacamos dos logros: que se iniciaron los hisopados como ped\u00edamos y que se garantiz\u00f3 que todos y todas conservamos los puestos de trabajo y las condiciones en que nos desempe\u00f1amos, ante algunas versiones sobre un posible cierre del servicio del hospital para destinarlo exclusivamente al tratamiento del Covid, que alarm\u00f3 a todo el mundo\u201d, destac\u00f3 la delegada de ATE Marcela Mart\u00edn.<\/p>\n\n\n\n<p>Sin embargo, Mart\u00edn afirm\u00f3 que genera inquietud que los testeos no se realicen todos juntos y se tengan los resultados al mismo tiempo. \u201cEs la manera de asegurarnos que el hospital arranca todo limpio. Pedimos que los hisopados se realicen a todo el personal de salud, al de limpieza y cocina\u201d, resumi\u00f3 la delegada.<\/p>\n\n\n\n<div class=\"wp-block-image\"><figure class=\"alignright size-large is-resized\"><img loading=\"lazy\" decoding=\"async\" src=\"http:\/\/atecordoba.org\/wp-content\/uploads\/2020\/06\/97417378_3795949033811525_6873669783687004160_n.jpg\" alt=\"\" class=\"wp-image-13046\" width=\"287\" height=\"382\"\/><figcaption>La delegada Marcela Martin, junto a un trabajador del hospital. <\/figcaption><\/figure><\/div>\n\n\n\n<p>Y agreg\u00f3: \u201ccon la consigna de cuidar a los que cuidan, queremos decir que a dos meses de iniciada la cuarentena no est\u00e1 testeado todo el hospital. Por eso creemos que a\u00fan no est\u00e1n haciendo la inversi\u00f3n que necesita el hospital para afrontar la pandemia como corresponde, cuidando al personal y los pacientes\u201d.<\/p>\n\n\n\n<p>A este panorama se suman otra serie de reclamos que son hist\u00f3ricos del hospital como una l\u00ednea telef\u00f3nica en la guardia para llamar cuando es necesario comunicarse con parientes de las y los pacientes. Adem\u00e1s, el hospital carece de servicio de ambulancias propio. \u201cEst\u00e1 contratado un servicio privado de la zona pero a veces viene y otras no\u201d, concluy\u00f3 la delegada.<\/p>\n","protected":false},"excerpt":{"rendered":"<p>Una numerosa asamblea en abril hab\u00eda reclamado el hisopado de todo el personal, que a\u00fan no se ha completado. Destacan que se mantenga todo el plantel de trabajadores. La semana pasada se iniciaron los testeos al equipo de salud del hospital neuropsiqui\u00e1trico Santa Mar\u00eda de Punilla, tras el fuerte reclamo de las y los trabajadores [&hellip;]<\/p>\n","protected":false},"author":1,"featured_media":19773,"comment_status":"open","ping_status":"open","sticky":true,"template":"","format":"standard","meta":{"_exactmetrics_skip_tracking":false,"_exactmetrics_sitenote_active":false,"_exactmetrics_sitenote_note":"","_exactmetrics_sitenote_category":0,"jnews-multi-image_gallery":[],"jnews_single_post":[],"jnews_primary_category":[],"jnews_social_meta":[],"jnews_review":[],"enable_review":"","type":"","name":"","summary":"","brand":"","sku":"","good":[],"bad":[],"score_override":"","override_value":"","rating":[],"price":[],"jnews_override_counter":[],"jnews_post_split":[],"footnotes":""},"categories":[150,104,400],"tags":[],"class_list":["post-13043","post","type-post","status-publish","format-standard","has-post-thumbnail","hentry","category-cruz-del-eje","category-departamento-de-salud","category-estamentos"],"jetpack_featured_media_url":"https:\/\/atecordoba.org\/wp-content\/uploads\/2020\/06\/hospital.jpg","_links":{"self":[{"href":"https:\/\/atecordoba.org\/index.php?rest_route=\/wp\/v2\/posts\/13043","targetHints":{"allow":["GET"]}}],"collection":[{"href":"https:\/\/atecordoba.org\/index.php?rest_route=\/wp\/v2\/posts"}],"about":[{"href":"https:\/\/atecordoba.org\/index.php?rest_route=\/wp\/v2\/types\/post"}],"author":[{"embeddable":true,"href":"https:\/\/atecordoba.org\/index.php?rest_route=\/wp\/v2\/users\/1"}],"replies":[{"embeddable":true,"href":"https:\/\/atecordoba.org\/index.php?rest_route=%2Fwp%2Fv2%2Fcomments&post=13043"}],"version-history":[{"count":1,"href":"https:\/\/atecordoba.org\/index.php?rest_route=\/wp\/v2\/posts\/13043\/revisions"}],"predecessor-version":[{"id":19880,"href":"https:\/\/atecordoba.org\/index.php?rest_route=\/wp\/v2\/posts\/13043\/revisions\/19880"}],"wp:featuredmedia":[{"embeddable":true,"href":"https:\/\/atecordoba.org\/index.php?rest_route=\/wp\/v2\/media\/19773"}],"wp:attachment":[{"href":"https:\/\/atecordoba.org\/index.php?rest_route=%2Fwp%2Fv2%2Fmedia&parent=13043"}],"wp:term":[{"taxonomy":"category","embeddable":true,"href":"https:\/\/atecordoba.org\/index.php?rest_route=%2Fwp%2Fv2%2Fcategories&post=13043"},{"taxonomy":"post_tag","embeddable":true,"href":"https:\/\/atecordoba.org\/index.php?rest_route=%2Fwp%2Fv2%2Ftags&post=13043"}],"curies":[{"name":"wp","href":"https:\/\/api.w.org\/{rel}","templated":true}]}}