{"id":13037,"date":"2020-05-21T17:37:55","date_gmt":"2020-05-21T20:37:55","guid":{"rendered":"https:\/\/www.atecordoba.org\/?p=13037"},"modified":"2020-06-09T14:41:46","modified_gmt":"2020-06-09T17:41:46","slug":"ate-repudia-el-ajuste-previsional-de-schiaretti","status":"publish","type":"post","link":"https:\/\/atecordoba.org\/?p=13037","title":{"rendered":"ATE repudia el ajuste previsional de Schiaretti"},"content":{"rendered":"\n<p><em>El gobierno provincial mand\u00f3 aprobar ayer en la Legislatura su modificaci\u00f3n del r\u00e9gimen jubilatorio, afectando derechos previsionales y socavando los pilares del sistema que distingui\u00f3 hist\u00f3ricamente a la Caja de Jubilaciones.<\/em><\/p>\n\n\n\n<figure class=\"wp-block-image size-large\"><img decoding=\"async\" src=\"http:\/\/atecordoba.org\/wp-content\/uploads\/2020\/06\/jubilado.jpg\" alt=\"\" class=\"wp-image-13038\"\/><figcaption>Imagen de un jubilado durante una marcha por el centro de C\u00f3rdoba (archivo).<\/figcaption><\/figure>\n\n\n\n<p>El Consejo Directivo Provincial de ATE C\u00f3rdoba repudia la aprobaci\u00f3n ley que deroga derechos previsionales de los jubilados provinciales y los trabajadores aportantes al sistema de la Caja de Jubilaciones.<\/p>\n\n\n\n<p>Haciendo caso omiso a las expresiones de diversas organizaciones sindicales, ATE entre ellas, la Legislatura hizo gala de las manos de yeso que la integran para demoler el c\u00famulo de derechos que distingu\u00edan al sistema jubilatorio provincial como de los m\u00e1s progresivos del pa\u00eds, en nombre de una ley llamada c\u00ednicamente \u201cPrograma de Fortalecimiento de la Solidaridad y Sostenibilidad del Sistema Previsional\u201d.<\/p>\n\n\n\n<p>Lejos de ello, concluye ahora el m\u00e1s brutal de los ataques que el gobernador  Juan Schiaretti lleva adelante contra la Caja de Jubilaciones, en un ensa\u00f1amiento con el organismo que inici\u00f3 con su primer gobierno en 2007, cuando nombro al actual ministro de Finanzas, Osvaldo Giordano, como interventor de la misma.<\/p>\n\n\n\n<p>Desde aquellas primeras podas de los derechos de los trabajadores jubilados provinciales hasta el cuadro actual, cada nueva \u2018reforma\u2019, que siempre con Schiaretti tiene la cara del ajuste, socav\u00f3 derechos adquiridos bajo la justificaci\u00f3n que el sistema es deficitario.<\/p>\n\n\n\n<p>Esta es una nueva versi\u00f3n de la misma historia, aprovechando la cuarentena como coartada para sacar de atropellada este ajuste, se llev\u00f3 a cabo sin posibilidad de ning\u00fan debate p\u00fablico y sin transparentar los n\u00fameros de la Caja.<\/p>\n\n\n\n<p>\u00bfAcaso se preguntaron los cordobeses por qu\u00e9 despu\u00e9s de 12 a\u00f1os de gesti\u00f3n de Giordano la Caja nunca \u201cestuvo calzada\u201d?<\/p>\n\n\n\n<p>Quiz\u00e1s deba buscarse la causa en los pagos no remunerativos y\/o en negro a los trabajadores activos,&nbsp; que implican una baja de aportes para el sistema jubilatorio, junto a la descomunal jubilaci\u00f3n anticipada efectuada por Jos\u00e9 Manuel De la Sota durante su primer mandato. Tambi\u00e9n cabe preguntarse cu\u00e1l fue el destino del Fondo Complementario que administra la Caja, nunca aclarado.<\/p>\n\n\n\n<p>De hoy en adelante sabemos que, tras la aprobaci\u00f3n de la ley, bajan las pensiones 5% (del 75% al 70% de la jubilaci\u00f3n del causante); el c\u00e1lculo de la jubilaci\u00f3n al 67% del activo (porque no se estima sobre el bruto sino sobre el neto del aporte personal); adem\u00e1s se difiere 60 d\u00edas la actualizaci\u00f3n de los aumentos que reciban los activos, aduciendo que as\u00ed da consistencia al sistema pero quit\u00e1ndole consistencia a la econom\u00eda de cada jubilado que trabaj\u00f3 cada d\u00eda e hizo sacrificadamente sus aportes; al tiempo que reduce nominalmente el haber de los jubilados ubicados en el tope de pir\u00e1mide.<\/p>\n\n\n\n<p>Como afirm\u00e1ramos ayer, todo esto conforma un panorama dantesco para los jubilados, en un momento cruel para ese sector que, en medio de la pandemia, es el grupo de riesgo no solo para el Covid 19 sino tambi\u00e9n para los depredares del Gobierno de C\u00f3rdoba.<\/p>\n\n\n\n<p>Por nuestra parte, ATE estar\u00e1 en la vereda de enfrente de los ajustadores, defendiendo los derechos de los trabajadores estatales, rechazando esta modificaci\u00f3n previsional que ataque valores fundamentales del pueblo, como la solidaridad entre trabajadores activos y jubilados.<\/p>\n\n\n\n<p class=\"has-text-align-center\">Federico Giuliani <\/p>\n\n\n\n<p class=\"has-text-align-center\">Secretario General <\/p>\n\n\n\n<p class=\"has-text-align-center\">ATE C\u00f3rdoba<\/p>\n","protected":false},"excerpt":{"rendered":"<p>El gobierno provincial mand\u00f3 aprobar ayer en la Legislatura su modificaci\u00f3n del r\u00e9gimen jubilatorio, afectando derechos previsionales y socavando los pilares del sistema que distingui\u00f3 hist\u00f3ricamente a la Caja de Jubilaciones. El Consejo Directivo Provincial de ATE C\u00f3rdoba repudia la aprobaci\u00f3n ley que deroga derechos previsionales de los jubilados provinciales y los trabajadores aportantes al [&hellip;]<\/p>\n","protected":false},"author":1,"featured_media":19772,"comment_status":"open","ping_status":"open","sticky":true,"template":"","format":"standard","meta":{"_exactmetrics_skip_tracking":false,"_exactmetrics_sitenote_active":false,"_exactmetrics_sitenote_note":"","_exactmetrics_sitenote_category":0,"jnews-multi-image_gallery":[],"jnews_single_post":[],"jnews_primary_category":[],"jnews_social_meta":[],"jnews_review":[],"enable_review":"","type":"","name":"","summary":"","brand":"","sku":"","good":[],"bad":[],"score_override":"","override_value":"","rating":[],"price":[],"jnews_override_counter":[],"jnews_post_split":[],"footnotes":""},"categories":[53,341],"tags":[342],"class_list":["post-13037","post","type-post","status-publish","format-standard","has-post-thumbnail","hentry","category-comunicados-de-prensa","category-cdp","tag-repudio"],"jetpack_featured_media_url":"https:\/\/atecordoba.org\/wp-content\/uploads\/2020\/06\/jubilado.jpg","_links":{"self":[{"href":"https:\/\/atecordoba.org\/index.php?rest_route=\/wp\/v2\/posts\/13037","targetHints":{"allow":["GET"]}}],"collection":[{"href":"https:\/\/atecordoba.org\/index.php?rest_route=\/wp\/v2\/posts"}],"about":[{"href":"https:\/\/atecordoba.org\/index.php?rest_route=\/wp\/v2\/types\/post"}],"author":[{"embeddable":true,"href":"https:\/\/atecordoba.org\/index.php?rest_route=\/wp\/v2\/users\/1"}],"replies":[{"embeddable":true,"href":"https:\/\/atecordoba.org\/index.php?rest_route=%2Fwp%2Fv2%2Fcomments&post=13037"}],"version-history":[{"count":1,"href":"https:\/\/atecordoba.org\/index.php?rest_route=\/wp\/v2\/posts\/13037\/revisions"}],"predecessor-version":[{"id":19881,"href":"https:\/\/atecordoba.org\/index.php?rest_route=\/wp\/v2\/posts\/13037\/revisions\/19881"}],"wp:featuredmedia":[{"embeddable":true,"href":"https:\/\/atecordoba.org\/index.php?rest_route=\/wp\/v2\/media\/19772"}],"wp:attachment":[{"href":"https:\/\/atecordoba.org\/index.php?rest_route=%2Fwp%2Fv2%2Fmedia&parent=13037"}],"wp:term":[{"taxonomy":"category","embeddable":true,"href":"https:\/\/atecordoba.org\/index.php?rest_route=%2Fwp%2Fv2%2Fcategories&post=13037"},{"taxonomy":"post_tag","embeddable":true,"href":"https:\/\/atecordoba.org\/index.php?rest_route=%2Fwp%2Fv2%2Ftags&post=13037"}],"curies":[{"name":"wp","href":"https:\/\/api.w.org\/{rel}","templated":true}]}}