{"id":13033,"date":"2020-05-21T14:55:52","date_gmt":"2020-05-21T17:55:52","guid":{"rendered":"https:\/\/www.atecordoba.org\/?p=13033"},"modified":"2020-06-09T14:42:10","modified_gmt":"2020-06-09T17:42:10","slug":"asamblea-en-dioxitek-reclamo-completar-la-paritaria-2019","status":"publish","type":"post","link":"https:\/\/atecordoba.org\/?p=13033","title":{"rendered":"Asamblea en Dioxitek reclam\u00f3 completar la paritaria 2019"},"content":{"rendered":"\n<p><em>Los trabajadores de la f\u00e1brica de producci\u00f3n de uranio exigieron que la firma cumpla con el acta compromiso firmada en noviembre. Reclaman la actualizaci\u00f3n salarial retroactiva a marzo. <\/em><\/p>\n\n\n\n<figure class=\"wp-block-image size-large\"><img decoding=\"async\" src=\"http:\/\/atecordoba.org\/wp-content\/uploads\/2020\/06\/99157931_3274656735880263_2701200624325754880_n-1024x768.jpg\" alt=\"\" class=\"wp-image-13034\"\/><figcaption>Asamblea realizada ayer.<\/figcaption><\/figure>\n\n\n\n<p>En una asamblea realizada ayer, los trabajadores de la planta productora de polvo de uranio Dioxitek, \u00fanica en el pa\u00eds y radicada en Alta C\u00f3rdoba, reclamaron a la direcci\u00f3n de la empresa estatal que se complete la partir\u00eda sectorial, conforme el compromiso asumido en noviembre del a\u00f1o pasado.<\/p>\n\n\n\n<p>Los trabajadores plantearon la necesidad recibir el \u00faltimo tramo de aumento de haberes para el periodo paritario que concluye, debido a la p\u00e9rdida salarial en la carrera con la inflaci\u00f3n. \u201c<\/p>\n\n\n\n<p>\u201cVamos por la tercer semana de trabajo desde que nos reinstalamos. La actividad nuclear es una de las exceptuadas por el decreto presidencial que estableci\u00f3 la cuarentena. Algunos estamos haciendo turnos de 12 horas para cumplir con la producci\u00f3n de uranio\u201d, explic\u00f3 el delegado de ATE Cristian L\u00e9pez.<\/p>\n\n\n\n<p>Esa producci\u00f3n que se env\u00eda a la empresa Nucleoel\u00e9ctrica Argentina S.A. (NASA) donde se fabrican las pastillas con el urania que posteriormente recalan en las centrales at\u00f3micas que brindan energ\u00eda el\u00e9ctrica a todo el pa\u00eds.<\/p>\n\n\n\n<p>\u201cDesde la primera semana de trabajo ya sali\u00f3 un cami\u00f3n con material\u201d, dijo L\u00e9pez.<\/p>\n\n\n\n<p>Seg\u00fan lo resuelto en la asamblea, de no tener una respuesta favorable a los pedidos para ma\u00f1ana viernes 22 de mayo, los trabajadores se considerar\u00e1n en libertad de acci\u00f3n para iniciar alg\u00fan tipo de protesta.<\/p>\n\n\n\n<p>\u201cTenemos el acta del 5 de noviembre donde la empresa se comprometi\u00f3. Sabemos que la plata est\u00e1\u201d, cerr\u00f3 el delegado.<\/p>\n\n\n\n<figure class=\"wp-block-image size-large\"><img decoding=\"async\" src=\"http:\/\/atecordoba.org\/wp-content\/uploads\/2020\/06\/dioxitek_nota-1024x768.jpg\" alt=\"\" class=\"wp-image-13035\"\/><figcaption>Nota enviada a la direcci\u00f3n de Dioxitek.<\/figcaption><\/figure>\n","protected":false},"excerpt":{"rendered":"<p>Los trabajadores de la f\u00e1brica de producci\u00f3n de uranio exigieron que la firma cumpla con el acta compromiso firmada en noviembre. Reclaman la actualizaci\u00f3n salarial retroactiva a marzo. En una asamblea realizada ayer, los trabajadores de la planta productora de polvo de uranio Dioxitek, \u00fanica en el pa\u00eds y radicada en Alta C\u00f3rdoba, reclamaron a [&hellip;]<\/p>\n","protected":false},"author":1,"featured_media":19770,"comment_status":"open","ping_status":"open","sticky":true,"template":"","format":"standard","meta":{"_exactmetrics_skip_tracking":false,"_exactmetrics_sitenote_active":false,"_exactmetrics_sitenote_note":"","_exactmetrics_sitenote_category":0,"jnews-multi-image_gallery":[],"jnews_single_post":[],"jnews_primary_category":[],"jnews_social_meta":[],"jnews_review":[],"enable_review":"","type":"","name":"","summary":"","brand":"","sku":"","good":[],"bad":[],"score_override":"","override_value":"","rating":[],"price":[],"jnews_override_counter":[],"jnews_post_split":[],"footnotes":""},"categories":[341,18],"tags":[333],"class_list":["post-13033","post","type-post","status-publish","format-standard","has-post-thumbnail","hentry","category-cdp","category-nacionales","tag-dioxitek"],"jetpack_featured_media_url":"https:\/\/atecordoba.org\/wp-content\/uploads\/2020\/06\/99157931_3274656735880263_2701200624325754880_n-1024x768.jpg","_links":{"self":[{"href":"https:\/\/atecordoba.org\/index.php?rest_route=\/wp\/v2\/posts\/13033","targetHints":{"allow":["GET"]}}],"collection":[{"href":"https:\/\/atecordoba.org\/index.php?rest_route=\/wp\/v2\/posts"}],"about":[{"href":"https:\/\/atecordoba.org\/index.php?rest_route=\/wp\/v2\/types\/post"}],"author":[{"embeddable":true,"href":"https:\/\/atecordoba.org\/index.php?rest_route=\/wp\/v2\/users\/1"}],"replies":[{"embeddable":true,"href":"https:\/\/atecordoba.org\/index.php?rest_route=%2Fwp%2Fv2%2Fcomments&post=13033"}],"version-history":[{"count":1,"href":"https:\/\/atecordoba.org\/index.php?rest_route=\/wp\/v2\/posts\/13033\/revisions"}],"predecessor-version":[{"id":19882,"href":"https:\/\/atecordoba.org\/index.php?rest_route=\/wp\/v2\/posts\/13033\/revisions\/19882"}],"wp:featuredmedia":[{"embeddable":true,"href":"https:\/\/atecordoba.org\/index.php?rest_route=\/wp\/v2\/media\/19770"}],"wp:attachment":[{"href":"https:\/\/atecordoba.org\/index.php?rest_route=%2Fwp%2Fv2%2Fmedia&parent=13033"}],"wp:term":[{"taxonomy":"category","embeddable":true,"href":"https:\/\/atecordoba.org\/index.php?rest_route=%2Fwp%2Fv2%2Fcategories&post=13033"},{"taxonomy":"post_tag","embeddable":true,"href":"https:\/\/atecordoba.org\/index.php?rest_route=%2Fwp%2Fv2%2Ftags&post=13033"}],"curies":[{"name":"wp","href":"https:\/\/api.w.org\/{rel}","templated":true}]}}