{"id":13028,"date":"2020-05-21T14:37:22","date_gmt":"2020-05-21T17:37:22","guid":{"rendered":"https:\/\/www.atecordoba.org\/?p=13028"},"modified":"2020-06-09T14:43:50","modified_gmt":"2020-06-09T17:43:50","slug":"anac-delegados-de-certificaciones-plantearon-su-agenda-de-demandas-en-reunion-virtual","status":"publish","type":"post","link":"https:\/\/atecordoba.org\/?p=13028","title":{"rendered":"Anac: delegados de Certificaciones plantearon su agenda de demandas en reuni\u00f3n virtual"},"content":{"rendered":"\n<p><em>Compa\u00f1eros de la Coordinaci\u00f3n ATE Anac mantuvieron una conferencia por zoom con funcionarios de la Direcci\u00f3n de Aeronavegabilidad para tratar la situaci\u00f3n del Departamento de Certificaciones Aeron\u00e1uticas.<\/em><\/p>\n\n\n\n<figure class=\"wp-block-image size-large\"><img decoding=\"async\" src=\"http:\/\/atecordoba.org\/wp-content\/uploads\/2020\/06\/anac-reunion-zoom-1024x575.jpg\" alt=\"\" class=\"wp-image-13029\"\/><figcaption>Registro de la reuni\u00f3n virtual. (fuente tw @ate_anac_cba)<\/figcaption><\/figure>\n\n\n\n<p>El c\u00f3nclave se llev\u00f3 a cabo el pasado martes 19 del corriente y tuvo la participaci\u00f3n del delegado y trabajadores del Departamento de Certificaciones Aeron\u00e1uticas (DCA)\u2013Agust\u00edn Bertone, junto a Daniel Resnik y Luis Bernardi\u2013 y miembros de la Coordinaci\u00f3n Nacional de ATE Anac, &nbsp;Marcelo Belleli y Mario Arce por C\u00f3rdoba. Por la Direcci\u00f3n de Aeronavegabilidad estuvo su titular, Patricio Garc\u00eda, y por los encargados de Relaciones Laborales, Ricardo Serragno y Gonzalo Echebarrena.<\/p>\n\n\n\n<p>En la oportunidad, se abord\u00f3 el reclamo por el pase a planta de contratados (seg\u00fan art\u00edculo 9) y los reencasillamientos pendientes, acordando que son requerimientos sin resolver. El sector fue incluido en 2019 en el convenio 214 y le cabe a los trabajadores el derecho a la planta transitoria de los contratados. Actualmente un tercio se encuentra trabajando bajo esa modalidad.<\/p>\n\n\n\n<p>Otro punto tratado fue la necesidad de mejorar la infraestructura del lugar de trabajo. En ese sentido, se acord\u00f3 llevar adelante las gestiones para renovar el mobiliario obsoleto y dar soluciones a los inconvenientes edilicios, analizando un \u201cproyecto de traslado2 a la Direcci\u00f3n Regional Noroeste, que se encuentra en el predio del Aeropuerto C\u00f3rdoba. Actualmente el \u00e1rea est\u00e1 dentro de planta de Fadea provisionalmente<\/p>\n\n\n\n<p>Adem\u00e1s, los funcionarios coincidieron con el planteo de ATE respecto a la inconveniencia de &nbsp;&nbsp;mantener vigente la Resoluci\u00f3n 676\/18 debido a su inaplicabilidad. Al respecto el director de Aeronavegabilidad se comprometi\u00f3 a gestionar antes la Direcci\u00f3n Nacional de Seguridad Operacional la revisi\u00f3n y eventual derogaci\u00f3n de la norma.<\/p>\n\n\n\n<p>Por otro lado, se acord\u00f3 trabajar en el dise\u00f1o de protocolos de inspecci\u00f3n que garanticen la seguridad de las tareas y del personal. Al respecto quedo establecido que ante&nbsp; cualquier situaci\u00f3n actual o futura de reinserci\u00f3n laboral se deber\u00e1 respetar las recomendaciones de la CYMAT o la Comisi\u00f3n de Seguridad e Higiene sobre las recomendaciones sobre la actual pandemia.<\/p>\n\n\n\n<p>En el cap\u00edtulo de capacitaciones, Patricio Garc\u00eda manifest\u00f3 la importancia de la capacitaci\u00f3n espec\u00edfica del personal de la DCA para lo cual se estableci\u00f3 que se har\u00e1n las gestiones necesarias con el CIPE (Centro de Instrucci\u00f3n de Profesionales Aeron\u00e1uticos) para implementar los cursos a trav\u00e9s de las plataformas de dicha instituci\u00f3n.<\/p>\n\n\n\n<p>Tambi\u00e9n se le solicito al director de Aeronavegabilidad que intervenga y ponga fin a la problem\u00e1tica sobre los l\u00edmites y funciones de cada departamento que tiene a su cargo para as\u00ed evitar autoasignaci\u00f3n de tareas.<\/p>\n\n\n\n<p><strong>Condiciones de trabajo<\/strong><\/p>\n\n\n\n<p>Los representantes de ATE plantearon la incorporaci\u00f3n y\/o cobertura de los puestos de trabajo perdidos, ya sea por el personal jubilado o dado de baja. Ante la evidencia en reiteradas oportunidades la falta de personal para afrontar la demanda de tr\u00e1mites del DCA es uno de los problemas urgentes a resolver. Vale se\u00f1alar que en 2010 el sector contaba con 40, todos de planta permanente, y hoy son 29, con 8 contratados.<\/p>\n\n\n\n<div class=\"wp-block-image\"><figure class=\"alignright size-large is-resized\"><img loading=\"lazy\" decoding=\"async\" src=\"http:\/\/atecordoba.org\/wp-content\/uploads\/2020\/06\/anac-vacunacion-768x1024.jpg\" alt=\"\" class=\"wp-image-13030\" width=\"330\" height=\"440\"\/><figcaption>Campa\u00f1a de vacunaci\u00f3n contra la gripe.<\/figcaption><\/figure><\/div>\n\n\n\n<p>En otro \u00edtem, ATE inst\u00f3 a las autoridades a afrontar la compensaci\u00f3n de horas, insistiendo con el avance del proyecto de compensaci\u00f3n presentado al jefe DCA con anterioridad. Tambi\u00e9n se reclam\u00f3 el armado de un organigrama del \u00e1rea acorde a las funciones del departamento y la resoluci\u00f3n de los problemas de comunicaci\u00f3n interna, impulsando un modelo transversal que colabore con el avance de la gesti\u00f3n, reconociendo la capacidad y el profesionalismo de los compa\u00f1eros puesto en los procesos de certificaci\u00f3n.<\/p>\n\n\n\n<p>Agust\u00edn Bertone, delegado de la DNA, valor\u00f3 el espacio de di\u00e1logo y \u201ccomo puente para atravesar una coyuntura econ\u00f3mica y social compleja, en donde la industria aerocomercial se va a ver sumamente resentida\u201d y adelant\u00f3 que qued\u00f3 programa otra reuni\u00f3n para dentro de 15 d\u00edas.<\/p>\n\n\n\n<p>\u201cEs el momento de poner en valor el trabajo estatal, que en este momento garantiza cuestiones fundamentales para nuestro pueblo\u201d, resumi\u00f3 Bertone.<\/p>\n\n\n\n<p>A partir de la reuni\u00f3n, se resolvi\u00f3 tambi\u00e9n que los trabajadores de la DNA est\u00e9n incluidos en la campa\u00f1a anual de vacunaci\u00f3n contra la gripe. El martes se inici\u00f3 el operativo en los servicios auxiliares del Aeropuerto C\u00f3rdoba, en tanto ma\u00f1ana viernes ser\u00e1 el turno de la Regional Noroeste y la DNA.<\/p>\n","protected":false},"excerpt":{"rendered":"<p>Compa\u00f1eros de la Coordinaci\u00f3n ATE Anac mantuvieron una conferencia por zoom con funcionarios de la Direcci\u00f3n de Aeronavegabilidad para tratar la situaci\u00f3n del Departamento de Certificaciones Aeron\u00e1uticas. El c\u00f3nclave se llev\u00f3 a cabo el pasado martes 19 del corriente y tuvo la participaci\u00f3n del delegado y trabajadores del Departamento de Certificaciones Aeron\u00e1uticas (DCA)\u2013Agust\u00edn Bertone, junto [&hellip;]<\/p>\n","protected":false},"author":1,"featured_media":19768,"comment_status":"open","ping_status":"open","sticky":true,"template":"","format":"standard","meta":{"_exactmetrics_skip_tracking":false,"_exactmetrics_sitenote_active":false,"_exactmetrics_sitenote_note":"","_exactmetrics_sitenote_category":0,"jnews-multi-image_gallery":[],"jnews_single_post":[],"jnews_primary_category":[],"jnews_social_meta":[],"jnews_review":[],"enable_review":"","type":"","name":"","summary":"","brand":"","sku":"","good":[],"bad":[],"score_override":"","override_value":"","rating":[],"price":[],"jnews_override_counter":[],"jnews_post_split":[],"footnotes":""},"categories":[18],"tags":[33,343,347],"class_list":["post-13028","post","type-post","status-publish","format-standard","has-post-thumbnail","hentry","category-nacionales","tag-anac","tag-consejo-directivo-nacional","tag-movimiento-aeronautico-cordobes-mac"],"jetpack_featured_media_url":"https:\/\/atecordoba.org\/wp-content\/uploads\/2020\/06\/anac-reunion-zoom-1024x575.jpg","_links":{"self":[{"href":"https:\/\/atecordoba.org\/index.php?rest_route=\/wp\/v2\/posts\/13028","targetHints":{"allow":["GET"]}}],"collection":[{"href":"https:\/\/atecordoba.org\/index.php?rest_route=\/wp\/v2\/posts"}],"about":[{"href":"https:\/\/atecordoba.org\/index.php?rest_route=\/wp\/v2\/types\/post"}],"author":[{"embeddable":true,"href":"https:\/\/atecordoba.org\/index.php?rest_route=\/wp\/v2\/users\/1"}],"replies":[{"embeddable":true,"href":"https:\/\/atecordoba.org\/index.php?rest_route=%2Fwp%2Fv2%2Fcomments&post=13028"}],"version-history":[{"count":1,"href":"https:\/\/atecordoba.org\/index.php?rest_route=\/wp\/v2\/posts\/13028\/revisions"}],"predecessor-version":[{"id":19883,"href":"https:\/\/atecordoba.org\/index.php?rest_route=\/wp\/v2\/posts\/13028\/revisions\/19883"}],"wp:featuredmedia":[{"embeddable":true,"href":"https:\/\/atecordoba.org\/index.php?rest_route=\/wp\/v2\/media\/19768"}],"wp:attachment":[{"href":"https:\/\/atecordoba.org\/index.php?rest_route=%2Fwp%2Fv2%2Fmedia&parent=13028"}],"wp:term":[{"taxonomy":"category","embeddable":true,"href":"https:\/\/atecordoba.org\/index.php?rest_route=%2Fwp%2Fv2%2Fcategories&post=13028"},{"taxonomy":"post_tag","embeddable":true,"href":"https:\/\/atecordoba.org\/index.php?rest_route=%2Fwp%2Fv2%2Ftags&post=13028"}],"curies":[{"name":"wp","href":"https:\/\/api.w.org\/{rel}","templated":true}]}}