{"id":13019,"date":"2020-05-20T16:54:45","date_gmt":"2020-05-20T19:54:45","guid":{"rendered":"https:\/\/www.atecordoba.org\/?p=13019"},"modified":"2020-06-09T15:16:57","modified_gmt":"2020-06-09T18:16:57","slug":"giuliani-schiaretti-es-un-ajustador-serial","status":"publish","type":"post","link":"https:\/\/atecordoba.org\/?p=13019","title":{"rendered":"Giuliani: \u201cSchiaretti es un ajustador serial\u201d"},"content":{"rendered":"\n<p><em>En dialogo con la prensa, el secretario General de ATE C\u00f3rdoba fustig\u00f3 al gobierno provincial por el ajuste previsional, al tiempo que critic\u00f3 al gobierno nacional por el magro aumento en las jubilaciones que decret\u00f3 ayer. Reclam\u00f3 que en C\u00f3rdoba paguen los que m\u00e1s tienen y anticip\u00f3 la jornada de protesta junto a la CTA y las organizaciones que la integran el pr\u00f3ximo 29 de mayo, fecha el Cordobazo.<\/em><\/p>\n\n\n\n<div class=\"wp-block-image\"><figure class=\"aligncenter size-large\"><img decoding=\"async\" src=\"http:\/\/atecordoba.org\/wp-content\/uploads\/2020\/06\/feederico-1-1024x682.jpg\" alt=\"\" class=\"wp-image-13021\"\/><figcaption>Federico Giuliani en una movilizaci\u00f3n. (archivo)<\/figcaption><\/figure><\/div>\n\n\n\n<p>En dialogo con el programa La Feria, que emite Radio Sur FM 90.1, el secretario General del Consejo Directivo Provincial de ATE C\u00f3rdoba expuso sobre el ajuste del gobernador Juan Schiaretti en el sistema previsional de la Caja de Jubilaciones. Pero la cr\u00edtica de dirigente fue m\u00e1s all\u00e1 y apunt\u00f3 a razones estructurales para calificar de \u2018antipopulares\u2019 las pol\u00edticas provinciales.<\/p>\n\n\n\n<p>\u201cNuestra preocupaci\u00f3n, en primer lugar, es hacia las pol\u00edticas p\u00fablicas que est\u00e1 generando el gobierno provincial respecto a la pandemia, no solamente a la primera l\u00ednea de lucha en salud p\u00fablica \u2013donde los trabajadores no tienen insumos de prevenci\u00f3n ni elementos de bioseguridad, cobran malos salarios, no recibieron todav\u00eda el bono nacional-, sino tambi\u00e9n por las pol\u00edticas sociales que no llegan a las barriadas, al contexto de ajuste generalizado que el gobierno plantea en un marco de aislamiento\u201d, dijo el dirigente.<\/p>\n\n\n\n<p>Y agreg\u00f3: \u201ccuando hablo del gobierno me refiero a los que est\u00e1n en el bloque de conducci\u00f3n del gobierno provincial pero tambi\u00e9n en la ciudad de C\u00f3rdoba. Con Mart\u00edn Llaryora aprobando su ordenanza para reducir salarios, as\u00ed como el tratamiento ruin del ajuste previsional sobre las jubilaciones m\u00e1s bajas de la instancia judicial, trabajadores de Epec y municipales de C\u00f3rdoba\u201d.<\/p>\n\n\n\n<div class=\"wp-block-image\"><figure class=\"alignleft size-large is-resized\"><img loading=\"lazy\" decoding=\"async\" src=\"http:\/\/atecordoba.org\/wp-content\/uploads\/2020\/06\/feederico2.jpg\" alt=\"\" class=\"wp-image-13023\" width=\"357\" height=\"357\"\/><\/figure><\/div>\n\n\n\n<p>\u201cCreemos que esta pandemia le vino bien al gobierno provincial, que estaba fundido y ven\u00eda aplicando pol\u00edticas de ajuste hace rato, &nbsp;para seguir apretando hacia los sectores que menos tenemos. Desde la CTA emitimos un documento en este sentido pero, adem\u00e1s, decidimos accionar dentro de los l\u00edmites que tenemos por el aislamiento de la cuarentena en las distintas regiones de la provincia, realizando una jornada de protesta el 29 de mayo en el marco del Cordobazo, donde no solo va a estar protestando nuestra estructura territorial, con 50 ollas populares en toda C\u00f3rdoba, sino tambi\u00e9n ATE, con la exigencia de la reincorporaci\u00f3n de los despedidos durante el macrismo y sectores privados que plantean la necesaria regulaci\u00f3n del teletrabajo y rechazando la reducci\u00f3n salarial\u201d, adelant\u00f3.<\/p>\n\n\n\n<p>\u201cEntendemos que este gobierno de Schiaretti, que fue socio del macrismo, sigue con esas pol\u00edticas de ajuste en un marco de pandemia donde la desigualdad social es cada vez mayor\u201d, redonde\u00f3 Giuliani.<\/p>\n\n\n\n<p><strong>\u00bfCu\u00e1l es su posici\u00f3n respecto a la reforma previsional que plantea el gobierno de la provincia?<\/strong><\/p>\n\n\n\n<p>Cuando se habla de reforma siempre implica el ajuste, agarr\u00e9monos porque seguramente se vienen medidas antipopulares. Sabemos que tienen armada una sesi\u00f3n expr\u00e9s, que obviamente tienen quorum y mayor\u00eda para sacar un ajuste brutal hacia uno de los sectores m\u00e1s vulnerables de la pandemia.<\/p>\n\n\n\n<p>Los eslabones m\u00e1s d\u00e9biles de la comunidad son, por un lado, nuestras pibas y pibes, que hoy en su mayor\u00eda est\u00e1n debajo de la l\u00ednea de la pobreza en C\u00f3rdoba, sin acceso a la conectividad para poder estar al d\u00eda con la escuela y est\u00e1n en condiciones de pobreza en las barriadas de la provincia; y por otro lado nuestras abuelas y abuelos que no llevan a fin de mes, con lo que valen los alimentos y los remedios, y el gobierno ajusta a los sectores m\u00e1s vulnerables.<\/p>\n\n\n\n<p>En ese sentido, la reforma va a encarar el ajuste hacia los sectores judiciales, de luz y fuerza, municipales. Tampoco pensemos que son millonarios en un pa\u00eds donde la canasta familiar cuesta 67 mil pesos.<\/p>\n\n\n\n<div class=\"wp-block-image\"><figure class=\"aligncenter size-large\"><img decoding=\"async\" src=\"http:\/\/atecordoba.org\/wp-content\/uploads\/2020\/06\/feederico4.jpg\" alt=\"\" class=\"wp-image-13025\"\/><\/figure><\/div>\n\n\n\n<p>Una vez m\u00e1s demuestra el gobierno que la Caja de Jubilaciones fue utilizada para otra cosa. La descomunal y fastuosa propaganda que tiene el gobierno en su pol\u00edtica marketinera se lleva grandes montos de dinero y nos parece una verg\u00fcenza que en \u00e9pocas de pandemia en vez de aportar a los sectores que menos tienen para que no se agrande la brecha de desigualdad. Pero tambi\u00e9n es una definici\u00f3n pol\u00edtica. Por ac\u00e1 se podr\u00eda paliar la crisis con un impuesto a la riqueza sobre los que m\u00e1s tienen: la renta terrateniente, los exportadores de cereales, la renta financiera, los grandes grupos econ\u00f3micos de C\u00f3rdoba como Urqu\u00eda, Pagani o Roggio. Hay una definici\u00f3n pol\u00edtica que va de la mano de la historia y el ADN que tiene este gobierno provincial, que es un ajustador serial.<\/p>\n\n\n\n<p><strong>Se deduce que est\u00e1n de acuerdo con el proyecto de ley que impulsan diputados del oficialismo.<\/strong><\/p>\n\n\n\n<p>Si, pero viene demorado. Se tendr\u00eda que haber trabajado de manera inmediata apenas surgi\u00f3 la pandemia. En la primera reuni\u00f3n del congreso v\u00eda zoom no se encar\u00f3 y ahora se viene dilatando. Nosotros obviamente coincidimos en que se apruebe un proyecto de ley pero mientras m\u00e1s tarde en aprobarse, peor va a ser.<\/p>\n\n\n\n<div class=\"wp-block-image\"><figure class=\"alignright size-large is-resized\"><img loading=\"lazy\" decoding=\"async\" src=\"http:\/\/atecordoba.org\/wp-content\/uploads\/2020\/06\/feederico3.jpg\" alt=\"\" class=\"wp-image-13024\" width=\"389\" height=\"386\"\/><\/figure><\/div>\n\n\n\n<p>Porque los sectores de poder operan permanentemente. \u00bfC\u00f3mo es? El gobierno nacional no tiene plata para la ayuda social a los sectores que menos tienen pero resulta que le pagamos la mitad de los sueldos a las empresas que fugaron capitales durante el macrismo. Es decir, Techint y el grupo Clarin son beneficiados con el pago de la mitad del sueldo de los obreros cuando en realidad son empresas que acumularon y tienen un PBI afuera del pa\u00eds.<\/p>\n\n\n\n<p>Seamos sinceros, ac\u00e1 no puede haber grises. Se est\u00e1 de un lado o de otro. Si no sale el impuesto a la riqueza y si le seguimos pagando a las empresas que fugaron a plata del pa\u00eds, cuando esos fondos tienen que ir a la comunidad, entonces se est\u00e1 gobernando para los mismos sectores de siempre.<\/p>\n\n\n\n<p>Por eso sacamos una posici\u00f3n respecto al lamentable decreto que sac\u00f3 el gobierno nacional ayer, de un pobr\u00edsimo 6% de aumento a los haberes jubilatorios, achat\u00e1ndolos y ratificando la pol\u00edtica donde terminan pagando m\u00e1s los que menos tienen, cuando deber\u00eda ser al rev\u00e9s.<\/p>\n\n\n\n<p><strong>\u00bfCu\u00e1les van a ser las acciones p\u00fablicas en el marco de la jornada de protesta?<\/strong><\/p>\n\n\n\n<p>Desde ATE, en los lugares donde se est\u00e1 trabajando porque hay servicios esenciales que se est\u00e1n desarrollando, donde renegamos bastante con los funcionarios para que se cumplan los cuidados necesarios, vamos a hacer asambleas.<\/p>\n\n\n\n<p>Adem\u00e1s van a haber 50 ollas populares en barriadas de C\u00f3rdoba, van a haber protestas de los despedidos del macrismo del Estado nacional, atento que en C\u00f3rdoba son 700 familias que a\u00fan no fueron reincorporadas en Fadea, Fabricaciones Militares o Secretar\u00eda de Agricultura Familiar.<\/p>\n\n\n\n<p>Despu\u00e9s los compa\u00f1eros del sector privado que est\u00e1n analizando cu\u00e1l va a ser la actividad, principalmente en Capital porque esta vuelta a la fase 3 tambi\u00e9n complica las metodolog\u00eda de protesta.<\/p>\n\n\n\n<p>Hay que reinventarse y usar la imaginaci\u00f3n para nuevas formas de protesta, para que se visibilicen los problemas y seguramente las redes van a tener un protagonismo fundamental.<\/p>\n","protected":false},"excerpt":{"rendered":"<p>En dialogo con la prensa, el secretario General de ATE C\u00f3rdoba fustig\u00f3 al gobierno provincial por el ajuste previsional, al tiempo que critic\u00f3 al gobierno nacional por el magro aumento en las jubilaciones que decret\u00f3 ayer. Reclam\u00f3 que en C\u00f3rdoba paguen los que m\u00e1s tienen y anticip\u00f3 la jornada de protesta junto a la CTA [&hellip;]<\/p>\n","protected":false},"author":1,"featured_media":19764,"comment_status":"open","ping_status":"open","sticky":true,"template":"","format":"standard","meta":{"_exactmetrics_skip_tracking":false,"_exactmetrics_sitenote_active":false,"_exactmetrics_sitenote_note":"","_exactmetrics_sitenote_category":0,"jnews-multi-image_gallery":[],"jnews_single_post":[],"jnews_primary_category":[],"jnews_social_meta":[],"jnews_review":[],"enable_review":"","type":"","name":"","summary":"","brand":"","sku":"","good":[],"bad":[],"score_override":"","override_value":"","rating":[],"price":[],"jnews_override_counter":[],"jnews_post_split":[],"footnotes":""},"categories":[350],"tags":[335],"class_list":["post-13019","post","type-post","status-publish","format-standard","has-post-thumbnail","hentry","category-opinion","tag-prensa"],"jetpack_featured_media_url":"https:\/\/atecordoba.org\/wp-content\/uploads\/2020\/06\/feederico-1-1024x682.jpg","_links":{"self":[{"href":"https:\/\/atecordoba.org\/index.php?rest_route=\/wp\/v2\/posts\/13019","targetHints":{"allow":["GET"]}}],"collection":[{"href":"https:\/\/atecordoba.org\/index.php?rest_route=\/wp\/v2\/posts"}],"about":[{"href":"https:\/\/atecordoba.org\/index.php?rest_route=\/wp\/v2\/types\/post"}],"author":[{"embeddable":true,"href":"https:\/\/atecordoba.org\/index.php?rest_route=\/wp\/v2\/users\/1"}],"replies":[{"embeddable":true,"href":"https:\/\/atecordoba.org\/index.php?rest_route=%2Fwp%2Fv2%2Fcomments&post=13019"}],"version-history":[{"count":1,"href":"https:\/\/atecordoba.org\/index.php?rest_route=\/wp\/v2\/posts\/13019\/revisions"}],"predecessor-version":[{"id":19884,"href":"https:\/\/atecordoba.org\/index.php?rest_route=\/wp\/v2\/posts\/13019\/revisions\/19884"}],"wp:featuredmedia":[{"embeddable":true,"href":"https:\/\/atecordoba.org\/index.php?rest_route=\/wp\/v2\/media\/19764"}],"wp:attachment":[{"href":"https:\/\/atecordoba.org\/index.php?rest_route=%2Fwp%2Fv2%2Fmedia&parent=13019"}],"wp:term":[{"taxonomy":"category","embeddable":true,"href":"https:\/\/atecordoba.org\/index.php?rest_route=%2Fwp%2Fv2%2Fcategories&post=13019"},{"taxonomy":"post_tag","embeddable":true,"href":"https:\/\/atecordoba.org\/index.php?rest_route=%2Fwp%2Fv2%2Ftags&post=13019"}],"curies":[{"name":"wp","href":"https:\/\/api.w.org\/{rel}","templated":true}]}}