{"id":13013,"date":"2020-05-20T14:24:49","date_gmt":"2020-05-20T17:24:49","guid":{"rendered":"https:\/\/www.atecordoba.org\/?p=13013"},"modified":"2020-06-09T14:46:31","modified_gmt":"2020-06-09T17:46:31","slug":"ate-cordoba-rechaza-la-continuidad-del-achicamiento-en-los-haberes-jubilatorios","status":"publish","type":"post","link":"https:\/\/atecordoba.org\/?p=13013","title":{"rendered":"ATE C\u00f3rdoba rechaza la continuidad del achicamiento en los haberes jubilatorios"},"content":{"rendered":"\n<p><em>El Consejo Directivo Provincial de ATE C\u00f3rdoba rechaza el anuncio del Gobierno que una vez m\u00e1s dispone por Decreto una suba apenas superior al 6% en las jubilaciones a partir de junio. Mismo rechazo al ajuste en el sistema previsional provincial.<\/em><\/p>\n\n\n\n<div class=\"wp-block-image\"><figure class=\"aligncenter size-large\"><img decoding=\"async\" src=\"http:\/\/atecordoba.org\/wp-content\/uploads\/2020\/06\/jubilados.jpg\" alt=\"\" class=\"wp-image-13014\"\/><\/figure><\/div>\n\n\n\n<p>El \u00f3rgano de conducci\u00f3n de ATE en la provincia deplor\u00f3 que se prosiga con el achatamiento de los haberes jubilatorios en un momento tan cr\u00edtico como el que impone la pandemia, que ha dejado al descubierto la enorme desigualdad social, una realidad que castiga con m\u00e1s fuerza a los chicos y los viejos, los dos eslabones m\u00e1s d\u00e9biles de la cadena.<\/p>\n\n\n\n<p>El nuevo decreto del Poder Ejecutivo establece sueldos inferiores a los que se percibir\u00edan con la escu\u00e1lida Ley de Movilidad del Macrismo.<\/p>\n\n\n\n<p>En tal sentido, el CDP se\u00f1al\u00f3 que \u201ces lamentable que a los&nbsp;jubilados&nbsp;que ganan una miseria se les imponga ser solidarios unos con otros, mientras siguen invictos los privilegios de las cerealeras, los bancos y las mineras demostrando que no hay voluntad pol\u00edtica para tocar los intereses de los grupos concentrados. Es una falta de respeto suponer que alguien con 16.800 pesos o con una media de 26 mil pesos puede vivir\u201d.<\/p>\n\n\n\n<p>Por eso, la conducci\u00f3n provincial de ATE rechaz\u00f3 que esta nueva metida de mano en el bolsillo de los jubilados se conozca mientras el Gobierno destina millonarios recursos para pagar deuda, subsidiar a las petroleras y abonarle la mitad de los salarios a las grandes empresas. Al mismo tiempo se retrasa el tratamiento parlamentario al meneado proyecto de Impuesto a la Riqueza.<\/p>\n\n\n\n<p>La defensa de los jubilados y pensionados, as\u00ed como la reivindicaci\u00f3n por el 82% M\u00f3vil para nuestros&nbsp;jubilados&nbsp;y pensionados y la devoluci\u00f3n del PAMI a los trabajadores, sus leg\u00edtimos due\u00f1os, son banderas hist\u00f3ricas que ATE mantiene en pie. Coherentes con esos principios fundacionales, nuestro gremio reafirma que seguir\u00e1 luchando para que la nueva normalidad post COVID-19 no sea la misma injusticia de antes.<\/p>\n\n\n\n<p><strong>Repudio al ajuste de Schiaretti<\/strong><\/p>\n\n\n\n<p>Ante las versiones period\u00edsticas que preanuncian un proyecto de reducci\u00f3n lisa y llana de los sueldos un segmento de jubilados provinciales y de postergaci\u00f3n de actualizaciones para el conjunto de los beneficiarios de la Caja de Jubilaciones, ATE rechaza enf\u00e1ticamente estas medidas que van en l\u00ednea con el saqueo planificado del sistema previsional cordob\u00e9s perpetrado por el gobernador Juan Schiaretti en sus tres periodos de gesti\u00f3n.<\/p>\n\n\n\n<div class=\"wp-block-image\"><figure class=\"aligncenter size-large\"><img decoding=\"async\" src=\"http:\/\/atecordoba.org\/wp-content\/uploads\/2020\/06\/jubilados-armonizacion.jpg\" alt=\"\" class=\"wp-image-13015\"\/><\/figure><\/div>\n\n\n\n<p>Es as\u00ed que desde 2007 Schiaretti viene recortando derechos jubilatorios sistem\u00e1ticamente con la mano ejecutora de su oscuro ministro de Finanzas Osvaldo Giordano, funcionario atornillado al gobierno provincial que ya arrastraba el antecedente de haber instrumentado la privatizaci\u00f3n de las jubilaciones nacionales, v\u00eda la creaci\u00f3n de las AFJP.<\/p>\n\n\n\n<p>Ahora, de buenas a primeras, sin debate alguno ni transparencia en los n\u00fameros de la Caja, Schiaretti mandar\u00eda un proyecto a la Legislatura para rebajar salarios nominalmente, congelar dos meses las actualizaciones de enganche con los salarios de los activos, que religiosamente aportan el 18% de su salario a la entidad previsional, contra el 11% que realizan los aportantes al sistema nacional.<\/p>\n\n\n\n<p>Pero, adem\u00e1s, el gobernador pretende modificar el c\u00e1lculo, que pas\u00f3 del 82% al 73% sus gestiones anteriores, y ahora llevar\u00e1 al 67%. A este escenario se suma que proseguir\u00e1 con la \u2018armonizaci\u00f3n\u2019 con el sistema nacional, es decir, perjudicando derechos previsionales adquiridos para copiar el m\u00e9todo del c\u00e1lculo nacional que es mucho m\u00e1s regresivo que el actual de la Provincia.<\/p>\n\n\n\n<p>De esta forma, el c\u00e1lculo del haber del trabajador que se jubila se realizar\u00e1 en base al promedio de los salarios cobrados los \u00faltimos 10 a\u00f1os, y no los \u00faltimos 4 a\u00f1os como en la actualidad. Vale recordar que el comienzo de las reformas jubilatorias schiarettistas el c\u00e1lculo se realizaba en base al promedio de los \u00faltimos 12 salarios.<\/p>\n\n\n\n<p>Todo esto conforma un panorama dantesco para los jubilados, en un momento cruel para ese sector que, en medio de la pandemia, es el grupo de riesgo no solo para el Covid 19 sino tambi\u00e9n para los depredares del Gobierno de C\u00f3rdoba.<\/p>\n\n\n\n<p class=\"has-text-align-center\">Federico Giuliani<\/p>\n\n\n\n<p class=\"has-text-align-center\">Secretario General ATE C\u00f3rdoba<\/p>\n\n\n\n<p class=\"has-text-align-center\">358 435-5410<\/p>\n\n\n\n<p><\/p>\n\n\n\n<p class=\"has-text-align-center\">Hugo Duran<\/p>\n\n\n\n<p class=\"has-text-align-center\">Secretario Adjunto<\/p>\n\n\n\n<p class=\"has-text-align-center\">351 310-8847<\/p>\n\n\n\n<p><\/p>\n","protected":false},"excerpt":{"rendered":"<p>El Consejo Directivo Provincial de ATE C\u00f3rdoba rechaza el anuncio del Gobierno que una vez m\u00e1s dispone por Decreto una suba apenas superior al 6% en las jubilaciones a partir de junio. Mismo rechazo al ajuste en el sistema previsional provincial. El \u00f3rgano de conducci\u00f3n de ATE en la provincia deplor\u00f3 que se prosiga con [&hellip;]<\/p>\n","protected":false},"author":1,"featured_media":19762,"comment_status":"open","ping_status":"open","sticky":true,"template":"","format":"standard","meta":{"_exactmetrics_skip_tracking":false,"_exactmetrics_sitenote_active":false,"_exactmetrics_sitenote_note":"","_exactmetrics_sitenote_category":0,"jnews-multi-image_gallery":[],"jnews_single_post":[],"jnews_primary_category":[],"jnews_social_meta":[],"jnews_review":[],"enable_review":"","type":"","name":"","summary":"","brand":"","sku":"","good":[],"bad":[],"score_override":"","override_value":"","rating":[],"price":[],"jnews_override_counter":[],"jnews_post_split":[],"footnotes":""},"categories":[53,341],"tags":[],"class_list":["post-13013","post","type-post","status-publish","format-standard","has-post-thumbnail","hentry","category-comunicados-de-prensa","category-cdp"],"jetpack_featured_media_url":"https:\/\/atecordoba.org\/wp-content\/uploads\/2020\/06\/jubilados.jpg","_links":{"self":[{"href":"https:\/\/atecordoba.org\/index.php?rest_route=\/wp\/v2\/posts\/13013","targetHints":{"allow":["GET"]}}],"collection":[{"href":"https:\/\/atecordoba.org\/index.php?rest_route=\/wp\/v2\/posts"}],"about":[{"href":"https:\/\/atecordoba.org\/index.php?rest_route=\/wp\/v2\/types\/post"}],"author":[{"embeddable":true,"href":"https:\/\/atecordoba.org\/index.php?rest_route=\/wp\/v2\/users\/1"}],"replies":[{"embeddable":true,"href":"https:\/\/atecordoba.org\/index.php?rest_route=%2Fwp%2Fv2%2Fcomments&post=13013"}],"version-history":[{"count":1,"href":"https:\/\/atecordoba.org\/index.php?rest_route=\/wp\/v2\/posts\/13013\/revisions"}],"predecessor-version":[{"id":19885,"href":"https:\/\/atecordoba.org\/index.php?rest_route=\/wp\/v2\/posts\/13013\/revisions\/19885"}],"wp:featuredmedia":[{"embeddable":true,"href":"https:\/\/atecordoba.org\/index.php?rest_route=\/wp\/v2\/media\/19762"}],"wp:attachment":[{"href":"https:\/\/atecordoba.org\/index.php?rest_route=%2Fwp%2Fv2%2Fmedia&parent=13013"}],"wp:term":[{"taxonomy":"category","embeddable":true,"href":"https:\/\/atecordoba.org\/index.php?rest_route=%2Fwp%2Fv2%2Fcategories&post=13013"},{"taxonomy":"post_tag","embeddable":true,"href":"https:\/\/atecordoba.org\/index.php?rest_route=%2Fwp%2Fv2%2Ftags&post=13013"}],"curies":[{"name":"wp","href":"https:\/\/api.w.org\/{rel}","templated":true}]}}