{"id":13007,"date":"2020-05-19T18:27:57","date_gmt":"2020-05-19T21:27:57","guid":{"rendered":"https:\/\/www.atecordoba.org\/?p=13007"},"modified":"2020-06-09T14:47:10","modified_gmt":"2020-06-09T17:47:10","slug":"se-desarrollo-la-formacion-en-condiciones-y-medio-ambiente-de-trabajo","status":"publish","type":"post","link":"https:\/\/atecordoba.org\/?p=13007","title":{"rendered":"Se desarroll\u00f3 la Formaci\u00f3n en Condiciones y Medio Ambiente de Trabajo"},"content":{"rendered":"\n<p><em>Organizada por el CDP de ATE C\u00f3rdoba, acaba de concluir la primera instancia v\u00eda teleconferencia. La misma fue dictada por miembros de los equipos t\u00e9cnicos del Consejo Directivo Nacional y cont\u00f3 con la participaci\u00f3n de m\u00e1s de 30 representantes de trabajadoras y trabajadores de todos los niveles del Estado en nuestra Provincia.<\/em><\/p>\n\n\n\n<figure class=\"wp-block-gallery columns-2 is-cropped wp-block-gallery-1 is-layout-flex wp-block-gallery-is-layout-flex\"><ul class=\"blocks-gallery-grid\"><li class=\"blocks-gallery-item\"><figure><img decoding=\"async\" src=\"http:\/\/atecordoba.org\/wp-content\/uploads\/2020\/06\/19-05-Captura-1-1-1024x576.png\" alt=\"\" data-id=\"13009\" data-full-url=\"https:\/\/www.atecordoba.org\/wp-content\/uploads\/2020\/05\/19-05-Captura-1-1.png\" data-link=\"https:\/\/www.atecordoba.org\/?attachment_id=13009\" class=\"wp-image-13009\"\/><\/figure><\/li><li class=\"blocks-gallery-item\"><figure><img decoding=\"async\" src=\"http:\/\/atecordoba.org\/wp-content\/uploads\/2020\/06\/19-05-Captura-2-1024x576.png\" alt=\"\" data-id=\"13010\" data-full-url=\"https:\/\/www.atecordoba.org\/wp-content\/uploads\/2020\/05\/19-05-Captura-2.png\" data-link=\"https:\/\/www.atecordoba.org\/?attachment_id=13010\" class=\"wp-image-13010\"\/><\/figure><\/li><\/ul><\/figure>\n\n\n\n<p>Hoy comenz\u00f3 la Formaci\u00f3n en &#8220;Introducci\u00f3n a la CyMAT (Condiciones y Medioambiente de Trabajo)&#8221; dirigida a Delegados y Delegadas del Estado Nacional. La instancia fue organizada por el Consejo Directivo Provincial (CDP) de ATE C\u00f3rdoba y dictada por Orestes Galeano, Elvira Zacarias y Magali Arocena del Consejo Directivo Nacional de la Asociaci\u00f3n de Trabajadores de Estado. La instancia cont\u00f3 tambi\u00e9n con la presencia y una introducci\u00f3n de Flavio Vergara, referente del Departamento de Paritarixs Nacionales de ATE y de Federico Giuliani, Secretario General del CDP.<\/p>\n\n\n\n<p>&#8220;No se puede tener una visi\u00f3n individualista con respecto a la salud laboral: debe abordarse integralmente. Y, adem\u00e1s, es algo que debemos construir los trabajadores y trabajadoras, en conjunto. Es indelegable&#8221;, expres\u00f3 Galeano, al enmarcar la actividad y ponderar la iniciativa del CDP de ATE C\u00f3rdoba.<\/p>\n\n\n\n<p>De la instancia participaron representantes de Fabricaciones Militares de Villa Mar\u00eda y R\u00edo Tercero; del Ministerio de Trabajo y la Gerencia de Empleo de la Naci\u00f3n; del Inti; Secretaria de Agricultura Familiar; Senasa; Inta, Dioxitek; Civiles FFAA y SS; Iosfa; Anac; Anses; Trabajadorxs de Universidades Nacionales de C\u00f3rdoba y R\u00edo Cuarto; Programa de Vectores (Chagas y Dengue) del Ministerio de Salud de la Naci\u00f3n, entre otro.<\/p>\n\n\n\n<p>&#8220;La importancia del trabajo sobre CyMAT ha sido nodal para esta conducci\u00f3n de ATE C\u00f3rdoba&#8221;, expres\u00f3 Federico Giuliani. &#8220;Esta instancia formativa, de socializaci\u00f3n de saberes y experiencias es central en ese marco: lo ha sido siempre, aunque en este contexto de pandemia ha tomado un estado y relevancia p\u00fablicas especiales&#8221;, enfatiz\u00f3 el dirigente. <\/p>\n\n\n\n<p>El encuentro cont\u00f3 con la presencia de las Seccionales de San Francisco, Cruz del Eje, C\u00f3rdoba Capital, R\u00edo Tercero, Villa Mar\u00eda y R\u00edo Cuarto, &#8220;ello nos permite fortalecer nuestra recientemente creada Comisi\u00f3n de Salud Laboral dependiente de ATE C\u00f3rdoba y la conformaci\u00f3n del Equipo de CyMAT de Sectores Nacionales de la provincia&#8221;, destac\u00f3 Giuliani.<\/p>\n","protected":false},"excerpt":{"rendered":"<p>Organizada por el CDP de ATE C\u00f3rdoba, acaba de concluir la primera instancia v\u00eda teleconferencia. La misma fue dictada por miembros de los equipos t\u00e9cnicos del Consejo Directivo Nacional y cont\u00f3 con la participaci\u00f3n de m\u00e1s de 30 representantes de trabajadoras y trabajadores de todos los niveles del Estado en nuestra Provincia. Hoy comenz\u00f3 la [&hellip;]<\/p>\n","protected":false},"author":1,"featured_media":19760,"comment_status":"open","ping_status":"open","sticky":true,"template":"","format":"standard","meta":{"_exactmetrics_skip_tracking":false,"_exactmetrics_sitenote_active":false,"_exactmetrics_sitenote_note":"","_exactmetrics_sitenote_category":0,"jnews-multi-image_gallery":[],"jnews_single_post":[],"jnews_primary_category":[],"jnews_social_meta":[],"jnews_review":[],"enable_review":"","type":"","name":"","summary":"","brand":"","sku":"","good":[],"bad":[],"score_override":"","override_value":"","rating":[],"price":[],"jnews_override_counter":[],"jnews_post_split":[],"footnotes":""},"categories":[88],"tags":[337],"class_list":["post-13007","post","type-post","status-publish","format-standard","has-post-thumbnail","hentry","category-formacion","tag-cymat"],"jetpack_featured_media_url":"https:\/\/atecordoba.org\/wp-content\/uploads\/2020\/06\/19-05-Captura-1-1-1024x576.png","_links":{"self":[{"href":"https:\/\/atecordoba.org\/index.php?rest_route=\/wp\/v2\/posts\/13007","targetHints":{"allow":["GET"]}}],"collection":[{"href":"https:\/\/atecordoba.org\/index.php?rest_route=\/wp\/v2\/posts"}],"about":[{"href":"https:\/\/atecordoba.org\/index.php?rest_route=\/wp\/v2\/types\/post"}],"author":[{"embeddable":true,"href":"https:\/\/atecordoba.org\/index.php?rest_route=\/wp\/v2\/users\/1"}],"replies":[{"embeddable":true,"href":"https:\/\/atecordoba.org\/index.php?rest_route=%2Fwp%2Fv2%2Fcomments&post=13007"}],"version-history":[{"count":1,"href":"https:\/\/atecordoba.org\/index.php?rest_route=\/wp\/v2\/posts\/13007\/revisions"}],"predecessor-version":[{"id":19886,"href":"https:\/\/atecordoba.org\/index.php?rest_route=\/wp\/v2\/posts\/13007\/revisions\/19886"}],"wp:featuredmedia":[{"embeddable":true,"href":"https:\/\/atecordoba.org\/index.php?rest_route=\/wp\/v2\/media\/19760"}],"wp:attachment":[{"href":"https:\/\/atecordoba.org\/index.php?rest_route=%2Fwp%2Fv2%2Fmedia&parent=13007"}],"wp:term":[{"taxonomy":"category","embeddable":true,"href":"https:\/\/atecordoba.org\/index.php?rest_route=%2Fwp%2Fv2%2Fcategories&post=13007"},{"taxonomy":"post_tag","embeddable":true,"href":"https:\/\/atecordoba.org\/index.php?rest_route=%2Fwp%2Fv2%2Ftags&post=13007"}],"curies":[{"name":"wp","href":"https:\/\/api.w.org\/{rel}","templated":true}]}}