{"id":13004,"date":"2020-05-19T10:16:23","date_gmt":"2020-05-19T13:16:23","guid":{"rendered":"https:\/\/www.atecordoba.org\/?p=13004"},"modified":"2020-06-09T14:47:47","modified_gmt":"2020-06-09T17:47:47","slug":"ate-hace-punta-en-la-resolucion-del-conflicto-municipal-en-capilla-del-monte","status":"publish","type":"post","link":"https:\/\/atecordoba.org\/?p=13004","title":{"rendered":"ATE hace punta en la resoluci\u00f3n del conflicto municipal en Capilla del Monte"},"content":{"rendered":"\n<p><em>La Asociaci\u00f3n de Trabajadores del Estado es uno de los dos sindicatos dentro del municipio.<\/em> (Fuente: CDM Noticias)<\/p>\n\n\n\n<figure class=\"wp-block-image size-large\"><img decoding=\"async\" src=\"http:\/\/atecordoba.org\/wp-content\/uploads\/2020\/06\/capilla-del-monte.jpg\" alt=\"\" class=\"wp-image-13005\"\/><figcaption><em>Federico Giuliani, secretario General del CDP de ATE C\u00f3rdoba, junto a dirigentes de la seccional Cruz del Eje.<\/em> (archivo)<\/figcaption><\/figure>\n\n\n\n<p>En la ma\u00f1ana de hoy llegaron a un acuerdo con el Municipio en el que aceptaron la primer propuesta que este \u00faltimo hab\u00eda realizado, es decir, trabajar el 50% de las horas pautadas y percibir el salario de acuerdo a los ingresos que vaya teniendo el Ejecutivo.<\/p>\n\n\n\n<p><em>\u00abSolicitamos el pago de los haberes dentro del mes para que no nos siga perjudicando ante las entidades bancarias\u00bb<\/em><\/p>\n\n\n\n<p>La nota firmada por ambas partes aclara que el acuerdo es s\u00f3lo por este tiempo de emergencia, sin derogar los acuerdos y convenios anteriores y rige por tres meses.<\/p>\n\n\n\n<p>Por el momento el SOEMC -otro gremio con actuaci\u00f3n en el sector- mantiene la posici\u00f3n r\u00edgida de cobrar el 100% del salario entre el 1 y el 10 de cada mes.<\/p>\n","protected":false},"excerpt":{"rendered":"<p>La Asociaci\u00f3n de Trabajadores del Estado es uno de los dos sindicatos dentro del municipio. (Fuente: CDM Noticias) En la ma\u00f1ana de hoy llegaron a un acuerdo con el Municipio en el que aceptaron la primer propuesta que este \u00faltimo hab\u00eda realizado, es decir, trabajar el 50% de las horas pautadas y percibir el salario [&hellip;]<\/p>\n","protected":false},"author":1,"featured_media":19759,"comment_status":"open","ping_status":"open","sticky":true,"template":"","format":"standard","meta":{"_exactmetrics_skip_tracking":false,"_exactmetrics_sitenote_active":false,"_exactmetrics_sitenote_note":"","_exactmetrics_sitenote_category":0,"jnews-multi-image_gallery":[],"jnews_single_post":[],"jnews_primary_category":[],"jnews_social_meta":[],"jnews_review":[],"enable_review":"","type":"","name":"","summary":"","brand":"","sku":"","good":[],"bad":[],"score_override":"","override_value":"","rating":[],"price":[],"jnews_override_counter":[],"jnews_post_split":[],"footnotes":""},"categories":[150,20],"tags":[],"class_list":["post-13004","post","type-post","status-publish","format-standard","has-post-thumbnail","hentry","category-cruz-del-eje","category-municipales"],"jetpack_featured_media_url":"https:\/\/atecordoba.org\/wp-content\/uploads\/2020\/06\/capilla-del-monte.jpg","_links":{"self":[{"href":"https:\/\/atecordoba.org\/index.php?rest_route=\/wp\/v2\/posts\/13004","targetHints":{"allow":["GET"]}}],"collection":[{"href":"https:\/\/atecordoba.org\/index.php?rest_route=\/wp\/v2\/posts"}],"about":[{"href":"https:\/\/atecordoba.org\/index.php?rest_route=\/wp\/v2\/types\/post"}],"author":[{"embeddable":true,"href":"https:\/\/atecordoba.org\/index.php?rest_route=\/wp\/v2\/users\/1"}],"replies":[{"embeddable":true,"href":"https:\/\/atecordoba.org\/index.php?rest_route=%2Fwp%2Fv2%2Fcomments&post=13004"}],"version-history":[{"count":1,"href":"https:\/\/atecordoba.org\/index.php?rest_route=\/wp\/v2\/posts\/13004\/revisions"}],"predecessor-version":[{"id":19887,"href":"https:\/\/atecordoba.org\/index.php?rest_route=\/wp\/v2\/posts\/13004\/revisions\/19887"}],"wp:featuredmedia":[{"embeddable":true,"href":"https:\/\/atecordoba.org\/index.php?rest_route=\/wp\/v2\/media\/19759"}],"wp:attachment":[{"href":"https:\/\/atecordoba.org\/index.php?rest_route=%2Fwp%2Fv2%2Fmedia&parent=13004"}],"wp:term":[{"taxonomy":"category","embeddable":true,"href":"https:\/\/atecordoba.org\/index.php?rest_route=%2Fwp%2Fv2%2Fcategories&post=13004"},{"taxonomy":"post_tag","embeddable":true,"href":"https:\/\/atecordoba.org\/index.php?rest_route=%2Fwp%2Fv2%2Ftags&post=13004"}],"curies":[{"name":"wp","href":"https:\/\/api.w.org\/{rel}","templated":true}]}}