{"id":12999,"date":"2020-05-18T12:24:33","date_gmt":"2020-05-18T15:24:33","guid":{"rendered":"https:\/\/www.atecordoba.org\/?p=12999"},"modified":"2020-06-09T14:49:11","modified_gmt":"2020-06-09T17:49:11","slug":"anac-el-cuerpo-de-delegados-de-ate-entrego-barbijos-a-las-y-los-afiliados-del-aeropuerto-que-realizan-trabajo-presencial","status":"publish","type":"post","link":"https:\/\/atecordoba.org\/?p=12999","title":{"rendered":"Anac: el cuerpo de delegados de ATE entreg\u00f3 barbijos a las y los afiliados del aeropuerto que realizan trabajo presencial"},"content":{"rendered":"\n<p><em>En medio de la pandemia, los elementos de higiene y seguridad son claves para que cuidado de la salud de las y los trabajadores.<\/em><\/p>\n\n\n\n<figure class=\"wp-block-image size-large\"><img decoding=\"async\" src=\"http:\/\/atecordoba.org\/wp-content\/uploads\/2020\/06\/WhatsApp-Image-2020-05-18-at-11.20.07-1-1024x576.jpg\" alt=\"\" class=\"wp-image-13000\"\/><\/figure>\n\n\n\n<p>La iniciativa se realiz\u00f3 el pasado s\u00e1bado 16 de mayo, durante el cambio de turno de las 8 horas, y estuvo a cargo del cuerpo de delegados de ATE-ANAC.<\/p>\n\n\n\n<p>En la oportunidad se hizo entrega de barbijos para todo el personal afiliado que se desempe\u00f1a en los tres sectores de la ANAC en el Aeropuerto C\u00f3rdoba: control terrestre, sanidad y el servicio de extinci\u00f3n de incendios.<\/p>\n\n\n\n<p>En el caso de las y los compa\u00f1eros que no se encontraban en sus puestos de trabajo en dicho horario, se dej\u00f3 las tapabocas en manos de los propios delegados para que los entreguen oportunamente. &nbsp;Tambi\u00e9n se entregaron m\u00e1scaras de cobertura acr\u00edlica. <\/p>\n\n\n\n<p>Se trata de una pol\u00edtica de apoyo a las y los trabajadores, que est\u00e1n desarrollando tareas esenciales, desarrollado por ATE C\u00f3rdoba desde el comienzo de la cuarentena.<\/p>\n\n\n\n<p>Las y los compa\u00f1eros que participaron de la actividad gremial fueron Mario Arce, delegado regional, Agust\u00edn Bertone, vocal del CDP y delegado de \u00e1rea Certificaciones Aeron\u00e1uticas, Carina Arg\u00fcello, delegada de Sanidad, Alejandro Gauna, bomberos, y David Sagario, Control Terrestre.<\/p>\n\n\n\n<div class=\"wp-block-image\"><figure class=\"alignright size-large is-resized\"><img loading=\"lazy\" decoding=\"async\" src=\"http:\/\/atecordoba.org\/wp-content\/uploads\/2020\/06\/WhatsApp-Image-2020-05-18-at-11.20.08-1-1024x576.jpg\" alt=\"\" class=\"wp-image-13001\" width=\"386\" height=\"217\"\/><\/figure><\/div>\n\n\n\n<p>\u201cHubo muy buena recepci\u00f3n de las y los compa\u00f1eros. La presencia del gremio es fundamental para superar la pandemia con la contenci\u00f3n necesaria. Saben que estamos\u201d, resumi\u00f3 Agust\u00edn Bertone.<\/p>\n\n\n\n<p>Por otro lado, el delegado e integrante del CDP adelant\u00f3 que el cuerpo de delegados est\u00e1 comenzando discutir un proyecto de protocolo de funcionamiento interno del sector para cuando finalice la cuarentena y haya que reintegrarse a los puestos de trabajo.<\/p>\n\n\n\n<p>\u201cVamos a tener de adecuarnos en los espacios a lo que establezca la autoridad sanitaria nacional y por eso es clave que vayamos anticipando la respuesta a una situaci\u00f3n a resolver en breve\u201d, concluy\u00f3 Bertone.<\/p>\n","protected":false},"excerpt":{"rendered":"<p>En medio de la pandemia, los elementos de higiene y seguridad son claves para que cuidado de la salud de las y los trabajadores. La iniciativa se realiz\u00f3 el pasado s\u00e1bado 16 de mayo, durante el cambio de turno de las 8 horas, y estuvo a cargo del cuerpo de delegados de ATE-ANAC. En la [&hellip;]<\/p>\n","protected":false},"author":1,"featured_media":19757,"comment_status":"open","ping_status":"open","sticky":true,"template":"","format":"standard","meta":{"_exactmetrics_skip_tracking":false,"_exactmetrics_sitenote_active":false,"_exactmetrics_sitenote_note":"","_exactmetrics_sitenote_category":0,"jnews-multi-image_gallery":[],"jnews_single_post":[],"jnews_primary_category":[],"jnews_social_meta":[],"jnews_review":[],"enable_review":"","type":"","name":"","summary":"","brand":"","sku":"","good":[],"bad":[],"score_override":"","override_value":"","rating":[],"price":[],"jnews_override_counter":[],"jnews_post_split":[],"footnotes":""},"categories":[341,18],"tags":[33,347],"class_list":["post-12999","post","type-post","status-publish","format-standard","has-post-thumbnail","hentry","category-cdp","category-nacionales","tag-anac","tag-movimiento-aeronautico-cordobes-mac"],"jetpack_featured_media_url":"https:\/\/atecordoba.org\/wp-content\/uploads\/2020\/06\/WhatsApp-Image-2020-05-18-at-11.20.07-1-1024x576.jpg","_links":{"self":[{"href":"https:\/\/atecordoba.org\/index.php?rest_route=\/wp\/v2\/posts\/12999","targetHints":{"allow":["GET"]}}],"collection":[{"href":"https:\/\/atecordoba.org\/index.php?rest_route=\/wp\/v2\/posts"}],"about":[{"href":"https:\/\/atecordoba.org\/index.php?rest_route=\/wp\/v2\/types\/post"}],"author":[{"embeddable":true,"href":"https:\/\/atecordoba.org\/index.php?rest_route=\/wp\/v2\/users\/1"}],"replies":[{"embeddable":true,"href":"https:\/\/atecordoba.org\/index.php?rest_route=%2Fwp%2Fv2%2Fcomments&post=12999"}],"version-history":[{"count":1,"href":"https:\/\/atecordoba.org\/index.php?rest_route=\/wp\/v2\/posts\/12999\/revisions"}],"predecessor-version":[{"id":19888,"href":"https:\/\/atecordoba.org\/index.php?rest_route=\/wp\/v2\/posts\/12999\/revisions\/19888"}],"wp:featuredmedia":[{"embeddable":true,"href":"https:\/\/atecordoba.org\/index.php?rest_route=\/wp\/v2\/media\/19757"}],"wp:attachment":[{"href":"https:\/\/atecordoba.org\/index.php?rest_route=%2Fwp%2Fv2%2Fmedia&parent=12999"}],"wp:term":[{"taxonomy":"category","embeddable":true,"href":"https:\/\/atecordoba.org\/index.php?rest_route=%2Fwp%2Fv2%2Fcategories&post=12999"},{"taxonomy":"post_tag","embeddable":true,"href":"https:\/\/atecordoba.org\/index.php?rest_route=%2Fwp%2Fv2%2Ftags&post=12999"}],"curies":[{"name":"wp","href":"https:\/\/api.w.org\/{rel}","templated":true}]}}