{"id":12992,"date":"2020-05-18T09:46:19","date_gmt":"2020-05-18T12:46:19","guid":{"rendered":"https:\/\/www.atecordoba.org\/?p=12992"},"modified":"2020-06-09T14:49:37","modified_gmt":"2020-06-09T17:49:37","slug":"nuevo-curso-de-formacion-rescatamos-el-compromiso-profesional-y-militante-de-una-brillante-mujer-de-ate-cordoba","status":"publish","type":"post","link":"https:\/\/atecordoba.org\/?p=12992","title":{"rendered":"Nuevo curso de formaci\u00f3n: rescatamos el compromiso profesional y militante de una brillante mujer de ATE C\u00f3rdoba"},"content":{"rendered":"\n<p><em>En homenaje a la brillante y comprometida Mar\u00eda Lila Garc\u00eda y recuperando la memoria hist\u00f3rica para ATE C\u00f3rdoba, la conducci\u00f3n provincial reivindica con justicia de la nube del olvido a esta hist\u00f3rica militante y escribana de la C\u00f3rdoba rebelde al decidir que el Campus Virtual de Formaci\u00f3n en G\u00e9neros lleve su nombre.<\/em> <\/p>\n\n\n\n<div class=\"wp-block-image\"><figure class=\"aligncenter size-large\"><img decoding=\"async\" src=\"http:\/\/atecordoba.org\/wp-content\/uploads\/2020\/06\/Foto-Lila-Garc\u00eda.png\" alt=\"\" class=\"wp-image-12993\"\/><\/figure><\/div>\n\n\n\n<p>(Por Daniel Parcero, historiador de ATE) El hecho ha sido posible a partir del permanente empe\u00f1o de la conducci\u00f3n de de ATE Nacional, desde la recuperaci\u00f3n de la democracia, en recuperar su memoria hist\u00f3rica. Precisamente al ir al rescate de \u00e9sta figura trascendente del sindicalismo, y al encuentro de compa\u00f1eras y compa\u00f1eros como Guillermo Galindez \u2013 ex secretario de prensa de ATE C\u00f3rdoba \u2013 que participaran de aquellas gloriosas jornadas de lucha, es que se pudo recuperar la p\u00e1gina de compromiso que representa \u201cLila\u201d; cuyo protagonismo, adem\u00e1s, viene siendo recuperado en el libro en curso \u201cLa ATE y sus mujeres\u201d de pronta aparici\u00f3n.<\/p>\n\n\n\n<p>\u201cLila\u201d fue la escribana de ATE C\u00f3rdoba desde comienzos de los a\u00f1os 60, y de reconocida trayectoria profesional en otros gremios. Desde&nbsp; comienzos de su carrera decidi\u00f3 poner sus conocimientos al servicio del movimiento obrero, cumpliendo con un ejemplar desempe\u00f1o, sobre todo en momentos en que la dictadura militar del integrista Juan Carlos &nbsp;Ongan\u00eda pactaba con la burocracia sindical espurios acuerdos y consent\u00eda intervenciones hacia conducciones del interior del pa\u00eds.<\/p>\n\n\n\n<div class=\"wp-block-image\"><figure class=\"aligncenter size-large\"><img decoding=\"async\" src=\"http:\/\/atecordoba.org\/wp-content\/uploads\/2020\/06\/Convocatoria-al-curso-de-generos-1-1024x486.jpg\" alt=\"\" class=\"wp-image-12995\"\/><\/figure><\/div>\n\n\n\n<p>Momentos en que el subsuelo de la Patria comenzaba a sublevarse. Aquella mujer, con profunda vocaci\u00f3n nacional y popular, a la hora de la madrugada que era convocada, bol\u00edgrafo y carpeta en mano estaba presente en tomas de f\u00e1brica, asambleas, \u00f3rdenes de captura, frente a los trabajadores estatales, y sus dirigentes en lucha. Siempre atenta y predispuesta para confeccionar las actas correspondientes y cumplir con el protocolo al servicio de quienes siempre consider\u00f3 compa\u00f1eras y compa\u00f1eros. Acompa\u00f1\u00f3 junto a ellos, corridas y persecuciones de efectivos fuertemente armados a pi\u00e9 y tambi\u00e9n de la montada.<\/p>\n\n\n\n<p>\u201cLila\u201d la compa\u00f1era escribana. En \u00e9se orden. \u201cCuando se corre la nube del olvido\u2026el olvido est\u00e1 lleno de memoria\u201d. Y porque nos pertenece y nos hacemos cargo. <\/p>\n\n\n\n<p><\/p>\n","protected":false},"excerpt":{"rendered":"<p>En homenaje a la brillante y comprometida Mar\u00eda Lila Garc\u00eda y recuperando la memoria hist\u00f3rica para ATE C\u00f3rdoba, la conducci\u00f3n provincial reivindica con justicia de la nube del olvido a esta hist\u00f3rica militante y escribana de la C\u00f3rdoba rebelde al decidir que el Campus Virtual de Formaci\u00f3n en G\u00e9neros lleve su nombre. (Por Daniel Parcero, [&hellip;]<\/p>\n","protected":false},"author":1,"featured_media":19755,"comment_status":"open","ping_status":"open","sticky":true,"template":"","format":"standard","meta":{"_exactmetrics_skip_tracking":false,"_exactmetrics_sitenote_active":false,"_exactmetrics_sitenote_note":"","_exactmetrics_sitenote_category":0,"jnews-multi-image_gallery":[],"jnews_single_post":[],"jnews_primary_category":[],"jnews_social_meta":[],"jnews_review":[],"enable_review":"","type":"","name":"","summary":"","brand":"","sku":"","good":[],"bad":[],"score_override":"","override_value":"","rating":[],"price":[],"jnews_override_counter":[],"jnews_post_split":[],"footnotes":""},"categories":[88,325],"tags":[],"class_list":["post-12992","post","type-post","status-publish","format-standard","has-post-thumbnail","hentry","category-formacion","category-generos-y-diversidades"],"jetpack_featured_media_url":"https:\/\/atecordoba.org\/wp-content\/uploads\/2020\/06\/Foto-Lila-Garc\u00eda.png","_links":{"self":[{"href":"https:\/\/atecordoba.org\/index.php?rest_route=\/wp\/v2\/posts\/12992","targetHints":{"allow":["GET"]}}],"collection":[{"href":"https:\/\/atecordoba.org\/index.php?rest_route=\/wp\/v2\/posts"}],"about":[{"href":"https:\/\/atecordoba.org\/index.php?rest_route=\/wp\/v2\/types\/post"}],"author":[{"embeddable":true,"href":"https:\/\/atecordoba.org\/index.php?rest_route=\/wp\/v2\/users\/1"}],"replies":[{"embeddable":true,"href":"https:\/\/atecordoba.org\/index.php?rest_route=%2Fwp%2Fv2%2Fcomments&post=12992"}],"version-history":[{"count":1,"href":"https:\/\/atecordoba.org\/index.php?rest_route=\/wp\/v2\/posts\/12992\/revisions"}],"predecessor-version":[{"id":19889,"href":"https:\/\/atecordoba.org\/index.php?rest_route=\/wp\/v2\/posts\/12992\/revisions\/19889"}],"wp:featuredmedia":[{"embeddable":true,"href":"https:\/\/atecordoba.org\/index.php?rest_route=\/wp\/v2\/media\/19755"}],"wp:attachment":[{"href":"https:\/\/atecordoba.org\/index.php?rest_route=%2Fwp%2Fv2%2Fmedia&parent=12992"}],"wp:term":[{"taxonomy":"category","embeddable":true,"href":"https:\/\/atecordoba.org\/index.php?rest_route=%2Fwp%2Fv2%2Fcategories&post=12992"},{"taxonomy":"post_tag","embeddable":true,"href":"https:\/\/atecordoba.org\/index.php?rest_route=%2Fwp%2Fv2%2Ftags&post=12992"}],"curies":[{"name":"wp","href":"https:\/\/api.w.org\/{rel}","templated":true}]}}