{"id":12984,"date":"2020-05-16T12:39:12","date_gmt":"2020-05-16T15:39:12","guid":{"rendered":"https:\/\/www.atecordoba.org\/?p=12984"},"modified":"2020-06-09T14:51:42","modified_gmt":"2020-06-09T17:51:42","slug":"sectores-nacionales-de-ate-cordoba-no-vamos-a-perder-la-iniciativa","status":"publish","type":"post","link":"https:\/\/atecordoba.org\/?p=12984","title":{"rendered":"Sectores Nacionales de ATE C\u00f3rdoba:  &#8220;No vamos a perder la iniciativa&#8221;"},"content":{"rendered":"\n<p><em>El Plenario ratific\u00f3 la Jornada de Lucha del 29 de mayo bajo la consigna &#8220;mi trabajo son tus derechos&#8221;. Estuvo presente el Secretario Adjunto del Consejo Directivo Nacional (CDN), Rodolfo &#8220;Rody&#8221; Aguiar.<\/em><\/p>\n\n\n\n<figure class=\"wp-block-gallery columns-1 is-cropped wp-block-gallery-1 is-layout-flex wp-block-gallery-is-layout-flex\"><ul class=\"blocks-gallery-grid\"><li class=\"blocks-gallery-item\"><figure><img decoding=\"async\" src=\"http:\/\/atecordoba.org\/wp-content\/uploads\/2020\/06\/Screenshot_20200516-123311_2-1-1024x296.jpg\" alt=\"\" data-id=\"12986\" data-full-url=\"https:\/\/www.atecordoba.org\/wp-content\/uploads\/2020\/05\/Screenshot_20200516-123311_2-1.jpg\" data-link=\"https:\/\/www.atecordoba.org\/?attachment_id=12986\" class=\"wp-image-12986\"\/><\/figure><\/li><\/ul><\/figure>\n\n\n\n<p>Con unos 50 participantes de casi la totalidad de las \u00e1reas del Estado Nacional presentes en el territorio cordob\u00e9s, acaba de finalizar el Tercer Plenario de Delegadas y Delegados de los Sectores Nacionales. El mismo llev\u00f3 el nombre de &#8220;Juan Jos\u00e9 Cabral&#8221;, estudiante asesinado en Corrientes el 15 de mayo de 1969 por la dictadura de Ongan\u00eda. Dicho suceso, como reguero de p\u00f3lvora, di\u00f3 curso a las gestas populares heroicas -como los &#8220;Rosariazos&#8221; y el &#8220;Cordobazo&#8221;, entre tantos otros- que dieron fin a aquella sangrienta dictadura olig\u00e1rquica y que pusieron a la clase trabajadora en disposici\u00f3n de pelea por un nuevo Estado al servicio de los intereses populares.<\/p>\n\n\n\n<p>Las palabras iniciales estuvieron a cargo del Secretario Adjunto del CDN, Rodolfo &#8220;Rody&#8221; Aguiar, quien invit\u00f3 a &#8220;apartarnos de lo sectorial: somos l\u00edderes que tenemos que analizar cu\u00e1les son las consecuencias econ\u00f3micas, sociales, pol\u00edticas, de esta crisis que estamos atravesando \u2013a la que se suma la pandemia- y tenemos que proponer y sostener con fuerza las propuestas de salida&#8221;. Tras un repaso del desguace del Estado que ha sufrido nuestro Pa\u00eds, profundizado en la d\u00e9cada del 90, Aguiar plante\u00f3 la necesidad de discutir &#8220;las nacionalizaciones y estatizaciones de los servicios p\u00fablicos y los recursos naturales, entre tantos otros\u201d. \u201cEn esta crisis \u2013continu\u00f3- est\u00e1n viendo c\u00f3mo se reparten el mundo y los trabajadores tenemos que hacer expl\u00edcita la posici\u00f3n de construir de nuevo Estados populares, de quienes producimos las riquezas del mundo&#8221;.<\/p>\n\n\n\n<p>Tras esta intervenci\u00f3n inicial, 25 oradores hicieron uso de la palabra, comentando problem\u00e1ticas sectoriales, analizando y proponiendo iniciativas pol\u00edticas de lucha que culminaron con la sistematizaci\u00f3n de lo expuesto, a cargo del Secretario General del Consejo Directivo Provincial de ATE C\u00f3rdoba, Federico Giuliani.<\/p>\n\n\n\n<p>La primera consideraci\u00f3n es &#8220;que el Estado no es abstracto: lo construimos y sostenemos las trabajadoras\u00a0 y trabajadores Estatales y debemos tener, por tanto, un rol protag\u00f3nico en el dise\u00f1o de nuevas pol\u00edticas que sostengamos con la organizaci\u00f3n y la lucha. Y en eso, no debemos perder jam\u00e1s la iniciativa y menos ahora. No hay que esperar a que pase la pandemia: la nueva realidad nos invita a que avancemos. Hay que hacer plenarios sectoriales, asambleas de los lugares de trabajo con estas herramientas virtuales porque se viene por delante una pelea muy dura y no hay tiempo que perder&#8221;, expres\u00f3 Giuliani.\u00a0<\/p>\n\n\n\n<figure class=\"wp-block-image size-large\"><img decoding=\"async\" src=\"http:\/\/atecordoba.org\/wp-content\/uploads\/2020\/06\/IMG-20200515-WA0058-1024x1024.jpg\" alt=\"\" class=\"wp-image-12987\"\/><\/figure>\n\n\n\n<p>Tras esas consideraciones, el dirigente realiz\u00f3 un repaso de los acuerdos que surgieron del debate:<\/p>\n\n\n\n<ul class=\"wp-block-list\"><li><strong>Punto 1:<\/strong> No podemos plantear un Estado distinto con los mismos funcionarios macristas que hicieron las listas de despidos y desguasaron el Estado durante el gobierno de Cambiemos, como mandos medios a\u00fan en funciones<em>. Exigimos la renuncia y si no renuncian, que los echen.<\/em><\/li><li><strong>Punto 2:<\/strong> <em>Rechazo total al teletrabajo.<\/em> No vamos a ser part\u00edcipes de la flexibilizaci\u00f3n laboral que viene de la mano de jornadas interminables, pago de servicios por parte del trabajador, que nos sacan del contacto con la comunidad, que profundizan la brecha digital y que atentan contra la pertenencia de clase de la clase trabajadora. En el caso del g\u00e9nero, las mujeres son las m\u00e1s perjudicadas, sumando una jornada laboral triple (tareas dom\u00e9sticas, cuidado de ni\u00f1xs y trabajo &#8220;hacia afuera&#8221;).<\/li><li><strong>Punto 3:<\/strong> <em>Exigir la reapertura URGENTE de la paritaria.<\/em> Tenemos un salario a la baja que en 2019 fue firmada por UPCN. Tras el mismo, hemos perdido m\u00e1s del 60% del poder adquisitivo.&nbsp;<\/li><li><strong>Punto 4:<\/strong> <em>Reincorporaciones YA de las despedidas y despedidos por el macrismo<\/em> porque plata hay. De hecho, el Estado Nacional se est\u00e1 haciendo cargo de los salarios de los privados. Lxs trabajadorxs, entonces, necesitamos &#8220;gestos&#8221;: comenzar a reincorporar paulatinamente los m\u00e1s de 35 mil despedidxs, con cronogramas acordados por ambas partes.<\/li><li><strong>Punto 5:<\/strong> <em>Pase a planta permanente.<\/em> No hay justicia social sin estabilidad laboral.<\/li><li><strong>Punto 6:<\/strong> <em>Mejores condiciones de trabajo y de bioseguridad<\/em> para la vuelta a los establecimientos en este nuevo contexto.&nbsp;<\/li><li><strong>Punto 7:<\/strong> <strong>Ratificaci\u00f3n de la Jornada de Lucha del 29 de Mayo<\/strong> como iniciativa pol\u00edtica de los Municipales, Provinciales y Nacionales. Todos, como trabajadores estatales, sin distinci\u00f3n. Entendemos que ya habr\u00e1 mayor posibilidad de accionar y por ello <em>llevaremos adelante ollas populares, carteles viales, redes, medios, acciones en todos los terrenos de lucha<\/em>.<\/li><\/ul>\n\n\n\n<p>Tras m\u00e1s de dos horas de intenso debate se dio por concluido este Tercer Plenario de Delegadas y Delegados de Sectores Nacionales, con el \u00e1nimo y la moral combativa que caracteriza a quienes hacemos ATE C\u00f3rdoba e integramos este gran cuerpo org\u00e1nico que es ATE Nacional.<\/p>\n\n\n\n<p><strong>ATE C\u00f3rdoba \u2013 ATE Siempre Est\u00e1<\/strong><\/p>\n","protected":false},"excerpt":{"rendered":"<p>El Plenario ratific\u00f3 la Jornada de Lucha del 29 de mayo bajo la consigna &#8220;mi trabajo son tus derechos&#8221;. Estuvo presente el Secretario Adjunto del Consejo Directivo Nacional (CDN), Rodolfo &#8220;Rody&#8221; Aguiar. Con unos 50 participantes de casi la totalidad de las \u00e1reas del Estado Nacional presentes en el territorio cordob\u00e9s, acaba de finalizar el [&hellip;]<\/p>\n","protected":false},"author":1,"featured_media":19753,"comment_status":"open","ping_status":"open","sticky":true,"template":"","format":"standard","meta":{"_exactmetrics_skip_tracking":false,"_exactmetrics_sitenote_active":false,"_exactmetrics_sitenote_note":"","_exactmetrics_sitenote_category":0,"jnews-multi-image_gallery":[],"jnews_single_post":[],"jnews_primary_category":[],"jnews_social_meta":[],"jnews_review":[],"enable_review":"","type":"","name":"","summary":"","brand":"","sku":"","good":[],"bad":[],"score_override":"","override_value":"","rating":[],"price":[],"jnews_override_counter":[],"jnews_post_split":[],"footnotes":""},"categories":[18],"tags":[],"class_list":["post-12984","post","type-post","status-publish","format-standard","has-post-thumbnail","hentry","category-nacionales"],"jetpack_featured_media_url":"https:\/\/atecordoba.org\/wp-content\/uploads\/2020\/06\/Screenshot_20200516-123311_2-1-1024x296.jpg","_links":{"self":[{"href":"https:\/\/atecordoba.org\/index.php?rest_route=\/wp\/v2\/posts\/12984","targetHints":{"allow":["GET"]}}],"collection":[{"href":"https:\/\/atecordoba.org\/index.php?rest_route=\/wp\/v2\/posts"}],"about":[{"href":"https:\/\/atecordoba.org\/index.php?rest_route=\/wp\/v2\/types\/post"}],"author":[{"embeddable":true,"href":"https:\/\/atecordoba.org\/index.php?rest_route=\/wp\/v2\/users\/1"}],"replies":[{"embeddable":true,"href":"https:\/\/atecordoba.org\/index.php?rest_route=%2Fwp%2Fv2%2Fcomments&post=12984"}],"version-history":[{"count":2,"href":"https:\/\/atecordoba.org\/index.php?rest_route=\/wp\/v2\/posts\/12984\/revisions"}],"predecessor-version":[{"id":19892,"href":"https:\/\/atecordoba.org\/index.php?rest_route=\/wp\/v2\/posts\/12984\/revisions\/19892"}],"wp:featuredmedia":[{"embeddable":true,"href":"https:\/\/atecordoba.org\/index.php?rest_route=\/wp\/v2\/media\/19753"}],"wp:attachment":[{"href":"https:\/\/atecordoba.org\/index.php?rest_route=%2Fwp%2Fv2%2Fmedia&parent=12984"}],"wp:term":[{"taxonomy":"category","embeddable":true,"href":"https:\/\/atecordoba.org\/index.php?rest_route=%2Fwp%2Fv2%2Fcategories&post=12984"},{"taxonomy":"post_tag","embeddable":true,"href":"https:\/\/atecordoba.org\/index.php?rest_route=%2Fwp%2Fv2%2Ftags&post=12984"}],"curies":[{"name":"wp","href":"https:\/\/api.w.org\/{rel}","templated":true}]}}