{"id":12982,"date":"2020-05-15T14:45:05","date_gmt":"2020-05-15T17:45:05","guid":{"rendered":"https:\/\/www.atecordoba.org\/?p=12982"},"modified":"2020-06-09T14:53:00","modified_gmt":"2020-06-09T17:53:00","slug":"por-teleconferencia-ate-realizo-una-asamblea-en-el-ministerio-de-trabajo","status":"publish","type":"post","link":"https:\/\/atecordoba.org\/?p=12982","title":{"rendered":"Por teleconferencia, ATE realiz\u00f3 una asamblea en el Ministerio de Trabajo"},"content":{"rendered":"\n<p><em>Delegados de la Agencia Territorial C\u00f3rdoba de la cartera laboral realizaron hoy una asamblea con las y los trabajadores de la repartici\u00f3n para informar las conclusiones del plenario de la coordinaci\u00f3n nacional del sector.<\/em><\/p>\n\n\n\n<figure class=\"wp-block-image size-large\"><img decoding=\"async\" src=\"http:\/\/atecordoba.org\/wp-content\/uploads\/2020\/06\/IMG-20200516-WA0051.jpg\" alt=\"\" class=\"wp-image-12989\"\/><\/figure>\n\n\n\n<p>Estuvieron presentes las y los compa\u00f1eros de las sedes de 27 de Abril (Trabajo) y Rodr\u00edguez Pe\u00f1a (Empleo). Los delegados Jorge Chalup y Mar\u00eda Sotti iniciaron la asamblea socializando los resultados del plenario de delegados nacionales que organiz\u00f3 el CDP de ATE C\u00f3rdoba v\u00eda teleconferencia, como la Asamblea de delegados convocada por la Junta Interna de ATE Trabajo.<\/p>\n\n\n\n<p>Tambi\u00e9n se realiz\u00f3 un relevamiento de la situaci\u00f3n de los trabajadores de las \u00e1reas tanto de la secretar\u00eda de Empleo como de Trabajo. Respecto a la primera, si bien no hay nuevas directivas de los funcionarios, en el \u00e1rea de pol\u00edticas activas las y los trabajadores se organizaron, generando instancias para sostener las funciones a trav\u00e9s del teletrabajo: activando la capacitaci\u00f3n virtual de distintos programas y planificaciones de instancias formativas con los municipios y recibiendo proyectos en programas de empleo. Adem\u00e1s, el \u00e1rea de Seguimiento y Supervisi\u00f3n se encuentra a la espera de nuevas directivas por lo que las y los trabajadores est\u00e1n pensando estrategias para llevar adelante sus funciones v\u00eda teletrabajo.<\/p>\n\n\n\n<p>A nivel edilicio, la sede de Rodr\u00edguez Pe\u00f1a se encuentra cerrada por falta de agua y se considera inviable pensar en un regreso a dicha sede por no cumplir con las condiciones de higiene y seguridad b\u00e1sicas.<\/p>\n\n\n\n<p>Por su parte, en el \u00e1rea de trabajo las y los trabajadores se encuentran en su mayor\u00eda con funciones de teletrabajo, aunque hay \u00e1reas como PRNT que deben ser redise\u00f1adas para cumplir las tareas. A nivel edilicio, la sede de 27 de abril se encuentra abierta con una guardia m\u00ednima a cargo de dos compa\u00f1eros, uno de ellos el delegado C\u00e9sar Theaux, contando con los medios de protecci\u00f3n personal para desempe\u00f1ar su labor.&nbsp;<\/p>\n\n\n\n<p>Por \u00faltimo, se acord\u00f3 hacer gestiones para tomar contacto con las autoridades, para conocer cu\u00e1l va a ser el nuevo rol que asumir\u00e1 el Ministerio frente a la crisis sanitaria y econ\u00f3mica, y las pol\u00edticas que impulsar\u00e1 en C\u00f3rdoba. Qued\u00f3 pautada una nueva asamblea en 15 d\u00edas para contar las novedades.<\/p>\n","protected":false},"excerpt":{"rendered":"<p>Delegados de la Agencia Territorial C\u00f3rdoba de la cartera laboral realizaron hoy una asamblea con las y los trabajadores de la repartici\u00f3n para informar las conclusiones del plenario de la coordinaci\u00f3n nacional del sector. Estuvieron presentes las y los compa\u00f1eros de las sedes de 27 de Abril (Trabajo) y Rodr\u00edguez Pe\u00f1a (Empleo). Los delegados Jorge [&hellip;]<\/p>\n","protected":false},"author":1,"featured_media":19752,"comment_status":"open","ping_status":"open","sticky":true,"template":"","format":"standard","meta":{"_exactmetrics_skip_tracking":false,"_exactmetrics_sitenote_active":false,"_exactmetrics_sitenote_note":"","_exactmetrics_sitenote_category":0,"jnews-multi-image_gallery":[],"jnews_single_post":[],"jnews_primary_category":[],"jnews_social_meta":[],"jnews_review":[],"enable_review":"","type":"","name":"","summary":"","brand":"","sku":"","good":[],"bad":[],"score_override":"","override_value":"","rating":[],"price":[],"jnews_override_counter":[],"jnews_post_split":[],"footnotes":""},"categories":[18],"tags":[45,336,338],"class_list":["post-12982","post","type-post","status-publish","format-standard","has-post-thumbnail","hentry","category-nacionales","tag-asamblea","tag-democracia-sindical","tag-ministerio-de-trabajo-de-la-nacion"],"jetpack_featured_media_url":"https:\/\/atecordoba.org\/wp-content\/uploads\/2020\/06\/IMG-20200516-WA0051.jpg","_links":{"self":[{"href":"https:\/\/atecordoba.org\/index.php?rest_route=\/wp\/v2\/posts\/12982","targetHints":{"allow":["GET"]}}],"collection":[{"href":"https:\/\/atecordoba.org\/index.php?rest_route=\/wp\/v2\/posts"}],"about":[{"href":"https:\/\/atecordoba.org\/index.php?rest_route=\/wp\/v2\/types\/post"}],"author":[{"embeddable":true,"href":"https:\/\/atecordoba.org\/index.php?rest_route=\/wp\/v2\/users\/1"}],"replies":[{"embeddable":true,"href":"https:\/\/atecordoba.org\/index.php?rest_route=%2Fwp%2Fv2%2Fcomments&post=12982"}],"version-history":[{"count":2,"href":"https:\/\/atecordoba.org\/index.php?rest_route=\/wp\/v2\/posts\/12982\/revisions"}],"predecessor-version":[{"id":19895,"href":"https:\/\/atecordoba.org\/index.php?rest_route=\/wp\/v2\/posts\/12982\/revisions\/19895"}],"wp:featuredmedia":[{"embeddable":true,"href":"https:\/\/atecordoba.org\/index.php?rest_route=\/wp\/v2\/media\/19752"}],"wp:attachment":[{"href":"https:\/\/atecordoba.org\/index.php?rest_route=%2Fwp%2Fv2%2Fmedia&parent=12982"}],"wp:term":[{"taxonomy":"category","embeddable":true,"href":"https:\/\/atecordoba.org\/index.php?rest_route=%2Fwp%2Fv2%2Fcategories&post=12982"},{"taxonomy":"post_tag","embeddable":true,"href":"https:\/\/atecordoba.org\/index.php?rest_route=%2Fwp%2Fv2%2Ftags&post=12982"}],"curies":[{"name":"wp","href":"https:\/\/api.w.org\/{rel}","templated":true}]}}