{"id":12972,"date":"2020-05-14T19:09:04","date_gmt":"2020-05-14T22:09:04","guid":{"rendered":"https:\/\/www.atecordoba.org\/?p=12972"},"modified":"2020-06-09T15:15:15","modified_gmt":"2020-06-09T18:15:15","slug":"tercer-plenario-de-delegadas-y-delegados-municipales","status":"publish","type":"post","link":"https:\/\/atecordoba.org\/?p=12972","title":{"rendered":"Tercer plenario de delegadas y delegados municipales"},"content":{"rendered":"\n<p><em>En la reuni\u00f3n, desarrollada hoy, se abordaron de manera pormenorizada las problem\u00e1ticas comunes del sector en la Provincia. Se defini\u00f3 comenzar a trabajar en la organizaci\u00f3n de la Jornada de Lucha del 29 de mayo.<\/em><\/p>\n\n\n\n<figure class=\"wp-block-image size-large\"><img decoding=\"async\" src=\"http:\/\/atecordoba.org\/wp-content\/uploads\/2020\/06\/14-05-3-Plenario-Municipales-1024x1024.png\" alt=\"\" class=\"wp-image-12973\"\/><figcaption>Giuliani invit\u00f3 a &#8220;no perder la iniciativa pol\u00edtica que caracteriza a ATE. La lucha es ahora&#8221;.<\/figcaption><\/figure>\n\n\n\n<p>En una teleconferencia realizada hoy, las y los representantes de ATE de quienes trabajan en los estados locales expusieron las problem\u00e1ticas que aquejan al sector en la Provincia de C\u00f3rdoba. &#8220;Queda claro que la pandemia solo ha profundizado las problem\u00e1ticas que son comunes a todas las empleadas y empleados estatales: precarizaci\u00f3n laboral, bajos salarios, intendentes que act\u00faan como patrones de estancia y atropellan nuestros derechos como licencias, vacaciones pagas, paritarias libres para discutir condiciones de trabajo, categorizaciones, pase a planta, salario y dem\u00e1s&#8221;, expres\u00f3 el Secretario General de ATE C\u00f3rdoba, Federico Giuliani. &#8220;Nuestro desaf\u00edo, cada vez m\u00e1s palpable, es a trabajar en red para hacer m\u00e1s fuerte nuestros reclamos ante problem\u00e1ticas que son las mismas&#8221;, remarc\u00f3.<br>&#8220;Los intendentes de todos los signos pol\u00edticos han salido a reducir salarios, horarios, tienen los municipios fundidos. Y el caso paradigm\u00e1tico es la Ciudad de C\u00f3rdoba: si pasa y los trabajadores perdemos esta pelea, el resto de los municipios se van a agarrar de ese argumento para reducir salarios en todo C\u00f3rdoba&#8221;, advirti\u00f3 Giuliani.<br>&#8220;En ese sentido, tenemos que ratificar el pedido urgente de reapertura de discusiones salariales y paritarias; no al pago en cuotas y cumplimiento del pago de los acuerdos ya firmados; pase a planta permanente y fin a las precarizaciones y los contratos basura&#8221;, puntualiz\u00f3 Giuliani.<br>En ese sentido, el plenario acord\u00f3 en acompa\u00f1ar la jornada de lucha planteada para el pr\u00f3ximo 29 de mayo por ATE, tanto a nivel provincial como nacional.<br>&#8220;Se ha visto que nuestras compa\u00f1eras y compa\u00f1eros han estado en la primera l\u00ednea contra la pandemia: sin embargo est\u00e1 demorado el pedido que hicimos de que se pague el bono a todo el personal esencial municipal, as\u00ed como tambi\u00e9n est\u00e1 demorada la reuni\u00f3n con el Secretario de Asuntos Municipales del Gobierno de la Provincia de C\u00f3rdoba, Federico Garc\u00eda, y el Ministro de Gobierno, Facundo Torres, con quienes venimos insistiendo para reunirnos. El distanciamiento social no es excusa para no acceder a una instancia que pedimos: todos los \u00f3rganos deliberativos nacionales, provinciales, municipales hoy est\u00e1n en marcha a trav\u00e9s de videoconferencias que tranquilamente podr\u00edan acceder a realizarse de existir la voluntad pol\u00edtica&#8221;, expres\u00f3 Giuliani.<br>Por \u00faltimo, el Secretario General del CDP de ATE C\u00f3rdoba, expres\u00f3 que &#8220;no debemos perder la iniciativa pol\u00edtica ni esperar sentados a que alguien nos resuelva las problem\u00e1ticas o nos digan qu\u00e9 hacer mientras vemos c\u00f3mo se deteriora nuestro salario, nuestra calidad de vida. La lucha es ya porque los ataques a nuestros derechos son ahora. Tenemos herramientas: desde el primer delegado hasta el m\u00e1ximo representante local, regional, provincial; todos y todas son ATE y tienen el respaldo y la legitimidad de sus compa\u00f1eras y compa\u00f1eros de trabajo. Y, como siempre, este CDP va a estar a la vanguardia de todo grupo de trabajadoras y trabajadores que decidan luchar por lo que le corresponde&#8221;, finaliz\u00f3 Federico Giuliani.<\/p>\n\n\n\n<p><strong>Mandatos de delegados<\/strong><br>Otra de las situaciones comunes que expresaron las y los representantes de quienes trabajan en municipios, ha sido la de los vencimientos de los mandatos de delegadas y delegados dentro del per\u00edodo contemplado en la prohibici\u00f3n establecida por el gobierno nacional de realizar cualquier tipo de evento que implique la aglomeraci\u00f3n de personas, entre ellos, las elecciones. Tal situaci\u00f3n se ha convertido en un problema debido a que algunos intendentes desconocen la representatividad de quienes no poseen tal investidura &#8220;formal&#8221;.<br>Al respecto, desde el Consejo Directivo Provincial, se comprometieron a girar un memo con las disposiciones del decreto 489\/2020 que dicta la pr\u00f3rroga de los mandatos electivos y dem\u00e1s actos institucionales que supusieran la aglomeraci\u00f3n de personas -en virtud de la emergencia sanitaria- hasta el 30 de septiembre. Hasta esa fecha, las y los representantes cuyo mandatto haya vencido desde el advenimiento del aislamiento social, preventivo y obligatorio, poseer\u00e1n tutela sindical, con las mismas funciones, derecho y deberes en la defensa de sus compa\u00f1eros y compa\u00f1eras que ten\u00edan previo a esa fecha.<\/p>\n","protected":false},"excerpt":{"rendered":"<p>En la reuni\u00f3n, desarrollada hoy, se abordaron de manera pormenorizada las problem\u00e1ticas comunes del sector en la Provincia. Se defini\u00f3 comenzar a trabajar en la organizaci\u00f3n de la Jornada de Lucha del 29 de mayo. En una teleconferencia realizada hoy, las y los representantes de ATE de quienes trabajan en los estados locales expusieron las [&hellip;]<\/p>\n","protected":false},"author":1,"featured_media":12973,"comment_status":"open","ping_status":"open","sticky":true,"template":"","format":"standard","meta":{"_exactmetrics_skip_tracking":false,"_exactmetrics_sitenote_active":false,"_exactmetrics_sitenote_note":"","_exactmetrics_sitenote_category":0,"jnews-multi-image_gallery":[],"jnews_single_post":[],"jnews_primary_category":[],"jnews_social_meta":[],"jnews_review":[],"enable_review":"","type":"","name":"","summary":"","brand":"","sku":"","good":[],"bad":[],"score_override":"","override_value":"","rating":[],"price":[],"jnews_override_counter":[],"jnews_post_split":[],"footnotes":""},"categories":[20],"tags":[336,39],"class_list":["post-12972","post","type-post","status-publish","format-standard","has-post-thumbnail","hentry","category-municipales","tag-democracia-sindical","tag-plenario"],"jetpack_featured_media_url":"https:\/\/atecordoba.org\/wp-content\/uploads\/2020\/05\/huerta-1080x675-1-1024x640.jpg","_links":{"self":[{"href":"https:\/\/atecordoba.org\/index.php?rest_route=\/wp\/v2\/posts\/12972","targetHints":{"allow":["GET"]}}],"collection":[{"href":"https:\/\/atecordoba.org\/index.php?rest_route=\/wp\/v2\/posts"}],"about":[{"href":"https:\/\/atecordoba.org\/index.php?rest_route=\/wp\/v2\/types\/post"}],"author":[{"embeddable":true,"href":"https:\/\/atecordoba.org\/index.php?rest_route=\/wp\/v2\/users\/1"}],"replies":[{"embeddable":true,"href":"https:\/\/atecordoba.org\/index.php?rest_route=%2Fwp%2Fv2%2Fcomments&post=12972"}],"version-history":[{"count":1,"href":"https:\/\/atecordoba.org\/index.php?rest_route=\/wp\/v2\/posts\/12972\/revisions"}],"predecessor-version":[{"id":19901,"href":"https:\/\/atecordoba.org\/index.php?rest_route=\/wp\/v2\/posts\/12972\/revisions\/19901"}],"wp:featuredmedia":[{"embeddable":true,"href":"https:\/\/atecordoba.org\/index.php?rest_route=\/wp\/v2\/media\/12973"}],"wp:attachment":[{"href":"https:\/\/atecordoba.org\/index.php?rest_route=%2Fwp%2Fv2%2Fmedia&parent=12972"}],"wp:term":[{"taxonomy":"category","embeddable":true,"href":"https:\/\/atecordoba.org\/index.php?rest_route=%2Fwp%2Fv2%2Fcategories&post=12972"},{"taxonomy":"post_tag","embeddable":true,"href":"https:\/\/atecordoba.org\/index.php?rest_route=%2Fwp%2Fv2%2Ftags&post=12972"}],"curies":[{"name":"wp","href":"https:\/\/api.w.org\/{rel}","templated":true}]}}