{"id":12916,"date":"2020-05-09T11:36:13","date_gmt":"2020-05-09T14:36:13","guid":{"rendered":"https:\/\/www.atecordoba.org\/?p=12916"},"modified":"2020-07-02T12:46:45","modified_gmt":"2020-07-02T15:46:45","slug":"ate-integrara-el-comite-de-emergencia-del-hospital-misericordia","status":"publish","type":"post","link":"https:\/\/atecordoba.org\/?p=12916","title":{"rendered":"ATE integrar\u00e1 el Comit\u00e9 de Emergencia del Hospital Misericordia"},"content":{"rendered":"\n<p><em>La decisi\u00f3n eman\u00f3 de una reuni\u00f3n entre la representaci\u00f3n de ATE C\u00f3rdoba y la Direcci\u00f3n del Hospital. Pedidos y acuerdos en torno a capacitaci\u00f3n, EPP y promesas de nuevo personal.<\/em><\/p>\n\n\n\n<div class=\"wp-block-image\"><figure class=\"aligncenter size-large\"><img decoding=\"async\" src=\"http:\/\/atecordoba.org\/wp-content\/uploads\/2020\/06\/IMG-20200508-WA0076-1024x768.jpg\" alt=\"\" class=\"wp-image-12917\"\/><figcaption>En la recorrida al Hospital, tambi\u00e9n, la representaci\u00f3n de ATE hizo entrega de EPP a sus afiliados y afiliadas.<\/figcaption><\/figure><\/div>\n\n\n\n<p>Ayer se concret\u00f3 una reunion entre la Asociacion de Trabajadores del Estado (ATE), y la direccion del Hospital Nuestra Se\u00f1ora de la MISERICORDIA de la Ciudad de C\u00f3rdoba Capital. De la misma participaron, por el Consejo Directivo Provincial (CDP) de ATE C\u00f3rdoba, el Secretario de Organizacion Omar Alerzia junto a los vocales Gabriela Garc\u00eda y Roberto Calvetti; por la representaci\u00f3n de ATE, el delegado Dr. Pablo Aguirre; y por el Hospital, el Director, Dr. Carlos Giordano.<br>&#8220;La Direcci\u00f3n de la Instituci\u00f3n, tras intercambios mantenidos con los trabajadores y la representaci\u00f3n del Sindicato en el Hospital en las \u00faltimas semanas, mostr\u00f3 inter\u00e9s en que ATE se incorpore al &#8220;Comit\u00e9 de Emergencias&#8221;. El mismo, est\u00e1 integrado por distintos sectores representativos del nosocomio y tiene como responsabilidad la evaluaci\u00f3n, debate y organizaci\u00f3n de todo lo relacionado con la pandemia de Covid-19&#8243;, explic\u00f3 Alerzia, quien puntualiz\u00f3 que las reuniones con la Direcci\u00f3n se realizar\u00e1n un d\u00eda a la semana, en horario establecido. &#8220;Desde ya, agradecimos la invitacion del director y aseguramos que un integrante por nuestra entidad gremial participar\u00e1 de la instancia&#8221;, expres\u00f3 Alerzia.<\/p>\n\n\n\n<p><strong>Capacitaci\u00f3n y EPP<\/strong><\/p>\n\n\n\n<p>El Secretario de Organizaci\u00f3n del CDP destac\u00f3 que la representaci\u00f3n de ATE en la reuni\u00f3n hizo hincapi\u00e9 en la necesidad de la capacitacion a todo el personal en el uso de EPP -con los elementos que dictamine el protocolo seg\u00fan sectores- y en el conocimiento del circuito del Triage y flujograma. &#8220;Planteamos en la importancia de que se contemplen todos los turnos de trabajo y que no existan sectores en donde no se reciba esta capacitaci\u00f3n, que incluye informaci\u00f3n actualizada en todos estos \u00edtems&#8221;, destac\u00f3 el referente. &#8220;Entendemos que una capacitaci\u00f3n correcta a todos los involucrados establece criterios de tranquilidad laboral a los compa\u00f1eros&#8221;, puntualiz\u00f3 Alerzia quien adem\u00e1s hizo hincapi\u00e9 en que se solicit\u00f3 la disposici\u00f3n permanente de los insumos hospitalarios de uso com\u00fan en esta contingencia &#8220;y se nos asegur\u00f3 que existe disponibilidad de los mismos coordinando con los encargados de cada sector su provision diaria para evitar faltantes de los mismos&#8221;, seg\u00fan destac\u00f3 el Secretario de Organizaci\u00f3n del CDP de ATE.<br>&#8220;Otro tema de gran importancia que tratamos es el de la necesidad de mayor cantidad de personal en el Hospital, a lo que el Dr. Giordano expres\u00f3 que se cubrir\u00e1n varios sectores (con \u00e9nfasis en enfermer\u00eda) con la implementacion de contratos de contingencia o IRABS que deben llegar la semana pr\u00f3xima&#8221;, explic\u00f3 Alerzia.<\/p>\n\n\n\n<p><strong>Hisopados<\/strong><\/p>\n\n\n\n<p>Con respecto al pedido de diagn\u00f3stico de Covid19 para el personal del Hospital, &#8220;el Director asegur\u00f3 que ya comenzaron a hisopar a parte del mismo y que el proyecto incluye a todos los agentes del Nosocomio&#8221;, puntualiz\u00f3 Alerzia.<\/p>\n\n\n\n<p><strong>Coordinaci\u00f3n permanente<\/strong><\/p>\n\n\n\n<div class=\"wp-block-image\"><figure class=\"aligncenter size-large\"><img decoding=\"async\" src=\"http:\/\/atecordoba.org\/wp-content\/uploads\/2020\/06\/IMG-20200508-WA0098-1024x576.jpg\" alt=\"\" class=\"wp-image-12918\"\/><figcaption>Parte del equipo de ATE, en reuni\u00f3n en la Direcci\u00f3n del Hospital.<\/figcaption><\/figure><\/div>\n\n\n\n<p>&#8220;Por \u00faltimo, despues de mantener una amena y agradable reunion, el Dr. Giordano nos menciona que la suya es una direccion de puertas abiertas a lo que creamos conveniente dialogar en un marco de respeto mutuo desde una perspectiva constructiva&#8221;, expres\u00f3 Alerzia. &#8220;Aportamos que el espiritu de nuestra organizacion sindical es la cooperacion y colaboracion en todo lo referente a la salud p\u00fablica en esta situacion contingente para asegurar la tranquilidad de nuestros compa\u00f1eros&#8221;, concluy\u00f3 el Secretario de Organizaci\u00f3n del CDP de ATE.<\/p>\n","protected":false},"excerpt":{"rendered":"<p>La decisi\u00f3n eman\u00f3 de una reuni\u00f3n entre la representaci\u00f3n de ATE C\u00f3rdoba y la Direcci\u00f3n del Hospital. Pedidos y acuerdos en torno a capacitaci\u00f3n, EPP y promesas de nuevo personal. Ayer se concret\u00f3 una reunion entre la Asociacion de Trabajadores del Estado (ATE), y la direccion del Hospital Nuestra Se\u00f1ora de la MISERICORDIA de la [&hellip;]<\/p>\n","protected":false},"author":1,"featured_media":14320,"comment_status":"open","ping_status":"open","sticky":true,"template":"","format":"standard","meta":{"_exactmetrics_skip_tracking":false,"_exactmetrics_sitenote_active":false,"_exactmetrics_sitenote_note":"","_exactmetrics_sitenote_category":0,"jnews-multi-image_gallery":[],"jnews_single_post":[],"jnews_primary_category":[],"jnews_social_meta":[],"jnews_review":[],"enable_review":"","type":"","name":"","summary":"","brand":"","sku":"","good":[],"bad":[],"score_override":"","override_value":"","rating":[],"price":[],"jnews_override_counter":[],"jnews_post_split":[],"footnotes":""},"categories":[341,104,400],"tags":[353],"class_list":["post-12916","post","type-post","status-publish","format-standard","has-post-thumbnail","hentry","category-cdp","category-departamento-de-salud","category-estamentos","tag-hospital-misericordia"],"jetpack_featured_media_url":"https:\/\/atecordoba.org\/wp-content\/uploads\/2020\/05\/misericordia-e1545248860313.jpg","_links":{"self":[{"href":"https:\/\/atecordoba.org\/index.php?rest_route=\/wp\/v2\/posts\/12916","targetHints":{"allow":["GET"]}}],"collection":[{"href":"https:\/\/atecordoba.org\/index.php?rest_route=\/wp\/v2\/posts"}],"about":[{"href":"https:\/\/atecordoba.org\/index.php?rest_route=\/wp\/v2\/types\/post"}],"author":[{"embeddable":true,"href":"https:\/\/atecordoba.org\/index.php?rest_route=\/wp\/v2\/users\/1"}],"replies":[{"embeddable":true,"href":"https:\/\/atecordoba.org\/index.php?rest_route=%2Fwp%2Fv2%2Fcomments&post=12916"}],"version-history":[{"count":1,"href":"https:\/\/atecordoba.org\/index.php?rest_route=\/wp\/v2\/posts\/12916\/revisions"}],"predecessor-version":[{"id":19911,"href":"https:\/\/atecordoba.org\/index.php?rest_route=\/wp\/v2\/posts\/12916\/revisions\/19911"}],"wp:featuredmedia":[{"embeddable":true,"href":"https:\/\/atecordoba.org\/index.php?rest_route=\/wp\/v2\/media\/14320"}],"wp:attachment":[{"href":"https:\/\/atecordoba.org\/index.php?rest_route=%2Fwp%2Fv2%2Fmedia&parent=12916"}],"wp:term":[{"taxonomy":"category","embeddable":true,"href":"https:\/\/atecordoba.org\/index.php?rest_route=%2Fwp%2Fv2%2Fcategories&post=12916"},{"taxonomy":"post_tag","embeddable":true,"href":"https:\/\/atecordoba.org\/index.php?rest_route=%2Fwp%2Fv2%2Ftags&post=12916"}],"curies":[{"name":"wp","href":"https:\/\/api.w.org\/{rel}","templated":true}]}}