{"id":12907,"date":"2020-05-08T14:47:59","date_gmt":"2020-05-08T17:47:59","guid":{"rendered":"https:\/\/www.atecordoba.org\/?p=12907"},"modified":"2020-06-09T15:28:24","modified_gmt":"2020-06-09T18:28:24","slug":"ate-logro-reincorporar-a-la-ultima-trabajadora-de-senasa-despedida-por-el-macrismo","status":"publish","type":"post","link":"https:\/\/atecordoba.org\/?p=12907","title":{"rendered":"ATE logr\u00f3 reincorporar a la \u00faltima trabajadora de SENASA despedida por el macrismo"},"content":{"rendered":"\n<p><em>Se trata de Cecilia Heredia, quien hab\u00eda cumplido funciones\u00a0en el organismo\u00a0durante m\u00e1s de 10 a\u00f1os . &#8220;No hay que dejar de luchar por lo que uno cree justo&#8221;, &#8220;la alegr\u00eda de esta semana ha sido enorme&#8221;, expres\u00f3, emocionada, la trabajadora.<\/em><\/p>\n\n\n\n<figure class=\"wp-block-image size-large\"><img decoding=\"async\" src=\"http:\/\/atecordoba.org\/wp-content\/uploads\/2020\/06\/senasa-2-e1489081597346.jpg\" alt=\"\" class=\"wp-image-8180\"\/><\/figure>\n\n\n\n<p>Cecilia Heredia, es la \u00faltima persona\u00a0despedida en la Era Macri\u00a0en SENASA en toda la Provincia de C\u00f3rdoba que faltaba reincorporar a su trabajo. En total, hab\u00edan sido 5 personas en la provincia y unas 340 a nivel nacional, quienes hab\u00edas sido echadas durante el gobierno de Cambiemos.\u00a0<\/p>\n\n\n\n<p>Fue despedida el 11 de junio de 2018, hace casi dos a\u00f1os ya. Trabaj\u00f3 en el Organismo durante 10 a\u00f1os, en las \u00e1reas de Administraci\u00f3n, Sanidad Animal, Inocuidad Alimentaria, tanto en la ciudad de C\u00f3rdoba como en Alta Gracia, -su lugar de residencia-. Comenz\u00f3 como monotributista y, luego, fue contratada bajo el Art\u00edculo 9 de la Ley Marco&nbsp;25164\/99, una de las formas de contrataci\u00f3n del Estado Nacional, precaria en relaci\u00f3n al personal de planta permanente. &#8220;Fue muy duro: soy sost\u00e9n de familia, mam\u00e1 soltera con un ni\u00f1o de 9 a\u00f1os. Quedarme sin trabajo en 2018 fue terrible&#8221;, rememor\u00f3 Heredia quien destac\u00f3 que &#8220;la alegr\u00eda de esta semana ha sido enorme, compartida por toda mi familia, amigos, compa\u00f1eros de trabajo&#8221;.<\/p>\n\n\n\n<p>&#8220;Soy de familia de SENASA: yo me cri\u00e9 con mi padre trabajando en el organismo y por eso el despido nos afect\u00f3 a todos de una manera muy dura&#8221;, record\u00f3 la trabajadora de SENASA. &#8220;En estos casi dos a\u00f1os he pasado por infinidad de entrevistas y solo logr\u00e9 ingresar por un mes a un local de pago de facturas que debi\u00f3 cerrar debido a la crisis. Organic\u00e9 un emprendimiento de dise\u00f1o gr\u00e1fico, carteler\u00eda, sublimaciones, de forma independiente, pero nunca alcanz\u00f3: siempre fui viviendo el d\u00eda a d\u00eda de la forma que pude, sin poder administrar absolutamente nada&#8221;, recuerda Heredia.<\/p>\n\n\n\n<p><strong>Vuelta al trabajo y futuro<\/strong><\/p>\n\n\n\n<p>&#8220;Fui notificada hace dos d\u00edas de la reincorporaci\u00f3n, aunque a\u00fan no tengo asignado un asiento de funci\u00f3n, es todo muy reciente y la situaci\u00f3n especial que estamos viviendo producto de la pandemia retrasa tambi\u00e9n algunas cosas&#8221;, explica la trabajadora del SENASA.<\/p>\n\n\n\n<p>&#8220;Luego de haber brindado tiempo, coraz\u00f3n, todo, durante 10 a\u00f1os al servicio, hab\u00eda perdido absolutamente todas las esperanzas: descre\u00eda de enviar la lista, de relevarse, de participar porque ten\u00eda miedo de ilusionarme. Sin embargo, ah\u00ed estuve siempre que pude, porque nunca consider\u00e9 justo mi despido y porque, adem\u00e1s, ve\u00eda como mis compa\u00f1eras y compa\u00f1eros de ATE que estaban ocupados siguieron movi\u00e9ndose&#8221;, describe Heredia quien afirma que el sindicato &#8220;estuvo desde un primer momento y nunca dejaron de estar&#8221;. &#8220;Para m\u00ed el gremio ha sido un respaldo, un sost\u00e9n, un gran apoyo. A pesar de no seguir en el lugar de trabajo y de no haber nada formal que implicara una obligaci\u00f3n por parte de la organizaci\u00f3n, nunca me dejaron de lado, siempre llamaron, acompa\u00f1aron, informaron de las gestiones cuando yo ya me hab\u00eda olvidado del tema o hab\u00eda bajado los brazos, todo&#8221;, rememor\u00f3 la trabajadora reincorporada.<\/p>\n\n\n\n<p>&#8220;Ac\u00e1 estoy de nuevo. No hay que dejar de luchar por lo que uno cree justo. Hay muchas herramientas y sobre todo gente que a una la acompa\u00f1a en el camino de la reincorporaci\u00f3n&#8221;, concluy\u00f3 Heredia.<\/p>\n\n\n\n<p><strong>Desde ATE<\/strong><\/p>\n\n\n\n<figure class=\"wp-block-image size-large\"><img decoding=\"async\" src=\"http:\/\/atecordoba.org\/wp-content\/uploads\/2020\/06\/alejandra-agnone-senasa.jpg\" alt=\"\" class=\"wp-image-12911\"\/><\/figure>\n\n\n\n<p>El sindicato celebr\u00f3 la reincorporaci\u00f3n. Alejandra Agnone, delegada de SENASA, remarc\u00f3 que &#8220;esta victoria es producto de la organizaci\u00f3n de las trabajadoras y trabajadores y la lucha de ATE&#8221;.&nbsp;&#8220;A causa del recorte y el desguase del organismo se desmantel\u00f3 Sanidad Animal e Inocuidad, se concentraron los controles s\u00f3lo a la exportaci\u00f3n, se minimizaron los controles sanitarios a la producci\u00f3n de alimentos para consumo local, se levantaron \u00edntegramente barreras sanitarias en varios puntos del pa\u00eds&nbsp;vi\u00e9ndose&nbsp;afectados los controles de la inocuidad de los alimentos que consume la sociedad&#8221;, rememor\u00f3 Agnone, quien destac\u00f3 que&nbsp;con el cambio de gobierno se puso en marcha la Mesa de Relaciones Laborales Nacional donde &#8220;volvimos a exigir las reincorporaciones: en abril comenzaron poco a poco los ingresos de las despedidas y despedidos y este mes concluimos esta primera etapa de poner al organismo, al menos, a niveles de 2015&#8221;.<\/p>\n\n\n\n<p>&#8220;La reincorporaci\u00f3n de la compa\u00f1era Cecilia Heredia cierra un cap\u00edtulo nefasto en la historia del SENASA C\u00f3rdoba: un cap\u00edtulo que no debe repetirse jamas, el de las listas negras de despidos masivos y arbitrarios donde la pol\u00edtica p\u00fablica era el achicamiento&nbsp;del Estado y sus funciones, y la privatizaci\u00f3n del las mismas en desmedro del trabajo y la estabilidad de los trabajadores p\u00fablicos&nbsp;nacionales, delegando sus funciones con el evidente riesgo que esto ocasiona en la salud p\u00fablica&#8221;, ratific\u00f3 Agnone.<\/p>\n\n\n\n<p>La representante de ATE, sin embargo, expres\u00f3 que &#8220;queda mucho a\u00fan por hacer: las reincorporaciones de much\u00edsimos compa\u00f1eros y compa\u00f1eras en todo el pa\u00eds en el organismo y la vuelta al trabajo, tambi\u00e9n, en las dem\u00e1s \u00e1reas del Estado. Si queremos un pa\u00eds donde los derechos sean derechos y no privilegios, necesitamos que todas las despedidas y despedidos -que en C\u00f3rdoba se cuentan por m\u00e1s de 700- vuelvan a sus funciones y eso sigue siendo el desaf\u00edo y la tarea enorme a cumplir&#8221;.<\/p>\n","protected":false},"excerpt":{"rendered":"<p>Se trata de Cecilia Heredia, quien hab\u00eda cumplido funciones\u00a0en el organismo\u00a0durante m\u00e1s de 10 a\u00f1os . &#8220;No hay que dejar de luchar por lo que uno cree justo&#8221;, &#8220;la alegr\u00eda de esta semana ha sido enorme&#8221;, expres\u00f3, emocionada, la trabajadora. Cecilia Heredia, es la \u00faltima persona\u00a0despedida en la Era Macri\u00a0en SENASA en toda la Provincia [&hellip;]<\/p>\n","protected":false},"author":1,"featured_media":19710,"comment_status":"open","ping_status":"open","sticky":false,"template":"","format":"standard","meta":{"_exactmetrics_skip_tracking":false,"_exactmetrics_sitenote_active":false,"_exactmetrics_sitenote_note":"","_exactmetrics_sitenote_category":0,"jnews-multi-image_gallery":[],"jnews_single_post":[],"jnews_primary_category":[],"jnews_social_meta":[],"jnews_review":[],"enable_review":"","type":"","name":"","summary":"","brand":"","sku":"","good":[],"bad":[],"score_override":"","override_value":"","rating":[],"price":[],"jnews_override_counter":[],"jnews_post_split":[],"footnotes":""},"categories":[18],"tags":[163,46],"class_list":["post-12907","post","type-post","status-publish","format-standard","has-post-thumbnail","hentry","category-nacionales","tag-corredma","tag-senasa"],"jetpack_featured_media_url":"https:\/\/atecordoba.org\/wp-content\/uploads\/2020\/06\/senasa-2-e1591729198541.jpg","_links":{"self":[{"href":"https:\/\/atecordoba.org\/index.php?rest_route=\/wp\/v2\/posts\/12907","targetHints":{"allow":["GET"]}}],"collection":[{"href":"https:\/\/atecordoba.org\/index.php?rest_route=\/wp\/v2\/posts"}],"about":[{"href":"https:\/\/atecordoba.org\/index.php?rest_route=\/wp\/v2\/types\/post"}],"author":[{"embeddable":true,"href":"https:\/\/atecordoba.org\/index.php?rest_route=\/wp\/v2\/users\/1"}],"replies":[{"embeddable":true,"href":"https:\/\/atecordoba.org\/index.php?rest_route=%2Fwp%2Fv2%2Fcomments&post=12907"}],"version-history":[{"count":1,"href":"https:\/\/atecordoba.org\/index.php?rest_route=\/wp\/v2\/posts\/12907\/revisions"}],"predecessor-version":[{"id":19912,"href":"https:\/\/atecordoba.org\/index.php?rest_route=\/wp\/v2\/posts\/12907\/revisions\/19912"}],"wp:featuredmedia":[{"embeddable":true,"href":"https:\/\/atecordoba.org\/index.php?rest_route=\/wp\/v2\/media\/19710"}],"wp:attachment":[{"href":"https:\/\/atecordoba.org\/index.php?rest_route=%2Fwp%2Fv2%2Fmedia&parent=12907"}],"wp:term":[{"taxonomy":"category","embeddable":true,"href":"https:\/\/atecordoba.org\/index.php?rest_route=%2Fwp%2Fv2%2Fcategories&post=12907"},{"taxonomy":"post_tag","embeddable":true,"href":"https:\/\/atecordoba.org\/index.php?rest_route=%2Fwp%2Fv2%2Ftags&post=12907"}],"curies":[{"name":"wp","href":"https:\/\/api.w.org\/{rel}","templated":true}]}}