{"id":12902,"date":"2020-05-08T12:13:44","date_gmt":"2020-05-08T15:13:44","guid":{"rendered":"https:\/\/www.atecordoba.org\/?p=12902"},"modified":"2020-07-02T12:46:59","modified_gmt":"2020-07-02T15:46:59","slug":"coronavirus-tras-el-pedido-de-ate-comenzaron-los-hisopados-para-todo-el-personal-del-hospital-de-ninos","status":"publish","type":"post","link":"https:\/\/atecordoba.org\/?p=12902","title":{"rendered":"Coronavirus: tras el pedido de ATE comenzaron los hisopados para todo el personal del Hospital de Ni\u00f1os"},"content":{"rendered":"\n<p><em>El centro de salud pedi\u00e1trico de referencia del Polo Sanitario durante la pandemia inici\u00f3 los controles. Estiman que el martes estar\u00e1 concluido en su totalidad.<\/em><\/p>\n\n\n\n<figure class=\"wp-block-image size-large\"><img decoding=\"async\" src=\"http:\/\/atecordoba.org\/wp-content\/uploads\/2020\/06\/Hospital-de-Ni\u00f1os.jpg\" alt=\"\" class=\"wp-image-12903\"\/><\/figure>\n\n\n\n<p>Ayer comenzaron a realizarse los hisopados a las y los trabajadores del Hospital de Ni\u00f1os del Polo Sanitario, luego que ATE elevara el pedido por nota al gobierno provincial para que la medida se instrumente en todos los centros de salud, atento a que las y los trabajadores de esas instituciones se encuentran en permanente riesgo de contagio.<\/p>\n\n\n\n<p>Seg\u00fan coment\u00f3 la delegada Virginia L\u00e1zaro, los hisopados comenzaron \u201cprimero en los sectores covid para luego avanzar en el resto del hospital. Lo m\u00e1s importante es pesquisar las y los trabajadores si se infectan por su actividad cl\u00ednica o por contacto personal\u201d.<\/p>\n\n\n\n<p>Los hisopados se realizan en base a un cronograma de horarios para cada sector.<\/p>\n\n\n\n<p>Este proceso de testeos de las y los trabajadores se realizar\u00e1 de manera regular cada 14 o 21 d\u00edas a partir del reclamo que ATE hizo por <a href=\"https:\/\/www.atecordoba.org\/archivos\/12867\">nota al gobierno provincial<\/a> para todo el personal de salud.<\/p>\n\n\n\n<p>El pedido se realiz\u00f3 a causa de que las y los compa\u00f1eros trabajan en m\u00e1s de una instituci\u00f3n de salud a la vez, \u201caumentando el riesgo para s\u00ed y de convertirse en vectores asintom\u00e1ticos\u201d.<\/p>\n","protected":false},"excerpt":{"rendered":"<p>El centro de salud pedi\u00e1trico de referencia del Polo Sanitario durante la pandemia inici\u00f3 los controles. Estiman que el martes estar\u00e1 concluido en su totalidad. Ayer comenzaron a realizarse los hisopados a las y los trabajadores del Hospital de Ni\u00f1os del Polo Sanitario, luego que ATE elevara el pedido por nota al gobierno provincial para [&hellip;]<\/p>\n","protected":false},"author":1,"featured_media":19709,"comment_status":"open","ping_status":"open","sticky":true,"template":"","format":"standard","meta":{"_exactmetrics_skip_tracking":false,"_exactmetrics_sitenote_active":false,"_exactmetrics_sitenote_note":"","_exactmetrics_sitenote_category":0,"jnews-multi-image_gallery":[],"jnews_single_post":[],"jnews_primary_category":[],"jnews_social_meta":[],"jnews_review":[],"enable_review":"","type":"","name":"","summary":"","brand":"","sku":"","good":[],"bad":[],"score_override":"","override_value":"","rating":[],"price":[],"jnews_override_counter":[],"jnews_post_split":[],"footnotes":""},"categories":[341,104,400,34],"tags":[],"class_list":["post-12902","post","type-post","status-publish","format-standard","has-post-thumbnail","hentry","category-cdp","category-departamento-de-salud","category-estamentos","category-seccionales"],"jetpack_featured_media_url":"https:\/\/atecordoba.org\/wp-content\/uploads\/2020\/06\/Hospital-de-Ni\u00f1os.jpg","_links":{"self":[{"href":"https:\/\/atecordoba.org\/index.php?rest_route=\/wp\/v2\/posts\/12902","targetHints":{"allow":["GET"]}}],"collection":[{"href":"https:\/\/atecordoba.org\/index.php?rest_route=\/wp\/v2\/posts"}],"about":[{"href":"https:\/\/atecordoba.org\/index.php?rest_route=\/wp\/v2\/types\/post"}],"author":[{"embeddable":true,"href":"https:\/\/atecordoba.org\/index.php?rest_route=\/wp\/v2\/users\/1"}],"replies":[{"embeddable":true,"href":"https:\/\/atecordoba.org\/index.php?rest_route=%2Fwp%2Fv2%2Fcomments&post=12902"}],"version-history":[{"count":1,"href":"https:\/\/atecordoba.org\/index.php?rest_route=\/wp\/v2\/posts\/12902\/revisions"}],"predecessor-version":[{"id":19913,"href":"https:\/\/atecordoba.org\/index.php?rest_route=\/wp\/v2\/posts\/12902\/revisions\/19913"}],"wp:featuredmedia":[{"embeddable":true,"href":"https:\/\/atecordoba.org\/index.php?rest_route=\/wp\/v2\/media\/19709"}],"wp:attachment":[{"href":"https:\/\/atecordoba.org\/index.php?rest_route=%2Fwp%2Fv2%2Fmedia&parent=12902"}],"wp:term":[{"taxonomy":"category","embeddable":true,"href":"https:\/\/atecordoba.org\/index.php?rest_route=%2Fwp%2Fv2%2Fcategories&post=12902"},{"taxonomy":"post_tag","embeddable":true,"href":"https:\/\/atecordoba.org\/index.php?rest_route=%2Fwp%2Fv2%2Ftags&post=12902"}],"curies":[{"name":"wp","href":"https:\/\/api.w.org\/{rel}","templated":true}]}}