{"id":12879,"date":"2020-05-06T18:38:57","date_gmt":"2020-05-06T21:38:57","guid":{"rendered":"https:\/\/www.atecordoba.org\/?p=12879"},"modified":"2020-05-06T18:38:57","modified_gmt":"2020-05-06T21:38:57","slug":"11-05-cordoba-de-pie-por-las-reincorporaciones","status":"publish","type":"post","link":"https:\/\/atecordoba.org\/?p=12879","title":{"rendered":"11\/05: C\u00f3rdoba de pie por las reincorporaciones"},"content":{"rendered":"\n<p><em>Las seccionales de toda la Provincia ratificaron acciones a lo largo y ancho del territorio, en adhesi\u00f3n a la Jornada Nacional planteada para este lunes porel CDN de ATE. Buscar\u00e1n exigir al Gobierno Nacional la recuperaci\u00f3n del Estado tras el desguace macrista, con la vuelta al trabajo de lxs despedidxs. <\/em><\/p>\n\n\n\n<figure class=\"wp-block-image size-large\"><img decoding=\"async\" src=\"http:\/\/atecordoba.org\/wp-content\/uploads\/2020\/06\/6-05-Teleconferencia-Corredma-1024x576.png\" alt=\"\" class=\"wp-image-12880\"\/><\/figure>\n\n\n\n<p>En una reuni\u00f3n con Despedidos y Despedidas del Estado Nacional durante el macrismo de diferentes sectores -Fadea, Saf, Senasa, Enacom, CNRT, Fabricaci\u00f3nes Militares, entre otros-, y con la participaci\u00f3n de los Secretarios y Secretarias Generales de R\u00edo Tercero, R\u00edo Cuarto, San Francisco, Adelia Mar\u00eda, y representantes de Villa Maria y el Secretario Administrativo de Cruz del Eje, ATE C\u00f3rdoba defini\u00f3 acompa\u00f1ar la Jornada Nacional de lucha del lunes 11 mayo. <\/p>\n\n\n\n<p>En la teleconferencia se acord\u00f3 realizar acciones en redes, en medios de comunicaci\u00f3n, asambleas, presentaciones a legisladores y legisladoras de C\u00f3rdoba en el Senado y Congreso de la Naci\u00f3n desde todas las Seccionales y la realizaci\u00f3n de una actividad central en la Capital al frente de la Sede del Ministerio de Trabajo de la Naci\u00f3n.<\/p>\n\n\n\n<p>En los pr\u00f3ximos d\u00edas se ampliar\u00e1 informaci\u00f3n detallada de cada punto donde se realizar\u00e1n las protestas.<\/p>\n","protected":false},"excerpt":{"rendered":"<p>Las seccionales de toda la Provincia ratificaron acciones a lo largo y ancho del territorio, en adhesi\u00f3n a la Jornada Nacional planteada para este lunes porel CDN de ATE. Buscar\u00e1n exigir al Gobierno Nacional la recuperaci\u00f3n del Estado tras el desguace macrista, con la vuelta al trabajo de lxs despedidxs. En una reuni\u00f3n con Despedidos [&hellip;]<\/p>\n","protected":false},"author":1,"featured_media":12880,"comment_status":"open","ping_status":"open","sticky":true,"template":"","format":"standard","meta":{"_exactmetrics_skip_tracking":false,"_exactmetrics_sitenote_active":false,"_exactmetrics_sitenote_note":"","_exactmetrics_sitenote_category":0,"jnews-multi-image_gallery":[],"jnews_single_post":[],"jnews_primary_category":[],"jnews_social_meta":[],"jnews_review":[],"enable_review":"","type":"","name":"","summary":"","brand":"","sku":"","good":[],"bad":[],"score_override":"","override_value":"","rating":[],"price":[],"jnews_override_counter":[],"jnews_post_split":[],"footnotes":""},"categories":[1],"tags":[],"class_list":["post-12879","post","type-post","status-publish","format-standard","has-post-thumbnail","hentry","category-sin-categoria"],"jetpack_featured_media_url":"","_links":{"self":[{"href":"https:\/\/atecordoba.org\/index.php?rest_route=\/wp\/v2\/posts\/12879","targetHints":{"allow":["GET"]}}],"collection":[{"href":"https:\/\/atecordoba.org\/index.php?rest_route=\/wp\/v2\/posts"}],"about":[{"href":"https:\/\/atecordoba.org\/index.php?rest_route=\/wp\/v2\/types\/post"}],"author":[{"embeddable":true,"href":"https:\/\/atecordoba.org\/index.php?rest_route=\/wp\/v2\/users\/1"}],"replies":[{"embeddable":true,"href":"https:\/\/atecordoba.org\/index.php?rest_route=%2Fwp%2Fv2%2Fcomments&post=12879"}],"version-history":[{"count":0,"href":"https:\/\/atecordoba.org\/index.php?rest_route=\/wp\/v2\/posts\/12879\/revisions"}],"wp:featuredmedia":[{"embeddable":true,"href":"https:\/\/atecordoba.org\/index.php?rest_route=\/"}],"wp:attachment":[{"href":"https:\/\/atecordoba.org\/index.php?rest_route=%2Fwp%2Fv2%2Fmedia&parent=12879"}],"wp:term":[{"taxonomy":"category","embeddable":true,"href":"https:\/\/atecordoba.org\/index.php?rest_route=%2Fwp%2Fv2%2Fcategories&post=12879"},{"taxonomy":"post_tag","embeddable":true,"href":"https:\/\/atecordoba.org\/index.php?rest_route=%2Fwp%2Fv2%2Ftags&post=12879"}],"curies":[{"name":"wp","href":"https:\/\/api.w.org\/{rel}","templated":true}]}}