{"id":12874,"date":"2020-05-06T13:01:29","date_gmt":"2020-05-06T16:01:29","guid":{"rendered":"https:\/\/www.atecordoba.org\/?p=12874"},"modified":"2020-05-06T13:01:29","modified_gmt":"2020-05-06T16:01:29","slug":"prorroga-de-mandatos-de-delegados-delegadas-y-juntas-internas","status":"publish","type":"post","link":"https:\/\/atecordoba.org\/?p=12874","title":{"rendered":"Pr\u00f3rroga de mandatos de delegados, delegadas y juntas internas"},"content":{"rendered":"\n<p><em>Lo dispuso el Ministerio de Trabajo de la Naci\u00f3n para garantizar el cumplimiento de las medidas sanitarias de &#8220;no aglomeraci\u00f3n de personas&#8221; hasta el 30 de septiembre. Las representaciones se extender\u00e1n 180 d\u00edas.<\/em><\/p>\n\n\n\n<figure class=\"wp-block-image size-large\"><img decoding=\"async\" src=\"http:\/\/atecordoba.org\/wp-content\/uploads\/2020\/06\/06-05-Prorroga-Mandatos-1024x1024.png\" alt=\"\" class=\"wp-image-12875\"\/><figcaption>Descargue la Resoluci\u00f3n 489\/2020 <a href=\"https:\/\/www.atecordoba.org\/05-05-res-489_2020-prorroga-mandatos\" target=\"_blank\" rel=\"noreferrer noopener\">completa aqu\u00ed<\/a><\/figcaption><\/figure>\n\n\n\n<p>Seg\u00fan la Resoluci\u00f3n 489 publicada ayer (5 de mayo de 2020) en el Bolet\u00edn Oficial, los mandatos de delegados de personal, comisiones internas y \u00f3rganos similares que hubieran vencido a posteriori del 16 de marzo de 2020 se prorrogar\u00e1n por 180 d\u00edas visto la suspensi\u00f3n -resuelta por el Ministerio de Trabajo de la Naci\u00f3n- hasta el 30 de septiembre de 2020 de &#8220;los procesos electorales, las Asambleas y Congresos, tanto Ordinarios como Extraordinarios, como as\u00ed tambi\u00e9n todo acto institucional que implique la movilizaci\u00f3n, traslado y\/o la aglomeraci\u00f3n de personas, de todas las asociaciones sindicales inscriptas en el registro de esta Autoridad de Aplicaci\u00f3n&#8221;, seg\u00fan expresa la citada normativa.<\/p>\n\n\n\n<p>Tal esa as\u00ed que todo aquel compa\u00f1ero o compa\u00f1era delegada o integrante de alguna comisi\u00f3n interna de ATE C\u00f3rdoba cuyo mandato venciere previo al 30 de septiembre, deber\u00e1 saber que sus mandatos ser\u00e1n prorrogados por 180 d\u00edas a los fines de &#8220;contemplar un plazo necesario para que las asociaciones sindicales puedan regularizar su situaci\u00f3n institucional, meritando a tal efecto que el proceso electoral, medular en la vida de las organizaciones sindicales, se compone de una multiplicidad de actos y que, no existe desde el punto de vista tecnol\u00f3gico, recurso virtual disponible que permita sustituir la presencia real de los protagonistas, m\u00e1xime en aquellos casos en los que la voluntad de los afiliados debe expresarse de modo directo y secreto, por ello corresponde prorrogar los mandatos a partir de la conclusi\u00f3n de la suspensi\u00f3n dispuesta&#8221;, seg\u00fan consta en la fundamentaci\u00f3n de la Resoluci\u00f3n 489\/2020 del Ministerio de Trabajo de la Naci\u00f3n.<\/p>\n\n\n\n<p>Adecuaremos los cronogramas electorales y realizaremos todos los actos de elecciones por organismo y sector, garantizando tanto la democracia sindical que caracteriza a nuestro sindicato, cuanto la salud de nuestras compa\u00f1eras y compa\u00f1eros.<\/p>\n\n\n\n<p><a rel=\"noreferrer noopener\" href=\"https:\/\/www.atecordoba.org\/05-05-res-489_2020-prorroga-mandatos\" target=\"_blank\">Compartimos la citada Resoluci\u00f3n<\/a> y quedamos a su entera disposici\u00f3n para seguir construyendo y fortaleciendo, desde las bases, el sindicato que queremos.<\/p>\n","protected":false},"excerpt":{"rendered":"<p>Lo dispuso el Ministerio de Trabajo de la Naci\u00f3n para garantizar el cumplimiento de las medidas sanitarias de &#8220;no aglomeraci\u00f3n de personas&#8221; hasta el 30 de septiembre. Las representaciones se extender\u00e1n 180 d\u00edas. Seg\u00fan la Resoluci\u00f3n 489 publicada ayer (5 de mayo de 2020) en el Bolet\u00edn Oficial, los mandatos de delegados de personal, comisiones [&hellip;]<\/p>\n","protected":false},"author":1,"featured_media":12875,"comment_status":"open","ping_status":"open","sticky":true,"template":"","format":"standard","meta":{"_exactmetrics_skip_tracking":false,"_exactmetrics_sitenote_active":false,"_exactmetrics_sitenote_note":"","_exactmetrics_sitenote_category":0,"jnews-multi-image_gallery":[],"jnews_single_post":[],"jnews_primary_category":[],"jnews_social_meta":[],"jnews_review":[],"enable_review":"","type":"","name":"","summary":"","brand":"","sku":"","good":[],"bad":[],"score_override":"","override_value":"","rating":[],"price":[],"jnews_override_counter":[],"jnews_post_split":[],"footnotes":""},"categories":[1],"tags":[],"class_list":["post-12874","post","type-post","status-publish","format-standard","has-post-thumbnail","hentry","category-sin-categoria"],"jetpack_featured_media_url":"","_links":{"self":[{"href":"https:\/\/atecordoba.org\/index.php?rest_route=\/wp\/v2\/posts\/12874","targetHints":{"allow":["GET"]}}],"collection":[{"href":"https:\/\/atecordoba.org\/index.php?rest_route=\/wp\/v2\/posts"}],"about":[{"href":"https:\/\/atecordoba.org\/index.php?rest_route=\/wp\/v2\/types\/post"}],"author":[{"embeddable":true,"href":"https:\/\/atecordoba.org\/index.php?rest_route=\/wp\/v2\/users\/1"}],"replies":[{"embeddable":true,"href":"https:\/\/atecordoba.org\/index.php?rest_route=%2Fwp%2Fv2%2Fcomments&post=12874"}],"version-history":[{"count":0,"href":"https:\/\/atecordoba.org\/index.php?rest_route=\/wp\/v2\/posts\/12874\/revisions"}],"wp:featuredmedia":[{"embeddable":true,"href":"https:\/\/atecordoba.org\/index.php?rest_route=\/"}],"wp:attachment":[{"href":"https:\/\/atecordoba.org\/index.php?rest_route=%2Fwp%2Fv2%2Fmedia&parent=12874"}],"wp:term":[{"taxonomy":"category","embeddable":true,"href":"https:\/\/atecordoba.org\/index.php?rest_route=%2Fwp%2Fv2%2Fcategories&post=12874"},{"taxonomy":"post_tag","embeddable":true,"href":"https:\/\/atecordoba.org\/index.php?rest_route=%2Fwp%2Fv2%2Ftags&post=12874"}],"curies":[{"name":"wp","href":"https:\/\/api.w.org\/{rel}","templated":true}]}}