{"id":12871,"date":"2020-05-05T17:05:46","date_gmt":"2020-05-05T20:05:46","guid":{"rendered":"https:\/\/www.atecordoba.org\/?p=12871"},"modified":"2020-05-05T17:05:46","modified_gmt":"2020-05-05T20:05:46","slug":"ate-evita-el-traslado-compulsivo-de-una-delegada-sindical","status":"publish","type":"post","link":"https:\/\/atecordoba.org\/?p=12871","title":{"rendered":"ATE evita el traslado compulsivo de una delegada sindical"},"content":{"rendered":"\n<p><em>Gracias a la gesti\u00f3n del Consejo Directivo Provincial se evit\u00f3 el traslado de una delegada del Hospital Colonia Santa Mar\u00eda de Punilla.<\/em><\/p>\n\n\n\n<figure class=\"wp-block-image size-large\"><img decoding=\"async\" src=\"http:\/\/atecordoba.org\/wp-content\/uploads\/2020\/06\/santa-maria.jpg\" alt=\"\" class=\"wp-image-12872\"\/><figcaption>Hospital Colonia Santa Mar\u00eda (archivo)<\/figcaption><\/figure>\n\n\n\n<p>La compa\u00f1era Laura Germ\u00e1n, que hab\u00eda recibido la orden de trasladarse al Hospital Domingo Funes recibi\u00f3 la confirmaci\u00f3n desde la Direcci\u00f3n de Recursos Humanos del Ministerio de Salud provincial que ser\u00e1 respetado su lugar de origen en el Hospital Colonia Santa Mar\u00eda de Punilla, donde trabaja y ejerce la representaci\u00f3n sindical de los trabajadores del sector.<\/p>\n\n\n\n<p>El mantenimiento en el cargo en su lugar original es una de las prerrogativas que la ley de entidades sindicales otorga a los delegados en funci\u00f3n de la tutela sindical que los protege.<\/p>\n\n\n\n<p>Germ\u00e1n, es trabajadora desde hace muchos a\u00f1os del Hospital Santa Mar\u00eda, siendo elegida en reiteradas oportunidades como delegada.<\/p>\n","protected":false},"excerpt":{"rendered":"<p>Gracias a la gesti\u00f3n del Consejo Directivo Provincial se evit\u00f3 el traslado de una delegada del Hospital Colonia Santa Mar\u00eda de Punilla. La compa\u00f1era Laura Germ\u00e1n, que hab\u00eda recibido la orden de trasladarse al Hospital Domingo Funes recibi\u00f3 la confirmaci\u00f3n desde la Direcci\u00f3n de Recursos Humanos del Ministerio de Salud provincial que ser\u00e1 respetado su [&hellip;]<\/p>\n","protected":false},"author":1,"featured_media":12872,"comment_status":"open","ping_status":"open","sticky":false,"template":"","format":"standard","meta":{"_exactmetrics_skip_tracking":false,"_exactmetrics_sitenote_active":false,"_exactmetrics_sitenote_note":"","_exactmetrics_sitenote_category":0,"jnews-multi-image_gallery":[],"jnews_single_post":[],"jnews_primary_category":[],"jnews_social_meta":[],"jnews_review":[],"enable_review":"","type":"","name":"","summary":"","brand":"","sku":"","good":[],"bad":[],"score_override":"","override_value":"","rating":[],"price":[],"jnews_override_counter":[],"jnews_post_split":[],"footnotes":""},"categories":[1],"tags":[],"class_list":["post-12871","post","type-post","status-publish","format-standard","has-post-thumbnail","hentry","category-sin-categoria"],"jetpack_featured_media_url":"","_links":{"self":[{"href":"https:\/\/atecordoba.org\/index.php?rest_route=\/wp\/v2\/posts\/12871","targetHints":{"allow":["GET"]}}],"collection":[{"href":"https:\/\/atecordoba.org\/index.php?rest_route=\/wp\/v2\/posts"}],"about":[{"href":"https:\/\/atecordoba.org\/index.php?rest_route=\/wp\/v2\/types\/post"}],"author":[{"embeddable":true,"href":"https:\/\/atecordoba.org\/index.php?rest_route=\/wp\/v2\/users\/1"}],"replies":[{"embeddable":true,"href":"https:\/\/atecordoba.org\/index.php?rest_route=%2Fwp%2Fv2%2Fcomments&post=12871"}],"version-history":[{"count":0,"href":"https:\/\/atecordoba.org\/index.php?rest_route=\/wp\/v2\/posts\/12871\/revisions"}],"wp:featuredmedia":[{"embeddable":true,"href":"https:\/\/atecordoba.org\/index.php?rest_route=\/"}],"wp:attachment":[{"href":"https:\/\/atecordoba.org\/index.php?rest_route=%2Fwp%2Fv2%2Fmedia&parent=12871"}],"wp:term":[{"taxonomy":"category","embeddable":true,"href":"https:\/\/atecordoba.org\/index.php?rest_route=%2Fwp%2Fv2%2Fcategories&post=12871"},{"taxonomy":"post_tag","embeddable":true,"href":"https:\/\/atecordoba.org\/index.php?rest_route=%2Fwp%2Fv2%2Ftags&post=12871"}],"curies":[{"name":"wp","href":"https:\/\/api.w.org\/{rel}","templated":true}]}}