{"id":12853,"date":"2020-05-05T12:20:53","date_gmt":"2020-05-05T15:20:53","guid":{"rendered":"https:\/\/www.atecordoba.org\/?p=12853"},"modified":"2020-06-18T23:37:27","modified_gmt":"2020-06-19T02:37:27","slug":"repudio-a-la-represion-a-los-municipales-de-jesus-maria","status":"publish","type":"post","link":"https:\/\/atecordoba.org\/?p=12853","title":{"rendered":"Repudio a la represi\u00f3n a los municipales de Jes\u00fas Mar\u00eda"},"content":{"rendered":"\r\n<figure class=\"wp-block-image size-large\"><img decoding=\"async\" class=\"wp-image-12864\" src=\"http:\/\/atecordoba.org\/wp-content\/uploads\/2020\/06\/jesus-maria-2.jpg\" alt=\"\" \/><\/figure>\r\n\r\n\r\n\r\n<p><em>La Asociaci\u00f3n Trabajadores del Estado repudia la brutal represi\u00f3n que sufrieron anoche trabajadores municipales de la localidad de Jes\u00fas Mar\u00eda, en momentos que los compa\u00f1eros ejerc\u00edan una protesta pac\u00edfica en el Corral\u00f3n Municipal, tras no recibir el pago de aumentos salariales acordados en marzo.<\/em><br \/>Se trat\u00f3 de una acci\u00f3n irracional y desproporcionada, llevada a cabo cuando ca\u00eda la noche por polic\u00edas que dejaron un saldo de 41 detenidos y heridos con bala de goma.<br \/>La acci\u00f3n fue ordenada por un fiscal de turno en coordinaci\u00f3n con el intendente Luis Picat (Juntos por el Cambio) y con la anuencia expl\u00edcita del gobierno provincial, a cargo de las fuerzas de seguridad.<br \/>Desde ATE hacemos responsable al Intendente Luis Picat y exigimos la inmediata liberaci\u00f3n de los compa\u00f1eros.<br \/>Los trabajadores del corral\u00f3n municipal cumplen tareas fundamentales para el sostenimiento de la cuarentena de higiene, limpieza, mantenimiento de la red de agua y red cloacal, as\u00ed como la recolecci\u00f3n de residuos y de desechos pat\u00f3genos en el marco de la pandemia que nos afecta a todos. Vale se\u00f1alar que los compa\u00f1eros fueron liberados en horas de la ma\u00f1ana.<\/p>\r\n\r\n\r\n\r\n<p class=\"has-text-align-right\">Consejo Directivo Provincial<\/p>\r\n","protected":false},"excerpt":{"rendered":"<p>La Asociaci\u00f3n Trabajadores del Estado repudia la brutal represi\u00f3n que sufrieron anoche trabajadores municipales de la localidad de Jes\u00fas Mar\u00eda, en momentos que los compa\u00f1eros ejerc\u00edan una protesta pac\u00edfica en el Corral\u00f3n Municipal, tras no recibir el pago de aumentos salariales acordados en marzo.Se trat\u00f3 de una acci\u00f3n irracional y desproporcionada, llevada a cabo cuando [&hellip;]<\/p>\n","protected":false},"author":1,"featured_media":19697,"comment_status":"open","ping_status":"open","sticky":true,"template":"","format":"standard","meta":{"_exactmetrics_skip_tracking":false,"_exactmetrics_sitenote_active":false,"_exactmetrics_sitenote_note":"","_exactmetrics_sitenote_category":0,"jnews-multi-image_gallery":[],"jnews_single_post":{"subtitle":"","format":"standard","video":"","gallery":"","source_name":"","source_url":"","via_name":"","via_url":"","override_template":"0","override":[{"template":"1","single_blog_custom":"","parallax":"1","fullscreen":"0","layout":"right-sidebar","sidebar":"default-sidebar","second_sidebar":"default-sidebar","sticky_sidebar":"1","share_position":"top","share_float_style":"share-monocrhome","show_share_counter":"1","show_view_counter":"1","show_featured":"1","show_post_meta":"1","show_post_author":"1","show_post_author_image":"1","show_post_date":"1","post_date_format":"default","post_date_format_custom":"Y\/m\/d","show_post_category":"1","show_post_reading_time":"0","post_reading_time_wpm":"300","show_zoom_button":"0","zoom_button_out_step":"2","zoom_button_in_step":"3","show_post_tag":"1","show_prev_next_post":"1","show_popup_post":"1","number_popup_post":"1","show_author_box":"0","show_post_related":"0","show_inline_post_related":"0"}],"override_image_size":"0","image_override":[{"single_post_thumbnail_size":"crop-500","single_post_gallery_size":"crop-500"}],"trending_post":"0","trending_post_position":"meta","trending_post_label":"Trending","sponsored_post":"0","sponsored_post_label":"Sponsored by","sponsored_post_name":"","sponsored_post_url":"","sponsored_post_logo_enable":"0","sponsored_post_logo":"","sponsored_post_desc":""},"jnews_primary_category":{"id":""},"jnews_social_meta":[],"jnews_review":[],"enable_review":"0","type":"percentage","name":"","summary":"","brand":"","sku":"","good":[{"good_text":""}],"bad":[{"bad_text":""}],"score_override":"","override_value":"","rating":[{"rating_text":"","rating_number":"10"}],"price":[{"shop":"","price":"","link":"","icon":""}],"jnews_override_counter":{"override_view_counter":"0","view_counter_number":"0","override_share_counter":"0","share_counter_number":"0","override_like_counter":"0","like_counter_number":"0","override_dislike_counter":"0","dislike_counter_number":"0"},"jnews_post_split":{"enable_post_split":"0","post_split":[{"template":"1","tag":"h2","numbering":"asc","mode":"normal"}]},"footnotes":""},"categories":[329,20],"tags":[],"class_list":["post-12853","post","type-post","status-publish","format-standard","has-post-thumbnail","hentry","category-jesus-maria","category-municipales"],"jetpack_featured_media_url":"https:\/\/atecordoba.org\/wp-content\/uploads\/2020\/06\/jesus-maria-2.jpg","_links":{"self":[{"href":"https:\/\/atecordoba.org\/index.php?rest_route=\/wp\/v2\/posts\/12853","targetHints":{"allow":["GET"]}}],"collection":[{"href":"https:\/\/atecordoba.org\/index.php?rest_route=\/wp\/v2\/posts"}],"about":[{"href":"https:\/\/atecordoba.org\/index.php?rest_route=\/wp\/v2\/types\/post"}],"author":[{"embeddable":true,"href":"https:\/\/atecordoba.org\/index.php?rest_route=\/wp\/v2\/users\/1"}],"replies":[{"embeddable":true,"href":"https:\/\/atecordoba.org\/index.php?rest_route=%2Fwp%2Fv2%2Fcomments&post=12853"}],"version-history":[{"count":1,"href":"https:\/\/atecordoba.org\/index.php?rest_route=\/wp\/v2\/posts\/12853\/revisions"}],"predecessor-version":[{"id":20341,"href":"https:\/\/atecordoba.org\/index.php?rest_route=\/wp\/v2\/posts\/12853\/revisions\/20341"}],"wp:featuredmedia":[{"embeddable":true,"href":"https:\/\/atecordoba.org\/index.php?rest_route=\/wp\/v2\/media\/19697"}],"wp:attachment":[{"href":"https:\/\/atecordoba.org\/index.php?rest_route=%2Fwp%2Fv2%2Fmedia&parent=12853"}],"wp:term":[{"taxonomy":"category","embeddable":true,"href":"https:\/\/atecordoba.org\/index.php?rest_route=%2Fwp%2Fv2%2Fcategories&post=12853"},{"taxonomy":"post_tag","embeddable":true,"href":"https:\/\/atecordoba.org\/index.php?rest_route=%2Fwp%2Fv2%2Ftags&post=12853"}],"curies":[{"name":"wp","href":"https:\/\/api.w.org\/{rel}","templated":true}]}}