{"id":12840,"date":"2020-05-04T11:32:23","date_gmt":"2020-05-04T14:32:23","guid":{"rendered":"https:\/\/www.atecordoba.org\/?p=12840"},"modified":"2020-05-05T09:09:43","modified_gmt":"2020-05-05T12:09:43","slug":"despues-del-cierre-de-la-fabrica-militar-ate-volvera-a-tener-seccional-en-san-francisco","status":"publish","type":"post","link":"https:\/\/atecordoba.org\/?p=12840","title":{"rendered":"Despu\u00e9s del cierre de la F\u00e1brica Militar, ATE volver\u00e1 a tener Seccional en San Francisco"},"content":{"rendered":"\r\n<p><em>La Pandemia ha retrasado acontecimientos muy importantes para la Asociaci\u00f3n Trabajadores del Estado (ATE-CTA) San Francisco. El 30 de abril iba a ser la sede del XXIV\u00a0Congreso Provincial del gremio y para este mes de mayo estaba programada la elecci\u00f3n de Comisi\u00f3n Directiva con la que se recuperar\u00eda el estatus de Seccional que se perdi\u00f3 luego de la privatizaci\u00f3n de la F\u00e1brica Militar acaecida en 1996.<\/em><\/p>\r\n\r\n\r\n\r\n<figure class=\"wp-block-image size-large\"><img decoding=\"async\" class=\"wp-image-12749\" src=\"http:\/\/atecordoba.org\/wp-content\/uploads\/2020\/05\/ATE-San-Francisco.jpg\" alt=\"\" \/><\/figure>\r\n\r\n\r\n\r\n<p>Seguramente ambas actividades ser\u00e1n reprogramadas luego que se normalicen la actividades subordinadas a los avances que se produzcan en la lucha contra el COVID-19 para darle un marco de institucionalidad a esta nueva etapa de ATE que encabeza la Delegada Regional del gremio y Secretaria Adjunta de la CTA Aut\u00f3noma San Francisco, Gladys Medina.<\/p>\r\n\r\n\r\n\r\n<p>Para tener una idea de la importancia que ten\u00eda la F\u00e1brica Militar de San Francisco como \u00e1mbito de organizaci\u00f3n y desarrollo de ATE, y la trascendencia del pr\u00f3ximo paso que le devolver\u00e1 el rol de Seccional al sindicato en la ciudad cabecera del Departamento San Justo, reproducimos la siguiente nota que fuera publicada por el diario La Voz de San Justo el 19 de agosto de 2018.<\/p>\r\n\r\n\r\n\r\n<h3 class=\"wp-block-heading\">El recorte en las f\u00e1bricas militares de C\u00f3rdoba reaviv\u00f3 el recuerdo del cierre en San Francisco<\/h3>\r\n\r\n\r\n\r\n<p>A pesar de la resistencia de los trabajadores, la F\u00e1brica Militar se privatiz\u00f3 en los \u201990, poniendo fin a \u201cuna escuela\u201d para la industria local. Los masivos despidos ocurridos en 2018 en Villa Mar\u00eda y R\u00edo Tercero obligan al revisionismo hist\u00f3rico y la comparaci\u00f3n. Las plantas estatales en esas ciudades \u201cno cambiaron el proceso productivo\u201d, c\u00f3mo s\u00ed ocurri\u00f3 en San Francisco, record\u00f3 Luis Chiappero, ex titular de ATE.<\/p>\r\n\r\n\r\n\r\n<figure class=\"wp-block-image size-large\"><img decoding=\"async\" class=\"wp-image-12842\" src=\"http:\/\/atecordoba.org\/wp-content\/uploads\/2020\/05\/Luis-Chiappero.jpg\" alt=\"\" \/><\/figure>\r\n\r\n\r\n\r\n<p>El centenar de despidos que Fabricaciones Militares efectiviz\u00f3 en este 2018 en sus plantas de C\u00f3rdoba reaviv\u00f3 el recuerdo de lo ocurrido en los \u00b490 en la F\u00e1brica Militar San Francisco, donde 141 personas perdieron su fuente de trabajo en una planta que fue cerrada definitivamente y privatizada.<\/p>\r\n\r\n\r\n\r\n<p>Mientras desde el Gobierno Nacional sostienen que \u201cno hay un plan para desactivar ni vaciar\u201d la empresa estatal, la coyuntura productiva en esas plantas viene complicada, a partir de la baja inversi\u00f3n y la escasa demanda del propio Estado del que dependen.<\/p>\r\n\r\n\r\n\r\n<p>A diferencia de San Francisco, en las f\u00e1bricas militares de esas ciudades \u201cno se cambi\u00f3 el proceso productivo\u201d, dijo Luis Chiappero, que dirigi\u00f3 la Seccional local de la Asociaci\u00f3n Trabajadores del Estado (ATE-CTA) y en ese rol encabez\u00f3 junto al hist\u00f3rico dirigente sindical V\u00edctor De Gennaro, el proceso de resistencia que desemboc\u00f3 en el previsible final hace 22 a\u00f1os.<\/p>\r\n\r\n\r\n\r\n<p>En Villa Mar\u00eda se fabrican p\u00f3lvora y explosivos para la miner\u00eda (dinamita y dinamita a granel), adem\u00e1s es la \u00fanica f\u00e1brica sudamericana que fabrica \u00e9ter.\u00a0En R\u00edo Tercero, en tanto, la planta fabril produce \u00e1cido n\u00edtrico, nitrato de amonio y tambi\u00e9n vagones para trenes.\u00a0<\/p>\r\n\r\n\r\n\r\n<h4 class=\"wp-block-heading\">Cambio de matriz productiva<\/h4>\r\n\r\n\r\n\r\n<p>Tras su fundaci\u00f3n en 1944, en su apogeo, la F\u00e1brica Militar San Francisco lleg\u00f3 a contar con 657 trabajadores que supieron trabajar all\u00ed entre los a\u00f1os 1970 y principios de los a\u00f1os \u201980.<\/p>\r\n\r\n\r\n\r\n<p>Luego, el principio del final coincidi\u00f3 con la reconversi\u00f3n de la matriz productiva. De pasar a fabricar balas y material b\u00e9lico, los trabajadores debieron reconvertir su tarea para encarar la fabricaci\u00f3n de vagones de tren y puentes ferroviarios. Ese fue el principio del final, que se materializ\u00f3 en diciembre de 1996.<\/p>\r\n\r\n\r\n\r\n<p>En ese momento, la F\u00e1brica Militar local contaba con un plantel de 141 trabajadores con un promedio de edad de 41 a\u00f1os.<\/p>\r\n\r\n\r\n\r\n<p>Eran trabajadores con capacidad productiva plena que, sin embargo, comenzaron a sufrir el desgaste diario de la falta de trabajo.<\/p>\r\n\r\n\r\n\r\n<p>Previo a la p\u00e9rdida de la fuente laboral, comenz\u00f3 a sobrevenir lo que fue descripto como \u201cun verdadero calvario\u201d. Esto ocurri\u00f3 cuando, de repente, comenzaron a faltar insumos y por ende se paraliz\u00f3 el proceso productivo. Desde all\u00ed hasta el final, el personal solo se limitaba a ingresar a la planta, fichar el ingreso y esperar pasivamente que transcurran las horas hasta la salida diaria, volver a fichar e irse a su casa. En medio de eso, la nada misma, no realizaban ning\u00fan tipo de tareas.<\/p>\r\n\r\n\r\n\r\n<p>Todo era igual d\u00eda tras d\u00eda, jornada tras jornada, en un proceso que para muchos resultaba una verdadera tortura hasta que con el menemismo sobrevino el final que todo el mundo estaba vislumbrando. El cierre definitivo y la posterior venta de las instalaciones a la empresa H\u00e9ctor Codini SA.<\/p>\r\n\r\n\r\n\r\n<p>Desde el inicio de la decadencia de la que otrora supo ser una generadora de la mayor\u00eda de las empresas pymes que a\u00fan hoy se encuentran en la ciudad, la seccional San Francisco de ATE mantuvo una activa participaci\u00f3n gremial a trav\u00e9s de manifestaciones, protestas, reuniones y gestiones que pese a todo, resultaron infructuosas y no lograron evitar el cierre.\u00a0<\/p>\r\n\r\n\r\n\r\n<figure class=\"wp-block-image\"><img decoding=\"async\" src=\"http:\/\/atecordoba.org\/wp-content\/uploads\/2020\/05\/Imageb8509e1a18184bbcb56ddd709df545b9.jpg\" alt=\"\" \/>\r\n<figcaption><em>Mano de obra ociosa.\u00a0\u201cHab\u00eda mucha incertidumbre que deriv\u00f3 en un agotamiento mental de todos los trabajadores. Cobr\u00e1bamos el sueldo a partir de las 5 y entr\u00e1bamos a las 8 para no tener gastos de energ\u00eda y no hac\u00edamos nada hasta que nos retir\u00e1bamos\u201d.\u00a0<\/em><\/figcaption>\r\n<\/figure>\r\n\r\n\r\n\r\n<p>&nbsp;<\/p>\r\n\r\n\r\n\r\n<h4 class=\"wp-block-heading\">Pasado que vuelve<\/h4>\r\n\r\n\r\n\r\n<p>En plena ebullici\u00f3n del conflicto de las plantas de R\u00edo Tercero y Villa Mar\u00eda, Chiappero traz\u00f3 una diferencia con lo sucedido antes en San Francisco, puesto que all\u00ed \u201cno se cambi\u00f3 el proceso productivo\u201d como s\u00ed ocurri\u00f3 en su momento en la f\u00e1brica de nuestra ciudad.<\/p>\r\n\r\n\r\n\r\n<p>Record\u00f3 que \u201ctodo comenz\u00f3 con el traslado de la f\u00e1brica de balas hacia Fray Luis Beltr\u00e1n y ah\u00ed empez\u00f3 el desguace de la planta de San Francisco. Eso ocurri\u00f3 entre los a\u00f1os 1990 y 1991 y se extendi\u00f3 hasta 1996 cuando finalmente se produjo el cierre de la f\u00e1brica\u201d.<\/p>\r\n\r\n\r\n\r\n<p>Durante todo ese proceso,\u00a0\u201chab\u00eda mucha incertidumbre que deriv\u00f3 en un agotamiento mental de todos los trabajadores. Cobr\u00e1bamos el sueldo a partir de las 5 y entr\u00e1bamos a las 8 para no tener gastos de energ\u00eda y no hac\u00edamos nada hasta que nos retir\u00e1bamos. Era un tiempo ocioso en el cual la mente trabajaba a \u2018mil por hora\u2019. Eso produjo el agotamiento mental de muchos\u201d.<\/p>\r\n\r\n\r\n\r\n<p>Con la llegada de un director civil en la F\u00e1brica Militar San Francisco record\u00f3 que \u201cnos hab\u00eda informado que el proceso iba a desembocar como una verdadera aplanadora como finalmente ocurri\u00f3 con el cierre de la f\u00e1brica y posterior privatizaci\u00f3n\u201d.<\/p>\r\n\r\n\r\n\r\n<p>Tras el recambio del proceso productivo, Chiappero dijo que \u201cse fabricaba un promedio de tres vagones de carga diarios; discos de arado, balas, cargadores para el FAL, ajustes de ametralladoras para los tanques de guerra y a eso se agregaban trabajos para terceros. De ah\u00ed pasamos a una paralizaci\u00f3n total antes del cierre\u201d.\u00a0<\/p>\r\n\r\n\r\n\r\n<p>&nbsp;<\/p>\r\n\r\n\r\n\r\n<h4 class=\"wp-block-heading\">La lucha para frenar\u00a0la privatizaci\u00f3n<\/h4>\r\n\r\n\r\n\r\n<p>Como organizaci\u00f3n gremial, Chiappero explic\u00f3 que desde un principio ATE se manifest\u00f3 \u201cen contra\u201d de la privatizaci\u00f3n.\u00a0\u201cSi bien hac\u00edamos asambleas donde decid\u00edan los trabajadores, la gran mayor\u00eda quer\u00eda cobrar la indemnizaci\u00f3n e irse porque estaban agotados\u201d.<\/p>\r\n\r\n\r\n\r\n<p>Ante la resistencia de trabajadores, sindicato y parte de la sociedad civil local que apoyaba la continuidad de la F\u00e1brica Militar, \u201cse logr\u00f3 que podamos resistir durante mucho tiempo m\u00e1s de lo pensado originalmente porque la decisi\u00f3n pol\u00edtica del gobierno nacional de entonces estaba tomada. No solo quer\u00edan achicar el Estado con este cierre sino que tambi\u00e9n cerraron muchas m\u00e1s porque de 14 que hab\u00eda en ese momento, solo quedaron cinco f\u00e1bricas militares en pie en el pa\u00eds. No ca\u00edmos nosotros solos, el cierre se precipit\u00f3 porque no hac\u00edamos m\u00e1s armamento b\u00e9lico\u201d.\u00a0<\/p>\r\n\r\n\r\n\r\n<figure class=\"wp-block-image\"><img decoding=\"async\" src=\"http:\/\/atecordoba.org\/wp-content\/uploads\/2020\/05\/Imagea4a3fb012e86457497bc457d8954beac.jpg\" alt=\"\" \/>\r\n<figcaption><em>Una de las fotograf\u00edas que dej\u00f3 la lucha de los trabajadores captada por la c\u00e1mara de LA VOZ DE SAN JUSTO<\/em><\/figcaption>\r\n<\/figure>\r\n\r\n\r\n\r\n<p>&nbsp;<\/p>\r\n\r\n\r\n\r\n<h3 class=\"wp-block-heading\">\u201cSe perdi\u00f3 una escuela\u201d<\/h3>\r\n\r\n\r\n\r\n<p>Tras recordar el empuje industrialista de la ex F\u00e1brica Militar, que hizo de San Francisco el polo productivo que a\u00fan hoy se destaca en el contexto provincial y nacional, Chiappero dijo que\u00a0\u201ccon el cierre se perdi\u00f3 una escuela\u201d de empresas.<\/p>\r\n\r\n\r\n\r\n<p>La F\u00e1brica Militar \u201cfue una verdadera escuela donde se aprendi\u00f3 mucho, de all\u00ed salieron grandes industriales que pusieron empresas en la ciudad y a\u00fan hoy muchos contin\u00faan aplicando conocimientos que adquirieron all\u00ed\u201d.<\/p>\r\n\r\n\r\n\r\n<p>\u201cA\u00fan hoy hablar sobre la F\u00e1brica Militar San Francisco me genera mucha tristeza\u201d, se\u00f1al\u00f3 el gremialista.<\/p>\r\n\r\n\r\n\r\n<p>\u201cPas\u00e9 all\u00ed 22 a\u00f1os de trabajo. Con el cierre se perdi\u00f3 una fuente de trabajo y de formaci\u00f3n profesional muy interesante que nunca m\u00e1s se pudo recuperar\u201d, a\u00f1adi\u00f3 con nostalgia.<\/p>\r\n\r\n\r\n\r\n<figure class=\"wp-block-image\"><img decoding=\"async\" src=\"http:\/\/atecordoba.org\/wp-content\/uploads\/2020\/05\/Image21ea0b7e4359426fa117a680fc6df48a.jpg\" alt=\"\" \/>\r\n<figcaption><em>Toma pac\u00edfica de las instalaciones de Avenida Urquiza\u00a0<\/em><\/figcaption>\r\n<\/figure>\r\n\r\n\r\n\r\n<p>&nbsp;<\/p>\r\n\r\n\r\n\r\n<h4 class=\"wp-block-heading\">Resistir no alcanz\u00f3<\/h4>\r\n\r\n\r\n\r\n<p>A partir de que se conoci\u00f3 la decisi\u00f3n pol\u00edtica del Estado Nacional de proceder al cierre de la F\u00e1brica Militar San Francisco surgieron en esta planta numerosas gestiones que contaron con la participaci\u00f3n de la Seccional San Francisco de ATE para intentar torcer su destino inexorable.<\/p>\r\n\r\n\r\n\r\n<p>Entre otras cosas, los mismos trabajadores realizaron una toma pac\u00edfica de las instalaciones que con el correr de los d\u00edas cedi\u00f3 a partir de gestiones que el entonces obispo diocesano, Baldomero Martini, que lleg\u00f3 a pronunciar una oraci\u00f3n en la planta donde se or\u00f3 por la continuidad de la fuente de trabajo y por el futuro de los 141 trabajadores y sus familias.<\/p>\r\n\r\n\r\n\r\n<p>En el plano pol\u00edtico, desde el Concejo Deliberante se llegaron a enviar cartas documento dirigidas al entonces presidente Carlos Menem, solicitando que se arbitren las medidas necesarias para la continuidad como emprendimiento industrial de la F\u00e1brica Militar San Francisco y de las fuentes de trabajo de todo su personal.<img decoding=\"async\" src=\"http:\/\/atecordoba.org\/wp-content\/uploads\/2020\/05\/Image78e0901460cb4218a7ebc36b00b2b5a8.jpg\" \/><\/p>\r\n\r\n\r\n\r\n<p>&nbsp;<\/p>\r\n\r\n\r\n\r\n<p>En el momento en que se efectiviz\u00f3 el cierre de la F\u00e1brica Militar se produjo un fuerte impacto en la comunidad. No por ser una situaci\u00f3n esperada dej\u00f3 de causar dolor en la ciudadan\u00eda que ve\u00eda c\u00f3mo el \u00faltimo d\u00eda de 1996 se cerraba de manera definitiva el sue\u00f1o de cientos de familias para dar paso a un proceso privatizador que un tiempo m\u00e1s tarde concluy\u00f3 con la venta de las instalaciones a la empresa que actualmente contin\u00faa desarrollando actividades productivas en el lugar.<\/p>\r\n\r\n\r\n\r\n<figure class=\"wp-block-image\"><img decoding=\"async\" src=\"http:\/\/atecordoba.org\/wp-content\/uploads\/2020\/05\/Image0edd7c6aacab4c80b0a622604191672e.jpg\" alt=\"\" \/><\/figure>\r\n\r\n\r\n\r\n<figure class=\"wp-block-image\"><img decoding=\"async\" src=\"http:\/\/atecordoba.org\/wp-content\/uploads\/2020\/05\/Image46de0b42b6a14a2d953c6e833febee81.jpg\" alt=\"\" \/><\/figure>\r\n\r\n\r\n\r\n<p><strong>\u00a0Fuente: www.lavozdesanjusto.com.ar<\/strong> y <strong>www.ctacordoba.org<\/strong><\/p>\r\n","protected":false},"excerpt":{"rendered":"<p>La Pandemia ha retrasado acontecimientos muy importantes para la Asociaci\u00f3n Trabajadores del Estado (ATE-CTA) San Francisco. El 30 de abril iba a ser la sede del XXIV\u00a0Congreso Provincial del gremio y para este mes de mayo estaba programada la elecci\u00f3n de Comisi\u00f3n Directiva con la que se recuperar\u00eda el estatus de Seccional que se perdi\u00f3 [&hellip;]<\/p>\n","protected":false},"author":1,"featured_media":18381,"comment_status":"open","ping_status":"open","sticky":true,"template":"","format":"standard","meta":{"_exactmetrics_skip_tracking":false,"_exactmetrics_sitenote_active":false,"_exactmetrics_sitenote_note":"","_exactmetrics_sitenote_category":0,"jnews-multi-image_gallery":[],"jnews_single_post":{"subtitle":"","format":"standard","video":"","gallery":"","source_name":"","source_url":"","via_name":"","via_url":"","override_template":"0","override":[{"template":"1","single_blog_custom":"","parallax":"1","fullscreen":"0","layout":"right-sidebar","sidebar":"default-sidebar","second_sidebar":"default-sidebar","sticky_sidebar":"1","share_position":"top","share_float_style":"share-monocrhome","show_share_counter":"1","show_view_counter":"1","show_featured":"1","show_post_meta":"1","show_post_author":"1","show_post_author_image":"1","show_post_date":"1","post_date_format":"default","post_date_format_custom":"Y\/m\/d","show_post_category":"1","show_post_reading_time":"0","post_reading_time_wpm":"300","show_zoom_button":"0","zoom_button_out_step":"2","zoom_button_in_step":"3","show_post_tag":"1","show_prev_next_post":"1","show_popup_post":"1","number_popup_post":"1","show_author_box":"0","show_post_related":"0","show_inline_post_related":"0"}],"override_image_size":"0","image_override":[{"single_post_thumbnail_size":"crop-500","single_post_gallery_size":"crop-500"}],"trending_post":"0","trending_post_position":"meta","trending_post_label":"Trending","sponsored_post":"0","sponsored_post_label":"Sponsored by","sponsored_post_name":"","sponsored_post_url":"","sponsored_post_logo_enable":"0","sponsored_post_logo":"","sponsored_post_desc":""},"jnews_primary_category":{"id":""},"jnews_social_meta":{"fb_title":"","fb_description":"","fb_image":"","twitter_title":"","twitter_description":"","twitter_image":""},"jnews_review":[],"enable_review":"0","type":"percentage","name":"","summary":"","brand":"","sku":"","good":[{"good_text":""}],"bad":[{"bad_text":""}],"score_override":"","override_value":"","rating":[{"rating_text":"","rating_number":"10"}],"price":[{"shop":"","price":"","link":"","icon":""}],"jnews_override_counter":{"override_view_counter":"0","view_counter_number":"0","override_share_counter":"0","share_counter_number":"0","override_like_counter":"0","like_counter_number":"0","override_dislike_counter":"0","dislike_counter_number":"0"},"jnews_post_split":{"enable_post_split":"0","post_split":[{"template":"1","tag":"h2","numbering":"asc","mode":"normal"}]},"footnotes":""},"categories":[1],"tags":[],"class_list":["post-12840","post","type-post","status-publish","format-standard","has-post-thumbnail","hentry","category-sin-categoria"],"jetpack_featured_media_url":"https:\/\/atecordoba.org\/wp-content\/uploads\/2020\/05\/ATE-San-Francisco.jpg","_links":{"self":[{"href":"https:\/\/atecordoba.org\/index.php?rest_route=\/wp\/v2\/posts\/12840","targetHints":{"allow":["GET"]}}],"collection":[{"href":"https:\/\/atecordoba.org\/index.php?rest_route=\/wp\/v2\/posts"}],"about":[{"href":"https:\/\/atecordoba.org\/index.php?rest_route=\/wp\/v2\/types\/post"}],"author":[{"embeddable":true,"href":"https:\/\/atecordoba.org\/index.php?rest_route=\/wp\/v2\/users\/1"}],"replies":[{"embeddable":true,"href":"https:\/\/atecordoba.org\/index.php?rest_route=%2Fwp%2Fv2%2Fcomments&post=12840"}],"version-history":[{"count":2,"href":"https:\/\/atecordoba.org\/index.php?rest_route=\/wp\/v2\/posts\/12840\/revisions"}],"predecessor-version":[{"id":18389,"href":"https:\/\/atecordoba.org\/index.php?rest_route=\/wp\/v2\/posts\/12840\/revisions\/18389"}],"wp:featuredmedia":[{"embeddable":true,"href":"https:\/\/atecordoba.org\/index.php?rest_route=\/wp\/v2\/media\/18381"}],"wp:attachment":[{"href":"https:\/\/atecordoba.org\/index.php?rest_route=%2Fwp%2Fv2%2Fmedia&parent=12840"}],"wp:term":[{"taxonomy":"category","embeddable":true,"href":"https:\/\/atecordoba.org\/index.php?rest_route=%2Fwp%2Fv2%2Fcategories&post=12840"},{"taxonomy":"post_tag","embeddable":true,"href":"https:\/\/atecordoba.org\/index.php?rest_route=%2Fwp%2Fv2%2Ftags&post=12840"}],"curies":[{"name":"wp","href":"https:\/\/api.w.org\/{rel}","templated":true}]}}