{"id":12831,"date":"2020-04-30T12:32:29","date_gmt":"2020-04-30T15:32:29","guid":{"rendered":"https:\/\/www.atecordoba.org\/?p=12831"},"modified":"2020-05-05T09:49:40","modified_gmt":"2020-05-05T12:49:40","slug":"basta-especulaciones-con-el-equipo-de-salud-mental-de-villa-el-libertador","status":"publish","type":"post","link":"https:\/\/atecordoba.org\/?p=12831","title":{"rendered":"Basta de especulaciones con el Equipo de Salud Mental de Villa El Libertador"},"content":{"rendered":"\r\n<p><em>ATE realiz\u00f3 una nueva presentaci\u00f3n ante la Direcci\u00f3n de Salud Mental del Gobierno de la Provincia de C\u00f3rdoba intimando la \u00edntegra restituci\u00f3n del Equipo de Atenci\u00f3n Comunitaria (EAC) al inmueble situado en calle Tilcara 1428. <\/em><\/p>\r\n\r\n\r\n\r\n<figure class=\"wp-block-image size-large\"><img decoding=\"async\" class=\"wp-image-12730\" src=\"http:\/\/atecordoba.org\/wp-content\/uploads\/2020\/05\/Salud-Mental-Villa-El-Libertador-1024x768.jpg\" alt=\"\" \/><\/figure>\r\n\r\n\r\n\r\n<p><a href=\"https:\/\/www.atecordoba.org\/archivos\/12616\" target=\"_blank\" rel=\"noreferrer noopener\" aria-label=\"El EAC funcion\u00f3 en dicho establecimiento durante 20 a\u00f1os (se abre en una nueva pesta\u00f1a)\">El EAC funcion\u00f3 en dicho establecimiento durante 20 a\u00f1os<\/a> hasta que <a href=\"https:\/\/www.atecordoba.org\/archivos\/12596\" target=\"_blank\" rel=\"noreferrer noopener\" aria-label=\"fueran trasladadas\/os las trabajadoras\/es el mes pasado &quot;para realizar refacciones&quot; en el mismo (se abre en una nueva pesta\u00f1a)\">fueran trasladadas\/os las trabajadoras\/es el mes pasado &#8220;para realizar refacciones&#8221; en el mismo<\/a>, seg\u00fan dispusieron desde la Direcci\u00f3n de Salud Mental, dependiente del Ministerio de Salud del Gobierno de la Provincia de C\u00f3rdoba: la decisi\u00f3n, recordemos, no hab\u00eda contado con la comunicaci\u00f3n previa con las\/los profesionales ni con la comunidad que accede al Derecho a la Asistencia en Salud Mental gracias al trabajo del Equipo.<\/p>\r\n\r\n\r\n\r\n<p>&#8220;Hubo mucha improvisaci\u00f3n&#8221;, remarcaron desde el Consejo Directivo Provincial de ATE C\u00f3rdoba. Las trabajadoras psic\u00f3logas (Nora Gal\u00e1n e Isabel Mamani) fueron trasladadas, en primera instancia, al Centro de Salud N\u00b042 del Barrio Comercial, lugar donde no fueron admitidas &#8220;por encontrarse dicho establecimiento afectado a atenci\u00f3n de pacientes febriles, con posibles cuadros de COVID-19&#8221;, seg\u00fan expres\u00f3 ATE en la citada comunicaci\u00f3n. Tras ello, la nueva disposici\u00f3n implic\u00f3 que las psic\u00f3logas <a href=\"https:\/\/www.atecordoba.org\/archivos\/12729\" target=\"_blank\" rel=\"noreferrer noopener\" aria-label=\"fueran trasladadas al CPC de Villa El Libertador (se abre en una nueva pesta\u00f1a)\">fueran trasladadas al CPC de Villa El Libertador<\/a>: con el correr de las jornadas laborales qued\u00f3 en evidencia que dicho lugar no cuenta con las condiciones adecuadas para el desempe\u00f1o de las tareas y el efectivo cumplimiento de los objetivos del EAC para con la comunidad. &#8220;Mientras una de las profesionales realiza una consulta presencial la otra, necesariamente, debe deambular por los pasillo; del mismo modo para realizar entrevistas telef\u00f3nicas que deben realizarlas desde sus propios dispositivos y a su cargo, ya que no cuentan con l\u00ednea directa y wi-fi&#8221;.<\/p>\r\n\r\n\r\n\r\n<p>Adem\u00e1s de ello, desde ATE destacaron que el traslado de la Enfermera Flavia Rivero (tambi\u00e9n parte del Equipo) a Casa del Joven dej\u00f3 &#8220;suspendido el acompa\u00f1amiento y la contenci\u00f3n domiciliaria de personas con problem\u00e1ticas psiqui\u00e1tricas graves, siendo imprescindible el asentamiento de la profesional en la comunidad&#8221;.<\/p>\r\n\r\n\r\n\r\n<p>Por todo ello, es que desde ATE intimamos a la inmediata reincorporaci\u00f3n del Equipo de Atenci\u00f3n Comunitaria Comunitaria de Villa El Libertador al inmueble de Tilcara 1428 para poder volver a garantizar la atenci\u00f3n adecuada a la poblaci\u00f3n del barrio.<\/p>\r\n\r\n\r\n\r\n<p>La salud p\u00fablica, gratuita y de calidad es un derecho de toda la poblaci\u00f3n: la Salud Mental es parte de un enfoque integral en la forma de entender la salud a la cual adherimos desde ATE. Un Estado garante de estas, sus obligaciones, no maltrata ni manosea a sus trabajadoras\/es.<\/p>\r\n","protected":false},"excerpt":{"rendered":"<p>ATE realiz\u00f3 una nueva presentaci\u00f3n ante la Direcci\u00f3n de Salud Mental del Gobierno de la Provincia de C\u00f3rdoba intimando la \u00edntegra restituci\u00f3n del Equipo de Atenci\u00f3n Comunitaria (EAC) al inmueble situado en calle Tilcara 1428. El EAC funcion\u00f3 en dicho establecimiento durante 20 a\u00f1os hasta que fueran trasladadas\/os las trabajadoras\/es el mes pasado &#8220;para realizar [&hellip;]<\/p>\n","protected":false},"author":1,"featured_media":18336,"comment_status":"open","ping_status":"open","sticky":true,"template":"","format":"standard","meta":{"_exactmetrics_skip_tracking":false,"_exactmetrics_sitenote_active":false,"_exactmetrics_sitenote_note":"","_exactmetrics_sitenote_category":0,"jnews-multi-image_gallery":[],"jnews_single_post":{"subtitle":"","format":"standard","video":"","gallery":"","source_name":"","source_url":"","via_name":"","via_url":"","override_template":"0","override":[{"template":"1","single_blog_custom":"","parallax":"1","fullscreen":"0","layout":"right-sidebar","sidebar":"default-sidebar","second_sidebar":"default-sidebar","sticky_sidebar":"1","share_position":"top","share_float_style":"share-monocrhome","show_share_counter":"1","show_view_counter":"1","show_featured":"1","show_post_meta":"1","show_post_author":"1","show_post_author_image":"1","show_post_date":"1","post_date_format":"default","post_date_format_custom":"Y\/m\/d","show_post_category":"1","show_post_reading_time":"0","post_reading_time_wpm":"300","show_zoom_button":"0","zoom_button_out_step":"2","zoom_button_in_step":"3","show_post_tag":"1","show_prev_next_post":"1","show_popup_post":"1","number_popup_post":"1","show_author_box":"0","show_post_related":"0","show_inline_post_related":"0"}],"override_image_size":"0","image_override":[{"single_post_thumbnail_size":"crop-500","single_post_gallery_size":"crop-500"}],"trending_post":"0","trending_post_position":"meta","trending_post_label":"Trending","sponsored_post":"0","sponsored_post_label":"Sponsored by","sponsored_post_name":"","sponsored_post_url":"","sponsored_post_logo_enable":"0","sponsored_post_logo":"","sponsored_post_desc":""},"jnews_primary_category":{"id":""},"jnews_social_meta":{"fb_title":"","fb_description":"","fb_image":"","twitter_title":"","twitter_description":"","twitter_image":""},"jnews_review":[],"enable_review":"0","type":"percentage","name":"","summary":"","brand":"","sku":"","good":[{"good_text":""}],"bad":[{"bad_text":""}],"score_override":"","override_value":"","rating":[{"rating_text":"","rating_number":"10"}],"price":[{"shop":"","price":"","link":"","icon":""}],"jnews_override_counter":{"override_view_counter":"0","view_counter_number":"0","override_share_counter":"0","share_counter_number":"0","override_like_counter":"0","like_counter_number":"0","override_dislike_counter":"0","dislike_counter_number":"0"},"jnews_post_split":{"enable_post_split":"0","post_split":[{"template":"1","tag":"h2","numbering":"asc","mode":"normal"}]},"footnotes":""},"categories":[1],"tags":[],"class_list":["post-12831","post","type-post","status-publish","format-standard","has-post-thumbnail","hentry","category-sin-categoria"],"jetpack_featured_media_url":"https:\/\/atecordoba.org\/wp-content\/uploads\/2020\/05\/Salud-Mental-Villa-El-Libertador-1024x768.jpg","_links":{"self":[{"href":"https:\/\/atecordoba.org\/index.php?rest_route=\/wp\/v2\/posts\/12831","targetHints":{"allow":["GET"]}}],"collection":[{"href":"https:\/\/atecordoba.org\/index.php?rest_route=\/wp\/v2\/posts"}],"about":[{"href":"https:\/\/atecordoba.org\/index.php?rest_route=\/wp\/v2\/types\/post"}],"author":[{"embeddable":true,"href":"https:\/\/atecordoba.org\/index.php?rest_route=\/wp\/v2\/users\/1"}],"replies":[{"embeddable":true,"href":"https:\/\/atecordoba.org\/index.php?rest_route=%2Fwp%2Fv2%2Fcomments&post=12831"}],"version-history":[{"count":2,"href":"https:\/\/atecordoba.org\/index.php?rest_route=\/wp\/v2\/posts\/12831\/revisions"}],"predecessor-version":[{"id":19282,"href":"https:\/\/atecordoba.org\/index.php?rest_route=\/wp\/v2\/posts\/12831\/revisions\/19282"}],"wp:featuredmedia":[{"embeddable":true,"href":"https:\/\/atecordoba.org\/index.php?rest_route=\/wp\/v2\/media\/18336"}],"wp:attachment":[{"href":"https:\/\/atecordoba.org\/index.php?rest_route=%2Fwp%2Fv2%2Fmedia&parent=12831"}],"wp:term":[{"taxonomy":"category","embeddable":true,"href":"https:\/\/atecordoba.org\/index.php?rest_route=%2Fwp%2Fv2%2Fcategories&post=12831"},{"taxonomy":"post_tag","embeddable":true,"href":"https:\/\/atecordoba.org\/index.php?rest_route=%2Fwp%2Fv2%2Ftags&post=12831"}],"curies":[{"name":"wp","href":"https:\/\/api.w.org\/{rel}","templated":true}]}}