{"id":12827,"date":"2020-04-30T10:37:55","date_gmt":"2020-04-30T13:37:55","guid":{"rendered":"https:\/\/www.atecordoba.org\/?p=12827"},"modified":"2020-05-05T09:51:51","modified_gmt":"2020-05-05T12:51:51","slug":"hacia-una-medida-provincial","status":"publish","type":"post","link":"https:\/\/atecordoba.org\/?p=12827","title":{"rendered":"Hacia una medida de protesta provincial"},"content":{"rendered":"\r\n<p><em>As\u00ed lo dictamin\u00f3 el Plenario de Delegados\/as Provinciales de ATE. Recomposici\u00f3n salarial, pase a planta, negativa a rebajas en los sueldos, disposici\u00f3n en cantidad y calidad de Equipamiento de Protecci\u00f3n Personal y protocolos sanitarios adecuados, entre las principales demandas. &#8220;Por una salud p\u00fablica, gratuita, popular y de calidad&#8221;, la consigna de la medida.<\/em><\/p>\r\n\r\n\r\n\r\n<figure class=\"wp-block-image size-large\"><img decoding=\"async\" class=\"wp-image-12828\" src=\"http:\/\/atecordoba.org\/wp-content\/uploads\/2020\/05\/29-4-Teleconferencia-Provinciales-1000x1024.png\" alt=\"\" \/>\r\n<figcaption>El Plenario adelant\u00f3 que no aceptar\u00e1n rebajas salariales -tal el acuerdo entre CGT (UPCN y SEP en el sector p\u00fablico) y la UIA con el visto bueno del Gobierno Nacional-, ni el pago en cuasi monedas provinciales; desde la conducci\u00f3n provincial, ademas, solicitaron audiencia con el Ministro de Salud Provincial.<\/figcaption>\r\n<\/figure>\r\n\r\n\r\n\r\n<p>Tras tres horas de intenso debate, el Plenario de Delegados y Delegadas de los Sectores Provinciales -realizado ayer por Videoconferencia-, resolvi\u00f3 avanzar &#8220;hacia alguna medida creativa de visibilizaci\u00f3n de las m\u00faltiples problem\u00e1ticas que atraviesa el sector, donde los trabajadores y trabajadoras de la salud est\u00e1n siendo exigidos sin los cuidados ni el reconocimiento adecuado&#8221;, manifestaron desde el Consejo Directivo Provincial de ATE C\u00f3rdoba.<br \/>Participaron de la instancia las Secretarias Generales de R\u00edo Cuarto, Rafaela Alcoba, y de San Francisco, Gladys Medina; los Secretarios Generales de R\u00edo Tercero, Dami\u00e1n Albornoz, de Cruz del Eje, Daniel Allende y de Adelia Mar\u00eda, Diego Villegas; y tambi\u00e9n participaron las Delegadas y Delegados de Hospitales de C\u00f3rdoba Capital e Interior, Senaf, Polo de la Mujer y Ministerio de Desarrollo Social de la provincia.<br \/>Luego de un intercambio riqu\u00edsimo en donde se informo de la situaci\u00f3n en los lugares de trabajo, propuestas e iniciativas, se resaltaron los siguientes puntos:<\/p>\r\n\r\n\r\n\r\n<p>&#8211; Desde lo pol\u00edtico, plantear que &#8220;no vamos a aceptar por parte del Gobierno de Schiaretti ning\u00fan tipo de rebaja salarial a cambio de trabajo como ha aceptado la CGT (d\u00edgase el SEP en la Provincia, UPCN a nivel nacional -como explicitamente expres\u00f3 su Secretario General, Andr\u00e9s Rodr\u00edguez) con la UIA. Tampoco que se pague con cuasi monedas en la Provincia;<\/p>\r\n\r\n\r\n\r\n<p>&#8211; Cualquier necesidad que surja en los lugares de trabajo se derivar\u00e1 al Departamento de Salud Provincial para que vaya inmediatamente al sector;<\/p>\r\n\r\n\r\n\r\n<p>&#8211; &#8220;Apoyaremos el pedido de renuncia del Director del Hospital de Punilla, solicitud ya realizada por la Seccional de ATE Cruz del Eje&#8221;, fue otro de los puntos;<\/p>\r\n\r\n\r\n\r\n<p>&#8211; Se realizar\u00e1 la &#8220;entrega, desde ATE, de barbijos y m\u00e1scaras 3D de buena calidad a lxs afiliadxs de la Primera L\u00ednea de Capital&#8221;;<\/p>\r\n\r\n\r\n\r\n<p>&#8211; Ratificar &#8220;el pedido de audiencia con el Ministro de Salud, con mandato de base&#8221;;<\/p>\r\n\r\n\r\n\r\n<p>&#8211; Exigir al Ministerio de Salud los testeos para todxs lxs compa\u00f1erxs trabajadorxs de la primera l\u00ednea<\/p>\r\n\r\n\r\n\r\n<p>&#8211; En el termino los pr\u00f3ximos diez d\u00edas &#8220;vamos a organizar desde ATE una capacitaci\u00f3n v\u00eda teleconferencia sobre uso del Equipamiento de Protecci\u00f3n Personal para todos y todas las trabajadoras de la Provincia&#8221;.<\/p>\r\n\r\n\r\n\r\n<p>&#8211; Volver a plantear por nota lo solicitado por ATE hace 30 d\u00edas: &#8220;el pedido de que cobren el Bono Nacional de $5000, todos los trabajadorxs de Salud y tambi\u00e9n aquellxs pertenecientes al Polo de la Mujer y Ministerio de Justicia en SENAF&#8221;.<\/p>\r\n\r\n\r\n\r\n<p>&#8211; Encuentro de Salud Mental de Delegados y Delegadas de ATE en la provincia de los EAC, Casa del Joven, Hospitales, etc. &#8220;Ser\u00e1 un espacio de discusi\u00f3n y resoluci\u00f3n&#8221;, manifestaron.<\/p>\r\n\r\n\r\n\r\n<p>&#8211; Madurar una acci\u00f3n concreta en toda la provincia: un ruidazo\/barbijazo no solo en defensa de los derechos de los trabajadores y trabajadoras del sector sino tambi\u00e9n, por una salud p\u00fablica, gratuita, popular y de calidad.<br \/>&#8220;Para ello ya comenzamos a involucrar a todas las Delegadas y Delegados y lxs trabajadores de todos los lugares de trabajo para que sea contundente&#8221;.<\/p>\r\n\r\n\r\n\r\n<p>&#8211; &#8220;Armado de red de comunicaci\u00f3n efectiva para fortalecernos&#8221;, fue otro de los acuerdos efectuados al cierre de la actividad.<\/p>\r\n","protected":false},"excerpt":{"rendered":"<p>As\u00ed lo dictamin\u00f3 el Plenario de Delegados\/as Provinciales de ATE. Recomposici\u00f3n salarial, pase a planta, negativa a rebajas en los sueldos, disposici\u00f3n en cantidad y calidad de Equipamiento de Protecci\u00f3n Personal y protocolos sanitarios adecuados, entre las principales demandas. &#8220;Por una salud p\u00fablica, gratuita, popular y de calidad&#8221;, la consigna de la medida. Tras tres [&hellip;]<\/p>\n","protected":false},"author":1,"featured_media":18342,"comment_status":"open","ping_status":"open","sticky":true,"template":"","format":"standard","meta":{"_exactmetrics_skip_tracking":false,"_exactmetrics_sitenote_active":false,"_exactmetrics_sitenote_note":"","_exactmetrics_sitenote_category":0,"jnews-multi-image_gallery":[],"jnews_single_post":{"subtitle":"","format":"standard","video":"","gallery":"","source_name":"","source_url":"","via_name":"","via_url":"","override_template":"0","override":[{"template":"1","single_blog_custom":"","parallax":"1","fullscreen":"0","layout":"right-sidebar","sidebar":"default-sidebar","second_sidebar":"default-sidebar","sticky_sidebar":"1","share_position":"top","share_float_style":"share-monocrhome","show_share_counter":"1","show_view_counter":"1","show_featured":"1","show_post_meta":"1","show_post_author":"1","show_post_author_image":"1","show_post_date":"1","post_date_format":"default","post_date_format_custom":"Y\/m\/d","show_post_category":"1","show_post_reading_time":"0","post_reading_time_wpm":"300","show_zoom_button":"0","zoom_button_out_step":"2","zoom_button_in_step":"3","show_post_tag":"1","show_prev_next_post":"1","show_popup_post":"1","number_popup_post":"1","show_author_box":"0","show_post_related":"0","show_inline_post_related":"0"}],"override_image_size":"0","image_override":[{"single_post_thumbnail_size":"crop-500","single_post_gallery_size":"crop-500"}],"trending_post":"0","trending_post_position":"meta","trending_post_label":"Trending","sponsored_post":"0","sponsored_post_label":"Sponsored by","sponsored_post_name":"","sponsored_post_url":"","sponsored_post_logo_enable":"0","sponsored_post_logo":"","sponsored_post_desc":""},"jnews_primary_category":{"id":""},"jnews_social_meta":{"fb_title":"","fb_description":"","fb_image":"","twitter_title":"","twitter_description":"","twitter_image":""},"jnews_review":[],"enable_review":"0","type":"percentage","name":"","summary":"","brand":"","sku":"","good":[{"good_text":""}],"bad":[{"bad_text":""}],"score_override":"","override_value":"","rating":[{"rating_text":"","rating_number":"10"}],"price":[{"shop":"","price":"","link":"","icon":""}],"jnews_override_counter":{"override_view_counter":"0","view_counter_number":"0","override_share_counter":"0","share_counter_number":"0","override_like_counter":"0","like_counter_number":"0","override_dislike_counter":"0","dislike_counter_number":"0"},"jnews_post_split":{"enable_post_split":"0","post_split":[{"template":"1","tag":"h2","numbering":"asc","mode":"normal"}]},"footnotes":""},"categories":[1],"tags":[],"class_list":["post-12827","post","type-post","status-publish","format-standard","has-post-thumbnail","hentry","category-sin-categoria"],"jetpack_featured_media_url":"https:\/\/atecordoba.org\/wp-content\/uploads\/2020\/05\/Teleconferencia-nacionales-1-917x1024.jpg","_links":{"self":[{"href":"https:\/\/atecordoba.org\/index.php?rest_route=\/wp\/v2\/posts\/12827","targetHints":{"allow":["GET"]}}],"collection":[{"href":"https:\/\/atecordoba.org\/index.php?rest_route=\/wp\/v2\/posts"}],"about":[{"href":"https:\/\/atecordoba.org\/index.php?rest_route=\/wp\/v2\/types\/post"}],"author":[{"embeddable":true,"href":"https:\/\/atecordoba.org\/index.php?rest_route=\/wp\/v2\/users\/1"}],"replies":[{"embeddable":true,"href":"https:\/\/atecordoba.org\/index.php?rest_route=%2Fwp%2Fv2%2Fcomments&post=12827"}],"version-history":[{"count":2,"href":"https:\/\/atecordoba.org\/index.php?rest_route=\/wp\/v2\/posts\/12827\/revisions"}],"predecessor-version":[{"id":19283,"href":"https:\/\/atecordoba.org\/index.php?rest_route=\/wp\/v2\/posts\/12827\/revisions\/19283"}],"wp:featuredmedia":[{"embeddable":true,"href":"https:\/\/atecordoba.org\/index.php?rest_route=\/wp\/v2\/media\/18342"}],"wp:attachment":[{"href":"https:\/\/atecordoba.org\/index.php?rest_route=%2Fwp%2Fv2%2Fmedia&parent=12827"}],"wp:term":[{"taxonomy":"category","embeddable":true,"href":"https:\/\/atecordoba.org\/index.php?rest_route=%2Fwp%2Fv2%2Fcategories&post=12827"},{"taxonomy":"post_tag","embeddable":true,"href":"https:\/\/atecordoba.org\/index.php?rest_route=%2Fwp%2Fv2%2Ftags&post=12827"}],"curies":[{"name":"wp","href":"https:\/\/api.w.org\/{rel}","templated":true}]}}