{"id":12823,"date":"2020-04-29T15:21:24","date_gmt":"2020-04-29T18:21:24","guid":{"rendered":"https:\/\/www.atecordoba.org\/?p=12823"},"modified":"2020-05-06T11:18:43","modified_gmt":"2020-05-06T14:18:43","slug":"pelusa-carrica-hasta-la-victoria-siempre","status":"publish","type":"post","link":"https:\/\/atecordoba.org\/?p=12823","title":{"rendered":"\u201cPelusa\u201d Carrica, \u00a1Hasta la Victoria Siempre!"},"content":{"rendered":"\r\n<figure class=\"wp-block-image size-large\"><img decoding=\"async\" class=\"wp-image-12824\" src=\"http:\/\/atecordoba.org\/wp-content\/uploads\/2020\/05\/Pelusa-Carrica-foto.jpg\" alt=\"\" \/><\/figure>\r\n\r\n\r\n\r\n<p class=\"has-text-align-right\"><em>\u201cLxs compa\u00f1erxs, en el coraz\u00f3n: sus banderas, a la Victoria.\u201d<\/em><\/p>\r\n\r\n\r\n\r\n<p class=\"has-text-align-left\">Esa lecci\u00f3n hemos aprendido a los golpes, con llanto, con dolor: mientras nos buscamos para ver d\u00f3nde and\u00e1bamos, y ya era un hecho que nos hab\u00edan arrebatado a miles y miles de compa\u00f1eras y compa\u00f1eros, se erig\u00edan figuras enormes que, sea en el exilio, sea en nuestro pa\u00eds, empu\u00f1aban las banderas para plantear una nueva iniciativa que nos invitaba a retomar la lucha. De esos compa\u00f1eros fuiste vos, \u201cPelusa\u201d. Cuando la noche oscura apagaba cualquier llama, supiste aparecer para devolver las ganas de vivir, o las \u201cganas de luchar\u201d, que para los revolucionarios son frases que se conjugan juntas.<\/p>\r\n\r\n\r\n\r\n<p>Y porque se conjugan juntas es que a cada paso que dimos como militantes populares, nos encontramos con tu figura, con tu voz y tu experiencia acompa\u00f1ando los caminos de quienes vinimos abri\u00e9ndonos paso siguiendo tu andar. Por esos motivos -por causalidad, no por casualidad-, es que en el poquito tiempo que transcurri\u00f3 de este 2020 -previo al aislamiento- los compa\u00f1eros y compa\u00f1eras del CDP pudimos compartir dos instancias de militancia con vos: el 8 de febrero, en el Encuentro Nacional de Presxs Pol\u00edticxs, Exiliadxs y Victimas durante la Dictadura Militar, que realizamos en la Sede del Consejo Directivo Provincial de ATE (de donde surgi\u00f3 un duro documento sobre la situaci\u00f3n de quienes fuimos v\u00edctimas del Terrorismo de Estado y a\u00fan no percibimos indemnizaciones y pensiones); y la otra en un conversatorio sobre Derechos de Los Pueblos en el Encuentro de J\u00f3venes de ATE en Burzaco el 22 de febrero pasado.<\/p>\r\n\r\n\r\n\r\n<p>Hoy te incorpor\u00e1s al enorme firmamento de luchadores populares m\u00e1s o menos an\u00f3nimos, siempre incansables, al cual siempre levantamos la vista cada vez que no sabemos c\u00f3mo o con qu\u00e9 fuerza avanzar. All\u00ed te incorporar\u00e1s con ese destello siempre brillante que es tu madre, la enfermera infatigable, referenta de ATE, del sanitarismo popular, de la CGT de los Argentinos, de la Resistencia Peronista -entre otros espacios en los que puso su vida-, la compa\u00f1era revolucionaria Ilda Laciar de Carrica. La infame Dictadura C\u00edvico Militar te priv\u00f3 a vos de disfrutar m\u00e1s de tu madre -y te oblig\u00f3 a vivir el exilio, con todo lo que afectivamente ello implica- y a todas y todos nosotros de aprender m\u00e1s de ella, de luchar m\u00e1s junto a ella.<\/p>\r\n\r\n\r\n\r\n<p>Hoy nos toca abrazar a tu familia y compa\u00f1eras y compa\u00f1eros por este medio. El capitalismo en crisis y la emergencia sanitaria nos han implantado este sitio obligatorio que nos ha alejado de la calle, esa \u201carma\u201d que tan bien supiste empu\u00f1ar en Chaco, Buenos Aires, C\u00f3rdoba, en Europa; en el Hospital Posadas -tu lugar de trabajo- o en el \u00faltimo paraje de alguna comunidad wichi del norte de nuestro suelo argentino, donde sea que hayas ido. Y all\u00ed, en la calle, nos encontramos m\u00e1s de una vez. Y nos seguiremos encontrando, porque a \u201clxs compa\u00f1erxs -lo repertimos-, lxs llevamos en el coraz\u00f3n. Y a sus banderas, a la Victoria\u201d.<\/p>\r\n\r\n\r\n\r\n<p class=\"has-text-align-center\"><strong>Consejo Directivo Provincial<\/strong><\/p>\r\n\r\n\r\n\r\n<p class=\"has-text-align-center\"><strong>ATE C\u00f3rdoba<\/strong><\/p>\r\n","protected":false},"excerpt":{"rendered":"<p>\u201cLxs compa\u00f1erxs, en el coraz\u00f3n: sus banderas, a la Victoria.\u201d Esa lecci\u00f3n hemos aprendido a los golpes, con llanto, con dolor: mientras nos buscamos para ver d\u00f3nde and\u00e1bamos, y ya era un hecho que nos hab\u00edan arrebatado a miles y miles de compa\u00f1eras y compa\u00f1eros, se erig\u00edan figuras enormes que, sea en el exilio, sea [&hellip;]<\/p>\n","protected":false},"author":1,"featured_media":18340,"comment_status":"open","ping_status":"open","sticky":true,"template":"","format":"standard","meta":{"_exactmetrics_skip_tracking":false,"_exactmetrics_sitenote_active":false,"_exactmetrics_sitenote_note":"","_exactmetrics_sitenote_category":0,"jnews-multi-image_gallery":[],"jnews_single_post":{"subtitle":"","format":"standard","video":"","gallery":"","source_name":"","source_url":"","via_name":"","via_url":"","override_template":"0","override":[{"template":"1","single_blog_custom":"","parallax":"1","fullscreen":"0","layout":"right-sidebar","sidebar":"default-sidebar","second_sidebar":"default-sidebar","sticky_sidebar":"1","share_position":"top","share_float_style":"share-monocrhome","show_share_counter":"1","show_view_counter":"1","show_featured":"1","show_post_meta":"1","show_post_author":"1","show_post_author_image":"1","show_post_date":"1","post_date_format":"default","post_date_format_custom":"Y\/m\/d","show_post_category":"1","show_post_reading_time":"0","post_reading_time_wpm":"300","show_zoom_button":"0","zoom_button_out_step":"2","zoom_button_in_step":"3","show_post_tag":"1","show_prev_next_post":"1","show_popup_post":"1","number_popup_post":"1","show_author_box":"0","show_post_related":"0","show_inline_post_related":"0"}],"override_image_size":"0","image_override":[{"single_post_thumbnail_size":"crop-500","single_post_gallery_size":"crop-500"}],"trending_post":"0","trending_post_position":"meta","trending_post_label":"Trending","sponsored_post":"0","sponsored_post_label":"Sponsored by","sponsored_post_name":"","sponsored_post_url":"","sponsored_post_logo_enable":"0","sponsored_post_logo":"","sponsored_post_desc":""},"jnews_primary_category":{"id":""},"jnews_social_meta":{"fb_title":"","fb_description":"","fb_image":"","twitter_title":"","twitter_description":"","twitter_image":""},"jnews_review":[],"enable_review":"0","type":"percentage","name":"","summary":"","brand":"","sku":"","good":[{"good_text":""}],"bad":[{"bad_text":""}],"score_override":"","override_value":"","rating":[{"rating_text":"","rating_number":"10"}],"price":[{"shop":"","price":"","link":"","icon":""}],"jnews_override_counter":{"override_view_counter":"0","view_counter_number":"0","override_share_counter":"0","share_counter_number":"0","override_like_counter":"0","like_counter_number":"0","override_dislike_counter":"0","dislike_counter_number":"0"},"jnews_post_split":{"enable_post_split":"0","post_split":[{"template":"1","tag":"h2","numbering":"asc","mode":"normal"}]},"footnotes":""},"categories":[1],"tags":[],"class_list":["post-12823","post","type-post","status-publish","format-standard","has-post-thumbnail","hentry","category-sin-categoria"],"jetpack_featured_media_url":"https:\/\/atecordoba.org\/wp-content\/uploads\/2020\/05\/Pelusa-Carrica-foto.jpg","_links":{"self":[{"href":"https:\/\/atecordoba.org\/index.php?rest_route=\/wp\/v2\/posts\/12823","targetHints":{"allow":["GET"]}}],"collection":[{"href":"https:\/\/atecordoba.org\/index.php?rest_route=\/wp\/v2\/posts"}],"about":[{"href":"https:\/\/atecordoba.org\/index.php?rest_route=\/wp\/v2\/types\/post"}],"author":[{"embeddable":true,"href":"https:\/\/atecordoba.org\/index.php?rest_route=\/wp\/v2\/users\/1"}],"replies":[{"embeddable":true,"href":"https:\/\/atecordoba.org\/index.php?rest_route=%2Fwp%2Fv2%2Fcomments&post=12823"}],"version-history":[{"count":2,"href":"https:\/\/atecordoba.org\/index.php?rest_route=\/wp\/v2\/posts\/12823\/revisions"}],"predecessor-version":[{"id":19285,"href":"https:\/\/atecordoba.org\/index.php?rest_route=\/wp\/v2\/posts\/12823\/revisions\/19285"}],"wp:featuredmedia":[{"embeddable":true,"href":"https:\/\/atecordoba.org\/index.php?rest_route=\/wp\/v2\/media\/18340"}],"wp:attachment":[{"href":"https:\/\/atecordoba.org\/index.php?rest_route=%2Fwp%2Fv2%2Fmedia&parent=12823"}],"wp:term":[{"taxonomy":"category","embeddable":true,"href":"https:\/\/atecordoba.org\/index.php?rest_route=%2Fwp%2Fv2%2Fcategories&post=12823"},{"taxonomy":"post_tag","embeddable":true,"href":"https:\/\/atecordoba.org\/index.php?rest_route=%2Fwp%2Fv2%2Ftags&post=12823"}],"curies":[{"name":"wp","href":"https:\/\/api.w.org\/{rel}","templated":true}]}}