{"id":12817,"date":"2020-04-27T16:08:43","date_gmt":"2020-04-27T19:08:43","guid":{"rendered":"https:\/\/www.atecordoba.org\/?p=12817"},"modified":"2020-05-06T11:27:34","modified_gmt":"2020-05-06T14:27:34","slug":"ate-va-por-las-reincorporaciones","status":"publish","type":"post","link":"https:\/\/atecordoba.org\/?p=12817","title":{"rendered":"ATE va por las reincorporaciones"},"content":{"rendered":"\r\n<p><em>La Comisi\u00f3n de Relevamiento y Reincorporaci\u00f3n de Despedidos\/as en la Era Macri de ATE C\u00f3rdoba particip\u00f3 de una teleconferencia de despedidas\/os del Estado Nacional. De la instancia participaron miembros del Consejo Directivo Nacional y se acord\u00f3, tras un repaso por Provincia, retomar la iniciativa acerca de la problem\u00e1tica.<\/em><\/p>\r\n\r\n\r\n\r\n<figure class=\"wp-block-image size-large\"><img decoding=\"async\" class=\"wp-image-12819\" src=\"http:\/\/atecordoba.org\/wp-content\/uploads\/2020\/05\/Teleconferencia-nacionales-1-917x1024.jpg\" alt=\"\" \/><\/figure>\r\n\r\n\r\n\r\n<p>Con la presencia de los Secretarios Nacionales de ATE: Adjunto, Rodolfo Aguiar; Gremial Alejandro Garz\u00f3n; del Interior Vicente Marti; de los Coordinadores de la Corredma, Cesar Bali\u00f1a y Francisco Dollman; y con la participaci\u00f3n de miembros de los Consejos Directivos Provinciales, entre quienes se hallaba el Secretario General de ATE C\u00f3rdoba, Federico Giuliani; y de despedidas\/os de todo el pa\u00eds, \u201cacabamos de terminar una reuni\u00f3n de cuatros horas con compa\u00f1eros y compa\u00f1eras v\u00edctimas del ajuste macrista\u201d, expres\u00f3 Federico Giuliani en sus redes sociales. Luego de un informe por provincia y sector desguasado por las pol\u00edticas de ajuste de Macri, \u201cdefinimos retomar la iniciativa para poner en agenda del Gobierno Nacional las reincorporaciones de los y las miles de despedidxs en los cuatro a\u00f1os de Cambiemos\u201d, expres\u00f3 el Secretario General de ATE C\u00f3rdoba. Por la Provincia participaron, adem\u00e1s, referentes despedidos y despedidas de Fadea, Fabricaciones Militares de R\u00edo Tercero y Villa Mar\u00eda, Secretar\u00edaa de Agricultura Familiar, Senasa y CNRT.<\/p>\r\n\r\n\r\n\r\n<p>\u201cPlanteamos que la Pandemia no puede ni debe Invisibilizar esta problem\u00e1tica que fue parte de las promesas de campa\u00f1a del Frente de Todxs\u201d, enfatiz\u00f3 Giuliani quien agreg\u00f3 adem\u00e1s el repudio de ATE de que a 120 d\u00edas de asumido el Gobierno de Alberto Fern\u00e1ndez a\u00fan contin\u00faen al frente de Organismos o como funcionarios intermedios en los Ministerios, aquellos militantes del PRO que hicieron las listas de despidos durante el macrismo. \u201cAun hoy siguen con impunidad en el Estado\u201d, espet\u00f3 Giuliani.<\/p>\r\n\r\n\r\n\r\n<p>\u201cDe manera urgente hay que conformar cronogramas para que de menos a m\u00e1s se den las reincorporaci\u00f3nes ya que solo ha quedado en mesas de di\u00e1logos est\u00e9riles. Sin voluntad pol\u00edtica vemos lejana la posibilidad de retornar justamente a lxs Trabajadorxs despedidxs a sus puestos de trabajo\u201d, continu\u00f3 el dirigente en sus redes sociales quien anticip\u00f3 que el 1 de Mayo realizar\u00e1n acciones \u201cque instalen que hoy siguen sin trabajo lxs compa\u00f1erxs despedidxs hace 4 y 2 a\u00f1os, desde las redes a los medios masivos de comunicaci\u00f3n poni\u00e9ndole rostro e identidad a lxs miles que hoy en \u00e9pocas de emergencia alimentaria, social, sanitaria y econ\u00f3mica se encuentran sobreviviendo sin trabajo\u201d, expres\u00f3.<\/p>\r\n\r\n\r\n\r\n<figure class=\"wp-block-gallery columns-3 is-cropped wp-block-gallery-1 is-layout-flex wp-block-gallery-is-layout-flex\">\r\n<ul class=\"blocks-gallery-grid\">\r\n<li class=\"blocks-gallery-item\">\r\n<figure><img decoding=\"async\" class=\"wp-image-12079\" src=\"http:\/\/atecordoba.org\/wp-content\/uploads\/2020\/05\/28-01-Fadea-2-1024x572.jpg\" alt=\"\" data-id=\"12079\" data-full-url=\"https:\/\/www.atecordoba.org\/wp-content\/uploads\/2020\/01\/28-01-Fadea-2.jpeg\" data-link=\"https:\/\/www.atecordoba.org\/archivos\/12076\/28-01-fadea-2\" \/><\/figure>\r\n<\/li>\r\n<li class=\"blocks-gallery-item\">\r\n<figure><img decoding=\"async\" class=\"wp-image-12700\" src=\"http:\/\/atecordoba.org\/wp-content\/uploads\/2020\/05\/Asamblea-ATE-fadea-1024x683.jpg\" alt=\"\" data-id=\"12700\" data-full-url=\"https:\/\/www.atecordoba.org\/wp-content\/uploads\/2020\/04\/Asamblea-ATE-fadea-scaled.jpg\" data-link=\"https:\/\/www.atecordoba.org\/archivos\/12698\/asamblea-ate-fadea\" \/><\/figure>\r\n<\/li>\r\n<li class=\"blocks-gallery-item\">\r\n<figure><img decoding=\"async\" class=\"wp-image-12695\" src=\"http:\/\/atecordoba.org\/wp-content\/uploads\/2020\/05\/FADEA-puerta-1024x683.jpg\" alt=\"\" data-id=\"12695\" data-full-url=\"https:\/\/www.atecordoba.org\/wp-content\/uploads\/2020\/04\/FADEA-puerta-scaled.jpg\" data-link=\"https:\/\/www.atecordoba.org\/archivos\/12694\/fadea-puerta\" \/><\/figure>\r\n<\/li>\r\n<li class=\"blocks-gallery-item\">\r\n<figure><img decoding=\"async\" class=\"wp-image-12082\" src=\"http:\/\/atecordoba.org\/wp-content\/uploads\/2020\/05\/28-01-Fadea-1024x603.jpg\" alt=\"\" data-id=\"12082\" data-full-url=\"https:\/\/www.atecordoba.org\/wp-content\/uploads\/2020\/01\/28-01-Fadea.jpeg\" data-link=\"https:\/\/www.atecordoba.org\/archivos\/12076\/28-01-fadea\" \/><\/figure>\r\n<\/li>\r\n<\/ul>\r\n<figcaption class=\"blocks-gallery-caption\">Distintas actividades de la CORREDMA en C\u00f3rdoba. Foto: Archivo.<\/figcaption>\r\n<\/figure>\r\n\r\n\r\n\r\n\r\n\r\n<p>Adem\u00e1s, el dirigente adelant\u00f3 que desde ATE se planifica para el 11 de mayo -post aviso de c\u00f3mo continua el Aislamiento Obligatorio- una medida nacional en conjunto \u201cque muestre la angustiante situaci\u00f3n que viven nuestrxs compa\u00f1erxs despedidxs del Estado Nacional\u201d, complet\u00f3.<\/p>\r\n\r\n\r\n\r\n<p>\u201cTeniendo en cuenta el Proyecto de Ley que presentara en su momento la Diputada Gabriela Est\u00e9vez sobre reincorporaci\u00f3n en Fabricaciones Militares, solicitaremos audiencias con todos los Diputados\/as y Senadores\/as para que acompa\u00f1en la sanci\u00f3n de la Ley las Reincorporaciones\u201d, adelant\u00f3 Giuliani.<\/p>\r\n\r\n\r\n\r\n<p>\u201cEs momento que la crisis la paguen los que m\u00e1s tienen y acumularon en estos a\u00f1os\u201d, concluy\u00f3 Giuliani.<\/p>\r\n","protected":false},"excerpt":{"rendered":"<p>La Comisi\u00f3n de Relevamiento y Reincorporaci\u00f3n de Despedidos\/as en la Era Macri de ATE C\u00f3rdoba particip\u00f3 de una teleconferencia de despedidas\/os del Estado Nacional. De la instancia participaron miembros del Consejo Directivo Nacional y se acord\u00f3, tras un repaso por Provincia, retomar la iniciativa acerca de la problem\u00e1tica. Con la presencia de los Secretarios Nacionales [&hellip;]<\/p>\n","protected":false},"author":1,"featured_media":18342,"comment_status":"open","ping_status":"open","sticky":true,"template":"","format":"standard","meta":{"_exactmetrics_skip_tracking":false,"_exactmetrics_sitenote_active":false,"_exactmetrics_sitenote_note":"","_exactmetrics_sitenote_category":0,"jnews-multi-image_gallery":[],"jnews_single_post":{"subtitle":"","format":"standard","video":"","gallery":"","source_name":"","source_url":"","via_name":"","via_url":"","override_template":"0","override":[{"template":"1","single_blog_custom":"","parallax":"1","fullscreen":"0","layout":"right-sidebar","sidebar":"default-sidebar","second_sidebar":"default-sidebar","sticky_sidebar":"1","share_position":"top","share_float_style":"share-monocrhome","show_share_counter":"1","show_view_counter":"1","show_featured":"1","show_post_meta":"1","show_post_author":"1","show_post_author_image":"1","show_post_date":"1","post_date_format":"default","post_date_format_custom":"Y\/m\/d","show_post_category":"1","show_post_reading_time":"0","post_reading_time_wpm":"300","show_zoom_button":"0","zoom_button_out_step":"2","zoom_button_in_step":"3","show_post_tag":"1","show_prev_next_post":"1","show_popup_post":"1","number_popup_post":"1","show_author_box":"0","show_post_related":"0","show_inline_post_related":"0"}],"override_image_size":"0","image_override":[{"single_post_thumbnail_size":"crop-500","single_post_gallery_size":"crop-500"}],"trending_post":"0","trending_post_position":"meta","trending_post_label":"Trending","sponsored_post":"0","sponsored_post_label":"Sponsored by","sponsored_post_name":"","sponsored_post_url":"","sponsored_post_logo_enable":"0","sponsored_post_logo":"","sponsored_post_desc":""},"jnews_primary_category":{"id":""},"jnews_social_meta":{"fb_title":"","fb_description":"","fb_image":"","twitter_title":"","twitter_description":"","twitter_image":""},"jnews_review":[],"enable_review":"0","type":"percentage","name":"","summary":"","brand":"","sku":"","good":[{"good_text":""}],"bad":[{"bad_text":""}],"score_override":"","override_value":"","rating":[{"rating_text":"","rating_number":"10"}],"price":[{"shop":"","price":"","link":"","icon":""}],"jnews_override_counter":{"override_view_counter":"0","view_counter_number":"0","override_share_counter":"0","share_counter_number":"0","override_like_counter":"0","like_counter_number":"0","override_dislike_counter":"0","dislike_counter_number":"0"},"jnews_post_split":{"enable_post_split":"0","post_split":[{"template":"1","tag":"h2","numbering":"asc","mode":"normal"}]},"footnotes":""},"categories":[1],"tags":[],"class_list":["post-12817","post","type-post","status-publish","format-standard","has-post-thumbnail","hentry","category-sin-categoria"],"jetpack_featured_media_url":"https:\/\/atecordoba.org\/wp-content\/uploads\/2020\/05\/Teleconferencia-nacionales-1-917x1024.jpg","_links":{"self":[{"href":"https:\/\/atecordoba.org\/index.php?rest_route=\/wp\/v2\/posts\/12817","targetHints":{"allow":["GET"]}}],"collection":[{"href":"https:\/\/atecordoba.org\/index.php?rest_route=\/wp\/v2\/posts"}],"about":[{"href":"https:\/\/atecordoba.org\/index.php?rest_route=\/wp\/v2\/types\/post"}],"author":[{"embeddable":true,"href":"https:\/\/atecordoba.org\/index.php?rest_route=\/wp\/v2\/users\/1"}],"replies":[{"embeddable":true,"href":"https:\/\/atecordoba.org\/index.php?rest_route=%2Fwp%2Fv2%2Fcomments&post=12817"}],"version-history":[{"count":2,"href":"https:\/\/atecordoba.org\/index.php?rest_route=\/wp\/v2\/posts\/12817\/revisions"}],"predecessor-version":[{"id":19286,"href":"https:\/\/atecordoba.org\/index.php?rest_route=\/wp\/v2\/posts\/12817\/revisions\/19286"}],"wp:featuredmedia":[{"embeddable":true,"href":"https:\/\/atecordoba.org\/index.php?rest_route=\/wp\/v2\/media\/18342"}],"wp:attachment":[{"href":"https:\/\/atecordoba.org\/index.php?rest_route=%2Fwp%2Fv2%2Fmedia&parent=12817"}],"wp:term":[{"taxonomy":"category","embeddable":true,"href":"https:\/\/atecordoba.org\/index.php?rest_route=%2Fwp%2Fv2%2Fcategories&post=12817"},{"taxonomy":"post_tag","embeddable":true,"href":"https:\/\/atecordoba.org\/index.php?rest_route=%2Fwp%2Fv2%2Ftags&post=12817"}],"curies":[{"name":"wp","href":"https:\/\/api.w.org\/{rel}","templated":true}]}}