{"id":12811,"date":"2020-04-27T14:49:06","date_gmt":"2020-04-27T17:49:06","guid":{"rendered":"https:\/\/www.atecordoba.org\/?p=12811"},"modified":"2020-05-06T11:30:44","modified_gmt":"2020-05-06T14:30:44","slug":"basta-de-sindicalismo-patron","status":"publish","type":"post","link":"https:\/\/atecordoba.org\/?p=12811","title":{"rendered":"Basta de sindicalismo patr\u00f3n"},"content":{"rendered":"\r\n<p><em>ATE C\u00f3rdoba repudia los dichos de Andr\u00e9s Rodr\u00edguez de UPCN que habilitan la posibilidad de la rebaja de un 20 por ciento de los salarios. Adem\u00e1s, desde nuestro CDP apoyamos al Secretario Adjunto Nacional, Rodolfo \u201cRodi\u201d Aguiar en la lucha por mejores condiciones de bioseguridad -a pesar del propio Rodr\u00edguez de y la actitud participacionista de Daniel Catalano, Secretario General de ATE Capital-.<\/em><\/p>\r\n\r\n\r\n\r\n<figure class=\"wp-block-image size-large\"><img decoding=\"async\" class=\"wp-image-12700\" src=\"http:\/\/atecordoba.org\/wp-content\/uploads\/2020\/05\/Asamblea-ATE-fadea-1024x683.jpg\" alt=\"\" \/>\r\n<figcaption>Para descargar el comunicado en PDF, <a href=\"https:\/\/www.atecordoba.org\/27-04-repudio-de-ate-a-andres-rodriguez-upcn\" target=\"_blank\" rel=\"noreferrer noopener\" aria-label=\"click aqu\u00ed. (se abre en una nueva pesta\u00f1a)\">click aqu\u00ed.<\/a><\/figcaption>\r\n<\/figure>\r\n\r\n\r\n\r\n<p><em>&#8220;No me resulta irracional una rebaja de sueldo del 20%, en la medida en la que sea pactado actividad por actividad&#8221;. <\/em>Esa frase no fue dicha por un miembro -a priori- de la patronal, sino que por el Secretario General de la Uni\u00f3n del Personal Civil de la Naci\u00f3n (UPCN), Andr\u00e9s Rodr\u00edguez. Este personaje deleznable de la historia reciente del sindicalismo -no tan reciente ya que dirige su gremio desde 1990- no deja de sumar cap\u00edtulos a su historial de traici\u00f3n a los intereses de la clase trabajadora, a la cual debiera representar: fue c\u00f3mplice del desguace del Estado durante el menemismo; aval\u00f3 la precarizaci\u00f3n mientras ATE luchaba durante la d\u00e9cada pasada y fue parte de las &#8220;listas&#8221; donde figuraban las compa\u00f1eras y compa\u00f1eros que luego el macrismo despedir\u00eda -quienes, hasta hoy, siguen luchando junto a ATE en la Comisi\u00f3n de Relevamiento y Reincorporaci\u00f3n de Despedidos\/as de la Era Macri (CORREDMA)-.<\/p>\r\n\r\n\r\n\r\n<p><em>&#8220;Si el 50% de los salarios lo respalda el Estado y hay una colaboraci\u00f3n del sector empresario se puede llegar al 80%, que es la cifra que circula en las charlas informales&#8221;<\/em>, dijo,tambi\u00e9n, Rodr\u00edguez de UPCN: equiparar el salario del trabajador a la ganancia empresaria es de un desconocimiento supino o una interpretaci\u00f3n totalmente tendenciosa de la econom\u00eda: el salario es la forma de supervivencia que tenemos quienes trabajamos en este sistema, mientras que la ganancia empresaria es el &#8220;premio&#8221; que el sistema da a quienes son due\u00f1os del capital. Decir que es lo mismo &#8220;aportar&#8221; para un trabajador\/a que a duras penas sobrevive, que hacerlo para quien obtiene un lucro a partir de organizar y apropiarse del trabajo ajeno, es pretender generar confusi\u00f3n donde no la hay. Las trabajadoras y trabajadores no permitiremos que los delirios de patr\u00f3n de Rodr\u00edguez, en esas &#8220;charlas informales&#8221; de las que habla -que se habr\u00e1n dado a la salida de sus clases de equitaci\u00f3n o en alguna cena con empresarios en la Rural, lleno de su plater\u00eda y ropas de estanciero-, priven de a\u00fan m\u00e1s cosas a nuestros\/as pibes\/as, a nuestras\/os mayores.<\/p>\r\n\r\n\r\n\r\n<p><em>La amenaza de recorte de toda esta operaci\u00f3n patronal no nos va a amedrentar de continuar luchando por recomposici\u00f3n salarial, pase a planta permanente y reincorporaci\u00f3n de los y las miles de trabajadoras\/es despedidos del Estado Nacional<\/em> gracias a este sindicalismo c\u00f3mplice.<\/p>\r\n\r\n\r\n\r\n<p>Si &#8220;hace falta plata para poder hacerlo&#8221;, b\u00fasquenla en el sistema financiero que saque\u00f3 con las LEBAC, las LELIQ y dem\u00e1s mecanismos a nuestro Pueblo durante el macrismo -antes y despu\u00e9s tambi\u00e9n-; que la busquen en lo que pide el FMI, en las energ\u00e9ticas, en los puertos exportadores de granos; que la busquen en los m\u00e1s de US$9 mil millones guardados en los silobolsas, especulando para producir una nueva devaluaci\u00f3n; que se la saquen a las multinacionales.<\/p>\r\n\r\n\r\n\r\n<p>Por otro lado, queremos remarcar y ponderar de gran forma la <em>a<\/em>ctitud responsable, honesta, precavida y proactiva de nuestro Secretario Adjunto del Consejo Directivo Nacional, <em>Rodolfo &#8220;Rodi&#8221; Aguiar, quien est\u00e1 librando una batalla sin cuartel por el cuidado de nuestras compa\u00f1eras y compa\u00f1eros estatales ante la vuelta a las actividades en los lugares de trabajo.<\/em> Sin la CYMAT certificando que cada lugar de trabajo es apto -en cuanto a condiciones de bioseguridad e higiene se refiere- para volver a albergar actividades, desde ATE C\u00f3rdoba nos negamos a que se habilite dicha posibilidad. Y en este punto remarcamos tambi\u00e9n los nefastos dichos de Andr\u00e9s Rodr\u00edguez quien abogaba la semana pasada por la vuelta a los lugares de trabajo, cuesti\u00f3n que el propio Presidente de la Naci\u00f3n desestim\u00f3 este s\u00e1bado. Sabemos que buena parte de los lugares de trabajo de los Estados no cumplen con las condiciones necesarias para la no expansi\u00f3n del COVID-19. Impulsar la vuelta sin estas medidas garantizadas es de una irresponsabilidad enorme, no solo para nuestras trabajadoras\/es, sino tambi\u00e9n para toda la comunidad: el virus no elige poblaci\u00f3n y no queremos que la actividad p\u00fablica propicie un nuevo repunte en los contagios.\u00a0<\/p>\r\n\r\n\r\n\r\n<p>En este sentido, insinuar que este planteo de Aguiar tiene una motivaci\u00f3n ajena a la cuesti\u00f3n sanitaria, de cuidado y responsabilidad sobre el conjunto de la comunidad, como ha expresado el dirigente de ATE Capital, Daniel Catalano, debe de llamar la atenci\u00f3n del conjunto de sus representadas y representados: \u00bfacaso desconoce este dirigente las condiciones de trabajo en los abarrotados despachos de ministerios, secretar\u00edas, oficinas de atenci\u00f3n al p\u00fablico que tiene el Estado Nacional en la Capital Federal?\u00bfNo cree leg\u00edtimo, entonces, el reclamo?<\/p>\r\n\r\n\r\n\r\n<p>Por todo ello es que desde el Consejo Directivo Provincial de ATE C\u00f3rdoba ratificamos el apoyo a Aguiar en garantizar todas las condiciones de bioseguridad antes de recomenzar la actividad laboral en el Estado Nacional, y convocamos a todas las organizaciones de trabajadoras\/es, organizaciones sociales, estudiantiles, de profesionales, a mantenerse en alerta y en disposici\u00f3n de lucha ante unas patronales desbocadas que, con sus complicidades en todos los niveles de representaci\u00f3n, no buscan otra cosa que hacer caer el peso de la crisis econ\u00f3mica que ellos produjeron y que el COVID-19 profundiz\u00f3 sobre las espaldas del Pueblo.<\/p>\r\n\r\n\r\n\r\n<p><strong>\u00a1Ni un paso atr\u00e1s!<\/strong><\/p>\r\n\r\n\r\n\r\n<p><strong>ATE Siempre Est\u00e1.<\/strong><\/p>\r\n\r\n\r\n\r\n<p class=\"has-text-align-center\"><strong>Consejo Directivo Provincial<\/strong><\/p>\r\n\r\n\r\n\r\n<p class=\"has-text-align-center\"><strong>ATE C\u00f3rdoba<\/strong><\/p>\r\n\r\n\r\n\r\n<p>&nbsp;<\/p>\r\n\r\n\r\n<hr class=\"wp-block-separator\" \/>\r\n\r\n\r\n<figure class=\"wp-block-image size-large\"><img decoding=\"async\" class=\"wp-image-12813\" src=\"http:\/\/atecordoba.org\/wp-content\/uploads\/2020\/05\/04-27-2020-comunicado-sindicalismo-patron-1-724x1024.jpg\" alt=\"\" \/><\/figure>\r\n\r\n\r\n\r\n<figure class=\"wp-block-image size-large\"><img decoding=\"async\" class=\"wp-image-12814\" src=\"http:\/\/atecordoba.org\/wp-content\/uploads\/2020\/05\/04-27-2020-comunicado-sindicalismo-patron-2-724x1024.jpg\" alt=\"\" \/><\/figure>\r\n","protected":false},"excerpt":{"rendered":"<p>ATE C\u00f3rdoba repudia los dichos de Andr\u00e9s Rodr\u00edguez de UPCN que habilitan la posibilidad de la rebaja de un 20 por ciento de los salarios. Adem\u00e1s, desde nuestro CDP apoyamos al Secretario Adjunto Nacional, Rodolfo \u201cRodi\u201d Aguiar en la lucha por mejores condiciones de bioseguridad -a pesar del propio Rodr\u00edguez de y la actitud participacionista [&hellip;]<\/p>\n","protected":false},"author":1,"featured_media":18344,"comment_status":"open","ping_status":"open","sticky":true,"template":"","format":"standard","meta":{"_exactmetrics_skip_tracking":false,"_exactmetrics_sitenote_active":false,"_exactmetrics_sitenote_note":"","_exactmetrics_sitenote_category":0,"jnews-multi-image_gallery":[],"jnews_single_post":{"subtitle":"","format":"standard","video":"","gallery":"","source_name":"","source_url":"","via_name":"","via_url":"","override_template":"0","override":[{"template":"1","single_blog_custom":"","parallax":"1","fullscreen":"0","layout":"right-sidebar","sidebar":"default-sidebar","second_sidebar":"default-sidebar","sticky_sidebar":"1","share_position":"top","share_float_style":"share-monocrhome","show_share_counter":"1","show_view_counter":"1","show_featured":"1","show_post_meta":"1","show_post_author":"1","show_post_author_image":"1","show_post_date":"1","post_date_format":"default","post_date_format_custom":"Y\/m\/d","show_post_category":"1","show_post_reading_time":"0","post_reading_time_wpm":"300","show_zoom_button":"0","zoom_button_out_step":"2","zoom_button_in_step":"3","show_post_tag":"1","show_prev_next_post":"1","show_popup_post":"1","number_popup_post":"1","show_author_box":"0","show_post_related":"0","show_inline_post_related":"0"}],"override_image_size":"0","image_override":[{"single_post_thumbnail_size":"crop-500","single_post_gallery_size":"crop-500"}],"trending_post":"0","trending_post_position":"meta","trending_post_label":"Trending","sponsored_post":"0","sponsored_post_label":"Sponsored by","sponsored_post_name":"","sponsored_post_url":"","sponsored_post_logo_enable":"0","sponsored_post_logo":"","sponsored_post_desc":""},"jnews_primary_category":{"id":""},"jnews_social_meta":{"fb_title":"","fb_description":"","fb_image":"","twitter_title":"","twitter_description":"","twitter_image":""},"jnews_review":[],"enable_review":"0","type":"percentage","name":"","summary":"","brand":"","sku":"","good":[{"good_text":""}],"bad":[{"bad_text":""}],"score_override":"","override_value":"","rating":[{"rating_text":"","rating_number":"10"}],"price":[{"shop":"","price":"","link":"","icon":""}],"jnews_override_counter":{"override_view_counter":"0","view_counter_number":"0","override_share_counter":"0","share_counter_number":"0","override_like_counter":"0","like_counter_number":"0","override_dislike_counter":"0","dislike_counter_number":"0"},"jnews_post_split":{"enable_post_split":"0","post_split":[{"template":"1","tag":"h2","numbering":"asc","mode":"normal"}]},"footnotes":""},"categories":[1],"tags":[],"class_list":["post-12811","post","type-post","status-publish","format-standard","has-post-thumbnail","hentry","category-sin-categoria"],"jetpack_featured_media_url":"https:\/\/atecordoba.org\/wp-content\/uploads\/2020\/05\/Asamblea-ATE-fadea-1024x683.jpg","_links":{"self":[{"href":"https:\/\/atecordoba.org\/index.php?rest_route=\/wp\/v2\/posts\/12811","targetHints":{"allow":["GET"]}}],"collection":[{"href":"https:\/\/atecordoba.org\/index.php?rest_route=\/wp\/v2\/posts"}],"about":[{"href":"https:\/\/atecordoba.org\/index.php?rest_route=\/wp\/v2\/types\/post"}],"author":[{"embeddable":true,"href":"https:\/\/atecordoba.org\/index.php?rest_route=\/wp\/v2\/users\/1"}],"replies":[{"embeddable":true,"href":"https:\/\/atecordoba.org\/index.php?rest_route=%2Fwp%2Fv2%2Fcomments&post=12811"}],"version-history":[{"count":2,"href":"https:\/\/atecordoba.org\/index.php?rest_route=\/wp\/v2\/posts\/12811\/revisions"}],"predecessor-version":[{"id":19287,"href":"https:\/\/atecordoba.org\/index.php?rest_route=\/wp\/v2\/posts\/12811\/revisions\/19287"}],"wp:featuredmedia":[{"embeddable":true,"href":"https:\/\/atecordoba.org\/index.php?rest_route=\/wp\/v2\/media\/18344"}],"wp:attachment":[{"href":"https:\/\/atecordoba.org\/index.php?rest_route=%2Fwp%2Fv2%2Fmedia&parent=12811"}],"wp:term":[{"taxonomy":"category","embeddable":true,"href":"https:\/\/atecordoba.org\/index.php?rest_route=%2Fwp%2Fv2%2Fcategories&post=12811"},{"taxonomy":"post_tag","embeddable":true,"href":"https:\/\/atecordoba.org\/index.php?rest_route=%2Fwp%2Fv2%2Ftags&post=12811"}],"curies":[{"name":"wp","href":"https:\/\/api.w.org\/{rel}","templated":true}]}}