{"id":12802,"date":"2020-04-24T18:43:12","date_gmt":"2020-04-24T21:43:12","guid":{"rendered":"https:\/\/www.atecordoba.org\/?p=12802"},"modified":"2020-05-05T09:54:18","modified_gmt":"2020-05-05T12:54:18","slug":"expuestas-por-el-abandono-estatal","status":"publish","type":"post","link":"https:\/\/atecordoba.org\/?p=12802","title":{"rendered":"Expuestas por el abandono estatal"},"content":{"rendered":"\r\n<p><em>Tras el contagio de COVID-19 de una mujer y su peque\u00f1o hijo en situaci\u00f3n de violencia, quienes hab\u00edan asistido al Polo de la Mujer, se puso en evidencia la falta de aplicaci\u00f3n de protocolos de seguridad en los sectores de atenci\u00f3n actualmente abiertos.<\/em><\/p>\r\n\r\n\r\n\r\n<figure class=\"wp-block-image size-large\"><img decoding=\"async\" class=\"wp-image-12803\" src=\"http:\/\/atecordoba.org\/wp-content\/uploads\/2020\/05\/polo-de-la-mujer-927x1024.jpg\" alt=\"\" \/><\/figure>\r\n\r\n\r\n\r\n<p>Ante el reciente caso de contagio de COVID-19 de una mujer y su peque\u00f1o hijo en situaci\u00f3n de violencia, que asistieron al Polo de la Mujer -dependiente del Ministerio de la Mujer de la provincia de C\u00f3rdoba-, se puso en evidencia la falta de aplicaci\u00f3n de protocolos de seguridad en los sectores de atenci\u00f3n actualmente abiertos. Se han realizado el hisopado a las trabajadoras del sector pero a pesar de los resultados negativos, esta situaci\u00f3n de exposici\u00f3n se podr\u00eda haber impedido si se tomaban recaudos y medidas b\u00e1sicas de cuidado.<\/p>\r\n\r\n\r\n\r\n<p>Frente a ello, ATE C\u00f3rdoba expresa su preocupaci\u00f3n e insta a las autoridades de la provincia de C\u00f3rdoba a cumplimentar con los protocolos de bioseguridad y reconocer el trabajo del \u00e1rea como esencial. Si bien en el Ministerio de la Mujer de la provincia, la mayor\u00eda de las trabajadoras se encuentran realizando teletrabajo desde sus hogares, continuando con la asistencia a las mujeres en situaci\u00f3n de violencia, el \u00e1rea de la Brigada de Protecci\u00f3n a la Mujer y el \u00e1rea Trata de Personas nunca cerr\u00f3 sus puertas, asistiendo las trabajadoras\u00a0 a su lugar de trabajo. La brigada es el \u00e1rea \u2013compuesta por psic\u00f3logas y trabajadoras sociales\u2013 que se encarga de atender las situaciones de emergencia y crisis, las activaciones de bot\u00f3n antip\u00e1nico y tobillera, as\u00ed como los femicidios e intentos de femicidio. Desde el cuerpo de de delegadas nucleadas en ATE C\u00f3rdoba se han realizado presentaciones, entre las cuales se solicitaba suspender algunas actividades no esenciales, dado que romper la cuarentena es poner en riesgo a una gran cantidad de personas. Adem\u00e1s si bien la habilitaci\u00f3n del 0800 para recibir denuncias de violencia es un gran estrategia para dar atenci\u00f3n y contenci\u00f3n telef\u00f3nica, las trabajadoras a cargo, lo hacen v\u00eda teletrabajo, sin la capacitaci\u00f3n correspondiente teniendo que compatibilizar la atenci\u00f3n de los llamados de situaciones cr\u00edticas con la tarea del cuidado de los ni\u00f1os y ni\u00f1as que tienen a cargo.\u00a0<\/p>\r\n\r\n\r\n\r\n<p>Asimismo, considerando que en el contexto de aislamiento social obligatorio han aumentado exponencialmente las denuncias y situaciones por violencia hacia las mujeres, es necesario que desde el gobierno se avance a en la mejora de las condiciones laborales de las trabajadoras del \u00e1rea ya que la gran mayor\u00eda tiene contratos precarios o monotributistas.\u00a0<\/p>\r\n\r\n\r\n\r\n<p>Este caso testigo deja en evidencia de que las y los trabajadores de la salud no son los \u00fanicos expuestos al contagio de Coronavirus. Las trabajadoras precarizadas por el Gobierno de la Provincia se merecen condiciones dignas de trabajo frente a la pandemia.<\/p>\r\n","protected":false},"excerpt":{"rendered":"<p>Tras el contagio de COVID-19 de una mujer y su peque\u00f1o hijo en situaci\u00f3n de violencia, quienes hab\u00edan asistido al Polo de la Mujer, se puso en evidencia la falta de aplicaci\u00f3n de protocolos de seguridad en los sectores de atenci\u00f3n actualmente abiertos. Ante el reciente caso de contagio de COVID-19 de una mujer y [&hellip;]<\/p>\n","protected":false},"author":1,"featured_media":18355,"comment_status":"open","ping_status":"open","sticky":true,"template":"","format":"standard","meta":{"_exactmetrics_skip_tracking":false,"_exactmetrics_sitenote_active":false,"_exactmetrics_sitenote_note":"","_exactmetrics_sitenote_category":0,"jnews-multi-image_gallery":[],"jnews_single_post":{"subtitle":"","format":"standard","video":"","gallery":"","source_name":"","source_url":"","via_name":"","via_url":"","override_template":"0","override":[{"template":"1","single_blog_custom":"","parallax":"1","fullscreen":"0","layout":"right-sidebar","sidebar":"default-sidebar","second_sidebar":"default-sidebar","sticky_sidebar":"1","share_position":"top","share_float_style":"share-monocrhome","show_share_counter":"1","show_view_counter":"1","show_featured":"1","show_post_meta":"1","show_post_author":"1","show_post_author_image":"1","show_post_date":"1","post_date_format":"default","post_date_format_custom":"Y\/m\/d","show_post_category":"1","show_post_reading_time":"0","post_reading_time_wpm":"300","show_zoom_button":"0","zoom_button_out_step":"2","zoom_button_in_step":"3","show_post_tag":"1","show_prev_next_post":"1","show_popup_post":"1","number_popup_post":"1","show_author_box":"0","show_post_related":"0","show_inline_post_related":"0"}],"override_image_size":"0","image_override":[{"single_post_thumbnail_size":"crop-500","single_post_gallery_size":"crop-500"}],"trending_post":"0","trending_post_position":"meta","trending_post_label":"Trending","sponsored_post":"0","sponsored_post_label":"Sponsored by","sponsored_post_name":"","sponsored_post_url":"","sponsored_post_logo_enable":"0","sponsored_post_logo":"","sponsored_post_desc":""},"jnews_primary_category":{"id":""},"jnews_social_meta":{"fb_title":"","fb_description":"","fb_image":"","twitter_title":"","twitter_description":"","twitter_image":""},"jnews_review":[],"enable_review":"0","type":"percentage","name":"","summary":"","brand":"","sku":"","good":[{"good_text":""}],"bad":[{"bad_text":""}],"score_override":"","override_value":"","rating":[{"rating_text":"","rating_number":"10"}],"price":[{"shop":"","price":"","link":"","icon":""}],"jnews_override_counter":{"override_view_counter":"0","view_counter_number":"0","override_share_counter":"0","share_counter_number":"0","override_like_counter":"0","like_counter_number":"0","override_dislike_counter":"0","dislike_counter_number":"0"},"jnews_post_split":{"enable_post_split":"0","post_split":[{"template":"1","tag":"h2","numbering":"asc","mode":"normal"}]},"footnotes":""},"categories":[1],"tags":[],"class_list":["post-12802","post","type-post","status-publish","format-standard","has-post-thumbnail","hentry","category-sin-categoria"],"jetpack_featured_media_url":"https:\/\/atecordoba.org\/wp-content\/uploads\/2020\/05\/polo-de-la-mujer-927x1024.jpg","_links":{"self":[{"href":"https:\/\/atecordoba.org\/index.php?rest_route=\/wp\/v2\/posts\/12802","targetHints":{"allow":["GET"]}}],"collection":[{"href":"https:\/\/atecordoba.org\/index.php?rest_route=\/wp\/v2\/posts"}],"about":[{"href":"https:\/\/atecordoba.org\/index.php?rest_route=\/wp\/v2\/types\/post"}],"author":[{"embeddable":true,"href":"https:\/\/atecordoba.org\/index.php?rest_route=\/wp\/v2\/users\/1"}],"replies":[{"embeddable":true,"href":"https:\/\/atecordoba.org\/index.php?rest_route=%2Fwp%2Fv2%2Fcomments&post=12802"}],"version-history":[{"count":2,"href":"https:\/\/atecordoba.org\/index.php?rest_route=\/wp\/v2\/posts\/12802\/revisions"}],"predecessor-version":[{"id":19284,"href":"https:\/\/atecordoba.org\/index.php?rest_route=\/wp\/v2\/posts\/12802\/revisions\/19284"}],"wp:featuredmedia":[{"embeddable":true,"href":"https:\/\/atecordoba.org\/index.php?rest_route=\/wp\/v2\/media\/18355"}],"wp:attachment":[{"href":"https:\/\/atecordoba.org\/index.php?rest_route=%2Fwp%2Fv2%2Fmedia&parent=12802"}],"wp:term":[{"taxonomy":"category","embeddable":true,"href":"https:\/\/atecordoba.org\/index.php?rest_route=%2Fwp%2Fv2%2Fcategories&post=12802"},{"taxonomy":"post_tag","embeddable":true,"href":"https:\/\/atecordoba.org\/index.php?rest_route=%2Fwp%2Fv2%2Ftags&post=12802"}],"curies":[{"name":"wp","href":"https:\/\/api.w.org\/{rel}","templated":true}]}}