{"id":12795,"date":"2020-04-24T11:18:52","date_gmt":"2020-04-24T14:18:52","guid":{"rendered":"https:\/\/www.atecordoba.org\/?p=12795"},"modified":"2020-06-09T16:51:00","modified_gmt":"2020-06-09T19:51:00","slug":"volver-mejores-sin-peralta-en-anses-rio-cuarto","status":"publish","type":"post","link":"https:\/\/atecordoba.org\/?p=12795","title":{"rendered":"\u201cVolver mejores\u201d, sin Peralta en ANSES R\u00edo Cuarto"},"content":{"rendered":"\r\n<figure class=\"wp-block-image size-large\"><img decoding=\"async\" class=\"wp-image-12796\" src=\"http:\/\/atecordoba.org\/wp-content\/uploads\/2020\/05\/ATE-Anses-Rio-Cuarto.jpg\" alt=\"\" \/>\r\n<figcaption>Lea el comunicado completo debajo o descargue el <a href=\"https:\/\/www.atecordoba.org\/24-04-ate-anses-rio-cuarto\" target=\"_blank\" rel=\"noreferrer noopener\" aria-label=\"pdf aqu\u00ed (se abre en una nueva pesta\u00f1a)\">pdf aqu\u00ed<\/a>.<\/figcaption>\r\n<\/figure>\r\n\r\n\r\n\r\n<p>ATE C\u00f3rdoba fue parte del dign\u00edsimo pueblo argentino que ech\u00f3 a Macri y su caterva de ladrones del Estado Nacional. Nosotras y nosotros enfrentamos el saqueo poni\u00e9ndole \u2013literalmente- sangre, sudor y l\u00e1grimas a la lucha contra el desguace de quienes quisieron \u2013y quieren- al Estado solamente para beneficio personal. <strong>Por eso indigna que designen a Dar\u00edo Peralta frente a la oficina de ANSES de R\u00edo Cuarto. <\/strong>Lo \u00faltimo que se nos cruzaba mientras recib\u00edamos los miles de telegramas de despido y nos organiz\u00e1bamos para luchar para que nos devuelvan lo nuestro, es que a la vuelta del camino nos encontrar\u00edamos con arribistas, funestos y oportunistas personajes como Peralta, pretendiendo coordinar espacios del Estado tan preciados como nuestro querida ANSES.<\/p>\r\n\r\n\r\n\r\n<p>La idoneidad y la transparencia, son solo algunas de las cualidades que debe esgrimir cualquier funcionario p\u00fablico: dif\u00edcilmente quien haya sido desplazado por estar involucrado en una escandalosa causa de incompatibilidad, entre otros motivos, pueda dar cuenta ante la sociedad que es la persona indicada para portar, con los honores que merece el cargo, la Gerencia de ANSES R\u00edo Cuarto.<\/p>\r\n\r\n\r\n\r\n<p>Por ello, desde el Consejo Directivo Provincial de ATE C\u00f3rdoba, <strong>instamos a las autoridades pol\u00edticas que tomaron esta decisi\u00f3n a que la revean y rectifiquen y apoyamos cada acci\u00f3n emprendida por la Seccional R\u00edo Cuarto de ATE que ha demostrado ser un faro de lucha cada vez que la situaci\u00f3n lo ha demandado.<\/strong><\/p>\r\n\r\n\r\n\r\n<p>Autoridades pol\u00edticas: han visto la oposici\u00f3n social que la designaci\u00f3n suscit\u00f3. Peralta es tan conocido en nuestro medio, como son conocidas muchas personas con probada idoneidad y honestidad para investir tan valioso cargo para la poblaci\u00f3n de adultos mayores, j\u00f3venes, personas con discapacidad, entre otros\/as, que ANSES atiende. Compa\u00f1eros y compa\u00f1eras de lucha y militancia contra el macrismo: que el silencio no los vuelva part\u00edcipes de este error que, a\u00fan, puede enmendarse.<\/p>\r\n\r\n\r\n\r\n<p>El Pueblo luch\u00f3 para \u201cvolver mejores\u201d: retomemos esa senda.<\/p>\r\n\r\n\r\n\r\n<p><strong>Consejo Directivo Provincial ATE C\u00f3rdoba<\/strong><\/p>\r\n","protected":false},"excerpt":{"rendered":"<p>ATE C\u00f3rdoba fue parte del dign\u00edsimo pueblo argentino que ech\u00f3 a Macri y su caterva de ladrones del Estado Nacional. Nosotras y nosotros enfrentamos el saqueo poni\u00e9ndole \u2013literalmente- sangre, sudor y l\u00e1grimas a la lucha contra el desguace de quienes quisieron \u2013y quieren- al Estado solamente para beneficio personal. Por eso indigna que designen a [&hellip;]<\/p>\n","protected":false},"author":1,"featured_media":18357,"comment_status":"open","ping_status":"open","sticky":true,"template":"","format":"standard","meta":{"_exactmetrics_skip_tracking":false,"_exactmetrics_sitenote_active":false,"_exactmetrics_sitenote_note":"","_exactmetrics_sitenote_category":0,"jnews-multi-image_gallery":[],"jnews_single_post":{"subtitle":"","format":"standard","video":"","gallery":"","source_name":"","source_url":"","via_name":"","via_url":"","override_template":"0","override":[{"template":"1","single_blog_custom":"","parallax":"1","fullscreen":"0","layout":"right-sidebar","sidebar":"default-sidebar","second_sidebar":"default-sidebar","sticky_sidebar":"1","share_position":"top","share_float_style":"share-monocrhome","show_share_counter":"1","show_view_counter":"1","show_featured":"1","show_post_meta":"1","show_post_author":"1","show_post_author_image":"1","show_post_date":"1","post_date_format":"default","post_date_format_custom":"Y\/m\/d","show_post_category":"1","show_post_reading_time":"0","post_reading_time_wpm":"300","show_zoom_button":"0","zoom_button_out_step":"2","zoom_button_in_step":"3","show_post_tag":"1","show_prev_next_post":"1","show_popup_post":"1","number_popup_post":"1","show_author_box":"0","show_post_related":"0","show_inline_post_related":"0"}],"override_image_size":"0","image_override":[{"single_post_thumbnail_size":"crop-500","single_post_gallery_size":"crop-500"}],"trending_post":"0","trending_post_position":"meta","trending_post_label":"Trending","sponsored_post":"0","sponsored_post_label":"Sponsored by","sponsored_post_name":"","sponsored_post_url":"","sponsored_post_logo_enable":"0","sponsored_post_logo":"","sponsored_post_desc":""},"jnews_primary_category":{"id":""},"jnews_social_meta":{"fb_title":"","fb_description":"","fb_image":"","twitter_title":"","twitter_description":"","twitter_image":""},"jnews_review":[],"enable_review":"0","type":"percentage","name":"","summary":"","brand":"","sku":"","good":[{"good_text":""}],"bad":[{"bad_text":""}],"score_override":"","override_value":"","rating":[{"rating_text":"","rating_number":"10"}],"price":[{"shop":"","price":"","link":"","icon":""}],"jnews_override_counter":{"override_view_counter":"0","view_counter_number":"0","override_share_counter":"0","share_counter_number":"0","override_like_counter":"0","like_counter_number":"0","override_dislike_counter":"0","dislike_counter_number":"0"},"jnews_post_split":{"enable_post_split":"0","post_split":[{"template":"1","tag":"h2","numbering":"asc","mode":"normal"}]},"footnotes":""},"categories":[53,12,34],"tags":[38],"class_list":["post-12795","post","type-post","status-publish","format-standard","has-post-thumbnail","hentry","category-comunicados-de-prensa","category-rio-cuarto","category-seccionales","tag-anses"],"jetpack_featured_media_url":"https:\/\/atecordoba.org\/wp-content\/uploads\/2020\/05\/ATE-Anses-Rio-Cuarto.jpg","_links":{"self":[{"href":"https:\/\/atecordoba.org\/index.php?rest_route=\/wp\/v2\/posts\/12795","targetHints":{"allow":["GET"]}}],"collection":[{"href":"https:\/\/atecordoba.org\/index.php?rest_route=\/wp\/v2\/posts"}],"about":[{"href":"https:\/\/atecordoba.org\/index.php?rest_route=\/wp\/v2\/types\/post"}],"author":[{"embeddable":true,"href":"https:\/\/atecordoba.org\/index.php?rest_route=\/wp\/v2\/users\/1"}],"replies":[{"embeddable":true,"href":"https:\/\/atecordoba.org\/index.php?rest_route=%2Fwp%2Fv2%2Fcomments&post=12795"}],"version-history":[{"count":2,"href":"https:\/\/atecordoba.org\/index.php?rest_route=\/wp\/v2\/posts\/12795\/revisions"}],"predecessor-version":[{"id":19295,"href":"https:\/\/atecordoba.org\/index.php?rest_route=\/wp\/v2\/posts\/12795\/revisions\/19295"}],"wp:featuredmedia":[{"embeddable":true,"href":"https:\/\/atecordoba.org\/index.php?rest_route=\/wp\/v2\/media\/18357"}],"wp:attachment":[{"href":"https:\/\/atecordoba.org\/index.php?rest_route=%2Fwp%2Fv2%2Fmedia&parent=12795"}],"wp:term":[{"taxonomy":"category","embeddable":true,"href":"https:\/\/atecordoba.org\/index.php?rest_route=%2Fwp%2Fv2%2Fcategories&post=12795"},{"taxonomy":"post_tag","embeddable":true,"href":"https:\/\/atecordoba.org\/index.php?rest_route=%2Fwp%2Fv2%2Ftags&post=12795"}],"curies":[{"name":"wp","href":"https:\/\/api.w.org\/{rel}","templated":true}]}}