{"id":12783,"date":"2020-04-23T11:44:48","date_gmt":"2020-04-23T14:44:48","guid":{"rendered":"https:\/\/www.atecordoba.org\/?p=12783"},"modified":"2020-05-05T09:09:43","modified_gmt":"2020-05-05T12:09:43","slug":"ate-se-reunio-con-la-direccion-del-hospital-de-ninos-de-cordoba","status":"publish","type":"post","link":"https:\/\/atecordoba.org\/?p=12783","title":{"rendered":"ATE se reuni\u00f3 con la direcci\u00f3n del Hospital de Ni\u00f1os de C\u00f3rdoba"},"content":{"rendered":"\n<p><em>En la reuni\u00f3n se abordaron diversos temas que hacen a la organizaci\u00f3n, recursos y capacitaci\u00f3n de trabajadoras y trabajadores. Tras ello, se realiz\u00f3 una evaluaci\u00f3n con delegados y recorrida por el establecimiento.<\/em><\/p>\n\n\n\n<div class=\"wp-block-image\"><figure class=\"aligncenter size-large\"><img decoding=\"async\" src=\"http:\/\/atecordoba.org\/wp-content\/uploads\/2020\/05\/Hospital-de-Ni\u00f1os-Cordoba.jpg\" alt=\"\" class=\"wp-image-12786\"\/><\/figure><\/div>\n\n\n\n<p>Ayer se concret\u00f3 una reuni\u00f3n programada entre delegados de ATE del Hospital de Ni\u00f1os de la Sant\u00edsima Trinidad de la ciudad de C\u00f3rdoba junto a miembros del Consejo Directivo Provincial (CDP) y el Sr. Director a cargo de la Instituci\u00f3n mencionada, Dr. Marcelo Arg\u00fcello.<\/p>\n\n\n\n<p>&#8220;La reuni\u00f3n fue en un tono amable y cordial. Se abordaron distintos puntos que eran inquietud de los delegados en repuesta a demandas planteadas por los trabajadores&#8221;, coment\u00f3 Omar Alerzia, Secretario de Organizaci\u00f3n del CDP, uno de los participantes de la instancia por parte de la conducci\u00f3n provincial. Alerzia fue acompa\u00f1ado por Roberto Calvetti y Gabriela Garc\u00eda, vocales del CDP y Estela Salas, Yamila Sierra, Rold\u00e1n Aldo, delegadas y delegado de ATE del Hospital de Ni\u00f1os.<\/p>\n\n\n\n<div class=\"wp-block-image\"><figure class=\"aligncenter size-large is-resized\"><img loading=\"lazy\" decoding=\"async\" src=\"http:\/\/atecordoba.org\/wp-content\/uploads\/2020\/05\/04-23-20-reunion-hospital-de-ni\u00f1os-1024x768.jpg\" alt=\"\" class=\"wp-image-12785\" width=\"391\" height=\"293\"\/><\/figure><\/div>\n\n\n\n<h4 class=\"wp-block-heading\">Capacitaci\u00f3n e informaci\u00f3n para todo el personal<\/h4>\n\n\n\n<p>Los representantes del CDP de ATE informaron que fueron tratados distintos puntos, entre los que se encontraron la capacitaci\u00f3n de todo el personal en triage hospitalario, conocimiento del flujo grama de la Instituci\u00f3n, conocimiento y uso de los Equipos de Protecci\u00f3n Personal (EPP) que correspondieren seg\u00fan la situaci\u00f3n; capacitaciones sobre descarte de l\u00edquidos biol\u00f3gicos y la bioseguridad correspondiente, entre otras capacitaciones que se consideraron pertinentes realizar con quienes trabajan en la instituci\u00f3n. El pedido de la representaci\u00f3n de ATE fue emplear &#8220;no solo los medios electr\u00f3nicos disponibles sino tambi\u00e9n medios claros de difusi\u00f3n como un lugar f\u00edsico (transparente en lugar visible) en donde se coloquen de manera clara  los protocolos actuales y toda informaci\u00f3n actualizada sobre Covid19, como as\u00ed tambi\u00e9n dibujos, gr\u00e1ficos, cuadros, etc y todo lo que se considere necesario&#8221;, explicaron quienes participaron en representaci\u00f3n del CDP.<\/p>\n\n\n\n<p>Desde ATE tambi\u00e9n se plante\u00f3 la necesidad de que &#8220;toda informaci\u00f3n actualizada se difunda de manera clara y asegurar que lleguen a todo el personal actuante y que no haya compa\u00f1eros y compa\u00f1eras que desconozcan esta informaci\u00f3n porque no les llega la misma&#8221;.<\/p>\n\n\n\n<p>Por otro lado, tambi\u00e9n se expres\u00f3 que el personal administrativo no debe ser exento de las capacitaciones e informaci\u00f3n &#8220;ya que es el personal que activa el triage en un primer momento&#8221;, explicaron.<\/p>\n\n\n\n<p>Otro tema de inter\u00e9s de quienes trabajan en la instituci\u00f3n que se abord\u00f3 en la reuni\u00f3n con la Direccion del nosocomio es la constante intimidaci\u00f3n y amenazas de versiones de manejo y destino de trabajadoras y trabajadores recibidas por medios electr\u00f3nicos como  Whatsapp, Fecebook o similares. Los directivos solicitaron &#8220;descreer de toda informaci\u00f3n que provenga de medios inform\u00e1ticos como que no sean directamente versiones oficiales de la direcci\u00f3n del hospital. Adem\u00e1s, se comprometieron a que esto no suceda m\u00e1s y a actuar sobre quienes de mala fe hacen uso de estos mecanismos como procedimiento disuasorio&#8221;. <\/p>\n\n\n\n<h4 class=\"wp-block-heading\">Espacios f\u00edsicos<\/h4>\n\n\n\n<p>Desde ATE solicitaron &#8220;la readecuaci\u00f3n de espacios f\u00edsicos para que el personal pueda desvestirse de su ropa de calle y vestirse con su ropa de trabajo (y viceversa)&#8221; como medidas de bioseguridad. La incorporaci\u00f3n de duchas y espacios f\u00edsicos para el refrigerio fueron otros dos puntos que fueron solicitado y que hacen a mejorar las condiciones de trabajo y minimizar riesgos de contagios y contaminaci\u00f3n del personal.<\/p>\n\n\n\n<h4 class=\"wp-block-heading\">El transporte p\u00fablico<\/h4>\n\n\n\n<p>La representaci\u00f3n del Sindicato expuso la realidad de &#8220;muchos compa\u00f1eros y compa\u00f1eras que se trasladan en transporte p\u00fablico y que de acuerdo a la readecuaci\u00f3n de los recorridos, la parada los deja muy lejos del nosocomio&#8221;. Si bien esta medida no depende de la direcci\u00f3n del hospital, &#8220;se pidi\u00f3 que la Direcci\u00f3n interceda ante el Ministerio de Salud para que este, a su vez, se comunique con Transporte para que, de ser posible, exista una modificaci\u00f3n m\u00e1s cercana de la parada de descenso y, a su vez, asegurar que en la zona haya personal policial vigilando en horas pico el descenso de trabajadores&#8221;, comentaron.<\/p>\n\n\n\n<p>Desde ATE informaron que &#8220;todos estos puntos fueron recibidos de muy buen tenor por el Director que se comprometi\u00f3 a efectuar los cambios necesarios y pertinentes para seguridad de los trabajadores y mejor eficacia en la prestaci\u00f3n de servicios&#8221;.<\/p>\n\n\n\n<p>&#8220;Ambas partes quedamos en volver a reunirnos en el termino de quince d\u00edas para evaluar lo logrado y readecuar aquellas cosas que a la fecha no hayan sido realizadas&#8221;, inform\u00f3 Alerzia.<\/p>\n\n\n\n<h4 class=\"wp-block-heading\">Continuidad de los recorridos<\/h4>\n\n\n\n<p>Los representantes del CDP (Alerzia, Garc\u00eda y Calvetti), quienes adem\u00e1s son trbajadores y trabajadora de la salud p\u00fablica provincial, informaron que ATE continuar\u00e1 con el recorrido de los hospitales hoy con una reuni\u00f3n con la direcci\u00f3n del Hospital Materno Provincial.  Adelantaron, tambi\u00e9n, que el viernes habr\u00e1 una reuni\u00f3n con la direcci\u00f3n del Hospital Pedi\u00e1trico y que resta confirmar cu\u00e1ndo se realizar\u00e1n las recorridas y reuniones en el Hospital Neonatal y Florencio D\u00edaz: &#8220;a la brevedad confirmaremos d\u00edas y horarios para estas dos instituciones&#8221;, informaron.<\/p>\n","protected":false},"excerpt":{"rendered":"<p>En la reuni\u00f3n se abordaron diversos temas que hacen a la organizaci\u00f3n, recursos y capacitaci\u00f3n de trabajadoras y trabajadores. Tras ello, se realiz\u00f3 una evaluaci\u00f3n con delegados y recorrida por el establecimiento. Ayer se concret\u00f3 una reuni\u00f3n programada entre delegados de ATE del Hospital de Ni\u00f1os de la Sant\u00edsima Trinidad de la ciudad de C\u00f3rdoba [&hellip;]<\/p>\n","protected":false},"author":1,"featured_media":19220,"comment_status":"open","ping_status":"open","sticky":true,"template":"","format":"standard","meta":{"_exactmetrics_skip_tracking":false,"_exactmetrics_sitenote_active":false,"_exactmetrics_sitenote_note":"","_exactmetrics_sitenote_category":0,"jnews-multi-image_gallery":[],"jnews_single_post":[],"jnews_primary_category":[],"jnews_social_meta":[],"jnews_review":[],"enable_review":"","type":"","name":"","summary":"","brand":"","sku":"","good":[],"bad":[],"score_override":"","override_value":"","rating":[],"price":[],"jnews_override_counter":[],"jnews_post_split":[],"footnotes":""},"categories":[1],"tags":[],"class_list":["post-12783","post","type-post","status-publish","format-standard","has-post-thumbnail","hentry","category-sin-categoria"],"jetpack_featured_media_url":"https:\/\/atecordoba.org\/wp-content\/uploads\/2020\/05\/logo-nuevochico-e1561581322808.png","_links":{"self":[{"href":"https:\/\/atecordoba.org\/index.php?rest_route=\/wp\/v2\/posts\/12783","targetHints":{"allow":["GET"]}}],"collection":[{"href":"https:\/\/atecordoba.org\/index.php?rest_route=\/wp\/v2\/posts"}],"about":[{"href":"https:\/\/atecordoba.org\/index.php?rest_route=\/wp\/v2\/types\/post"}],"author":[{"embeddable":true,"href":"https:\/\/atecordoba.org\/index.php?rest_route=\/wp\/v2\/users\/1"}],"replies":[{"embeddable":true,"href":"https:\/\/atecordoba.org\/index.php?rest_route=%2Fwp%2Fv2%2Fcomments&post=12783"}],"version-history":[{"count":1,"href":"https:\/\/atecordoba.org\/index.php?rest_route=\/wp\/v2\/posts\/12783\/revisions"}],"predecessor-version":[{"id":18364,"href":"https:\/\/atecordoba.org\/index.php?rest_route=\/wp\/v2\/posts\/12783\/revisions\/18364"}],"wp:featuredmedia":[{"embeddable":true,"href":"https:\/\/atecordoba.org\/index.php?rest_route=\/wp\/v2\/media\/19220"}],"wp:attachment":[{"href":"https:\/\/atecordoba.org\/index.php?rest_route=%2Fwp%2Fv2%2Fmedia&parent=12783"}],"wp:term":[{"taxonomy":"category","embeddable":true,"href":"https:\/\/atecordoba.org\/index.php?rest_route=%2Fwp%2Fv2%2Fcategories&post=12783"},{"taxonomy":"post_tag","embeddable":true,"href":"https:\/\/atecordoba.org\/index.php?rest_route=%2Fwp%2Fv2%2Ftags&post=12783"}],"curies":[{"name":"wp","href":"https:\/\/api.w.org\/{rel}","templated":true}]}}