{"id":12780,"date":"2020-04-22T18:04:56","date_gmt":"2020-04-22T21:04:56","guid":{"rendered":"https:\/\/www.atecordoba.org\/?p=12780"},"modified":"2020-05-05T09:09:43","modified_gmt":"2020-05-05T12:09:43","slug":"pandemia-propuestas-desde-las-trabajadoras-estatales","status":"publish","type":"post","link":"https:\/\/atecordoba.org\/?p=12780","title":{"rendered":"Pandemia: propuestas desde las trabajadoras estatales"},"content":{"rendered":"\n<p><em>Representantes del Departamento de G\u00e9neros y Diversidades de ATE C\u00f3rdoba participaron de la Mesa Federal de G\u00e9neros convocada por el Consejo Directivo Nacional (CDN) a trav\u00e9s de su Departamento de G\u00e9nero y Diversidad. <\/em><\/p>\n\n\n\n<figure class=\"wp-block-image size-large\"><img decoding=\"async\" src=\"http:\/\/atecordoba.org\/wp-content\/uploads\/2020\/05\/22-04-20-Teleconnferencia-Genero-CDN.jpg\" alt=\"\" class=\"wp-image-12781\"\/><\/figure>\n\n\n\n<p>Las compa\u00f1eras Gabriela Alcoba y Maria Sotti estuvieron presentes y compartieron el documento que elabor\u00f3 el Departamento de G\u00e9neros y Diversidades del Consejo Directivo Provincial (CDP) de ATE C\u00f3rdoba, para visibilizar el impacto de la Pandemia del Coronavirus en la vida de las mujeres y colectivo LGTTTBI+.<\/p>\n\n\n\n<p>&#8220;Compartimos con otras provincias la situaci\u00f3n cr\u00edtica que viven las trabajadoras del Estado consideradas esenciales, que ademas de representar el 70% del sector, est\u00e1n siendo la primera l\u00edneas de atenci\u00f3n en hospitales y centros de salud con falta de insumos, la imposibilidad de tomarse licencias extraordinarias en virtud del DNU Nacional, sin recibir la compensaci\u00f3n salarial correspondiente&#8221;, expresaron las participantes por parte del CDP de Cordoba de ATE. En la reuni\u00f3n, tambi\u00e9n se abordo la problem\u00e1tica compartida del\u00a0recrudecimiento de la violencia de g\u00e9nero\u00a0producto del Aislamiento Social, Preventivo y Obligatorio en los \u00e1mbitos nacionales, provinciales y municipales. Es por ello que se apela a &#8220;la urgente necesidad de que se destine presupuesto y un lineamiento pol\u00edtico claro en el que se declare la emergencia en violencia de g\u00e9nero desde el Gobierno Nacional&#8221;, expresaron las asistentes de C\u00f3rdoba. <\/p>\n\n\n\n<p>Se hizo especial hincapi\u00e9 en la imperiosa necesidad de que al Comit\u00e9 de Crisis Nacional\u00a0se integren todas las \u00e1reas de trabajo involucradas y que tenga perspectiva de g\u00e9nero para que las respuestas sean eficaces a lo largo de todo el pa\u00eds.<\/p>\n\n\n\n<p>&#8220;Durante la reuni\u00f3n tambi\u00e9n se puso en evidencia que debe visibilizarse el trabajo de las compa\u00f1eras que realizan\u00a0teletrabajo\u00a0y que deben combinarlo en los hogares con el cuidado de lxs ni\u00f1xs. Por este motivo, hablamos de la\u00a0sobreexplotaci\u00f3n\u00a0del trabajo de las mujeres&#8221;, manifestaron.<\/p>\n\n\n\n<p>Por \u00faltimo, desde C\u00f3rdoba se hizo \u00e9nfasis en la &#8220;necesidad de ampliaci\u00f3n del IFE a las trabajadoras despedidas de la era Macri quienes hoy siguen sin ser reincorporadas y se contemple la situaci\u00f3n cr\u00edtica de colectivo LGTTTBI+ que siguen sin una ley de inclusi\u00f3n laboral ni programas que contemplen su situaci\u00f3n de vulnerabilidad&#8221;, puntualizaron las representantes del CDP.<\/p>\n\n\n\n<p>Finalmente, las participantes destacaron que presentaron una propuesta formativa al CDN en materia de G\u00e9neros y Diversidades la cual busca capacitar a los afiliados y afiliadas de ATE C\u00f3rdoba.<\/p>\n","protected":false},"excerpt":{"rendered":"<p>Representantes del Departamento de G\u00e9neros y Diversidades de ATE C\u00f3rdoba participaron de la Mesa Federal de G\u00e9neros convocada por el Consejo Directivo Nacional (CDN) a trav\u00e9s de su Departamento de G\u00e9nero y Diversidad. Las compa\u00f1eras Gabriela Alcoba y Maria Sotti estuvieron presentes y compartieron el documento que elabor\u00f3 el Departamento de G\u00e9neros y Diversidades del [&hellip;]<\/p>\n","protected":false},"author":1,"featured_media":19220,"comment_status":"open","ping_status":"open","sticky":true,"template":"","format":"standard","meta":{"_exactmetrics_skip_tracking":false,"_exactmetrics_sitenote_active":false,"_exactmetrics_sitenote_note":"","_exactmetrics_sitenote_category":0,"jnews-multi-image_gallery":[],"jnews_single_post":[],"jnews_primary_category":[],"jnews_social_meta":[],"jnews_review":[],"enable_review":"","type":"","name":"","summary":"","brand":"","sku":"","good":[],"bad":[],"score_override":"","override_value":"","rating":[],"price":[],"jnews_override_counter":[],"jnews_post_split":[],"footnotes":""},"categories":[1],"tags":[],"class_list":["post-12780","post","type-post","status-publish","format-standard","has-post-thumbnail","hentry","category-sin-categoria"],"jetpack_featured_media_url":"https:\/\/atecordoba.org\/wp-content\/uploads\/2020\/05\/logo-nuevochico-e1561581322808.png","_links":{"self":[{"href":"https:\/\/atecordoba.org\/index.php?rest_route=\/wp\/v2\/posts\/12780","targetHints":{"allow":["GET"]}}],"collection":[{"href":"https:\/\/atecordoba.org\/index.php?rest_route=\/wp\/v2\/posts"}],"about":[{"href":"https:\/\/atecordoba.org\/index.php?rest_route=\/wp\/v2\/types\/post"}],"author":[{"embeddable":true,"href":"https:\/\/atecordoba.org\/index.php?rest_route=\/wp\/v2\/users\/1"}],"replies":[{"embeddable":true,"href":"https:\/\/atecordoba.org\/index.php?rest_route=%2Fwp%2Fv2%2Fcomments&post=12780"}],"version-history":[{"count":1,"href":"https:\/\/atecordoba.org\/index.php?rest_route=\/wp\/v2\/posts\/12780\/revisions"}],"predecessor-version":[{"id":18366,"href":"https:\/\/atecordoba.org\/index.php?rest_route=\/wp\/v2\/posts\/12780\/revisions\/18366"}],"wp:featuredmedia":[{"embeddable":true,"href":"https:\/\/atecordoba.org\/index.php?rest_route=\/wp\/v2\/media\/19220"}],"wp:attachment":[{"href":"https:\/\/atecordoba.org\/index.php?rest_route=%2Fwp%2Fv2%2Fmedia&parent=12780"}],"wp:term":[{"taxonomy":"category","embeddable":true,"href":"https:\/\/atecordoba.org\/index.php?rest_route=%2Fwp%2Fv2%2Fcategories&post=12780"},{"taxonomy":"post_tag","embeddable":true,"href":"https:\/\/atecordoba.org\/index.php?rest_route=%2Fwp%2Fv2%2Ftags&post=12780"}],"curies":[{"name":"wp","href":"https:\/\/api.w.org\/{rel}","templated":true}]}}