{"id":12771,"date":"2020-04-22T11:24:33","date_gmt":"2020-04-22T14:24:33","guid":{"rendered":"https:\/\/www.atecordoba.org\/?p=12771"},"modified":"2020-05-05T09:09:44","modified_gmt":"2020-05-05T12:09:44","slug":"recorrida-y-pedido-de-audiencia-de-ate-en-el-hospital-pediatrico","status":"publish","type":"post","link":"https:\/\/atecordoba.org\/?p=12771","title":{"rendered":"Recorrida y pedido de audiencia de ATE en el Hospital Pedi\u00e1trico"},"content":{"rendered":"\n<p><em>Representantes del CDP de ATE junto a delegados y delegadas de dicha entidad de C\u00f3rdoba Capital revisaron los flujogramas y el triage del establecimiento y solicitaron una audiencia urgente con la Direcci\u00f3n para resolver los problemas detectados.<\/em><\/p>\n\n\n\n<figure class=\"wp-block-image size-large\"><img decoding=\"async\" src=\"http:\/\/atecordoba.org\/wp-content\/uploads\/2020\/05\/WhatsApp-Image-2020-04-21-at-22.23.27-1024x576.jpg\" alt=\"\" class=\"wp-image-12776\"\/><\/figure>\n\n\n\n<p>Ayer ATE realiz\u00f3 una recorrida y reuniones con los trabajadores y trabajadoras del Hospital Pedi\u00e1trico de C\u00f3rdoba. Por el Consejo Directivo Provincial (CDP) de ATE C\u00f3rdoba participaron Omar Alerzia, Secretario de Organizaci\u00f3n, y Gabriela Garc\u00eda, Vocal -ambos trabajadores de la Salud  p\u00fablica provincial -; y por parte del establecimiento participaron delegados y delegadas -tanto de ATE como de otros gremios que se sumaron a la convocatoria. <\/p>\n\n\n\n<p>El Secretario de Organizaci\u00f3n del CDP, Omar Alerzia, coment\u00f3 que &#8220;estuvimos m\u00e1s de 4 horas en el Hospital, coordinando y recorriendo con nuestros delegados y delegados de otros gremios&#8221;. La intenci\u00f3n, describe Alerzia, fue evaluar y reorganizar &#8220;las directivas que de manera equivocada se vienen planteando en lo que a flujogramas y triage se refiere. Llegamos a la conclusi\u00f3n -contin\u00faa el representante de ATE- de que debemos pedir, con car\u00e1cter de urgente, una audiencia con la Direcci\u00f3n del Hospital para exponer los problemas detectados y las soluciones propuestas desde los trabajadores&#8221;.  &#8220;La misma, esperamos, se produzca este pr\u00f3ximo viernes&#8221;, expres\u00f3 Alerzia.<\/p>\n\n\n\n<p>&#8220;Ha sido una jornada larga y fruct\u00edfera porque nos hemos nutrido de las experiencias de quienes all\u00ed trabajan y hemos podido tambi\u00e9n dar nuestras impresiones al respecto en estos momentos tan cr\u00edticos merced a la pandemia que enfrentamos como sociedad en todo el mundo y que pone en cuesti\u00f3n nuestros ya deteriorados sistemas de salud p\u00fablica&#8221;, concluy\u00f3 el dirigente del Consejo Provincial de ATE.<\/p>\n\n\n\n<div class=\"wp-block-image\"><figure class=\"aligncenter size-large is-resized\"><img loading=\"lazy\" decoding=\"async\" src=\"http:\/\/atecordoba.org\/wp-content\/uploads\/2020\/05\/WhatsApp-Image-2020-04-21-at-22.23.26-768x1024.jpg\" alt=\"\" class=\"wp-image-12777\" width=\"262\" height=\"349\"\/><figcaption>Recorrida por las instalaciones del Hospital Pedi\u00e1trico de C\u00f3rdoba.<\/figcaption><\/figure><\/div>\n","protected":false},"excerpt":{"rendered":"<p>Representantes del CDP de ATE junto a delegados y delegadas de dicha entidad de C\u00f3rdoba Capital revisaron los flujogramas y el triage del establecimiento y solicitaron una audiencia urgente con la Direcci\u00f3n para resolver los problemas detectados. Ayer ATE realiz\u00f3 una recorrida y reuniones con los trabajadores y trabajadoras del Hospital Pedi\u00e1trico de C\u00f3rdoba. Por [&hellip;]<\/p>\n","protected":false},"author":1,"featured_media":19220,"comment_status":"open","ping_status":"open","sticky":true,"template":"","format":"standard","meta":{"_exactmetrics_skip_tracking":false,"_exactmetrics_sitenote_active":false,"_exactmetrics_sitenote_note":"","_exactmetrics_sitenote_category":0,"jnews-multi-image_gallery":[],"jnews_single_post":[],"jnews_primary_category":[],"jnews_social_meta":[],"jnews_review":[],"enable_review":"","type":"","name":"","summary":"","brand":"","sku":"","good":[],"bad":[],"score_override":"","override_value":"","rating":[],"price":[],"jnews_override_counter":[],"jnews_post_split":[],"footnotes":""},"categories":[1],"tags":[],"class_list":["post-12771","post","type-post","status-publish","format-standard","has-post-thumbnail","hentry","category-sin-categoria"],"jetpack_featured_media_url":"https:\/\/atecordoba.org\/wp-content\/uploads\/2020\/05\/logo-nuevochico-e1561581322808.png","_links":{"self":[{"href":"https:\/\/atecordoba.org\/index.php?rest_route=\/wp\/v2\/posts\/12771","targetHints":{"allow":["GET"]}}],"collection":[{"href":"https:\/\/atecordoba.org\/index.php?rest_route=\/wp\/v2\/posts"}],"about":[{"href":"https:\/\/atecordoba.org\/index.php?rest_route=\/wp\/v2\/types\/post"}],"author":[{"embeddable":true,"href":"https:\/\/atecordoba.org\/index.php?rest_route=\/wp\/v2\/users\/1"}],"replies":[{"embeddable":true,"href":"https:\/\/atecordoba.org\/index.php?rest_route=%2Fwp%2Fv2%2Fcomments&post=12771"}],"version-history":[{"count":1,"href":"https:\/\/atecordoba.org\/index.php?rest_route=\/wp\/v2\/posts\/12771\/revisions"}],"predecessor-version":[{"id":18369,"href":"https:\/\/atecordoba.org\/index.php?rest_route=\/wp\/v2\/posts\/12771\/revisions\/18369"}],"wp:featuredmedia":[{"embeddable":true,"href":"https:\/\/atecordoba.org\/index.php?rest_route=\/wp\/v2\/media\/19220"}],"wp:attachment":[{"href":"https:\/\/atecordoba.org\/index.php?rest_route=%2Fwp%2Fv2%2Fmedia&parent=12771"}],"wp:term":[{"taxonomy":"category","embeddable":true,"href":"https:\/\/atecordoba.org\/index.php?rest_route=%2Fwp%2Fv2%2Fcategories&post=12771"},{"taxonomy":"post_tag","embeddable":true,"href":"https:\/\/atecordoba.org\/index.php?rest_route=%2Fwp%2Fv2%2Ftags&post=12771"}],"curies":[{"name":"wp","href":"https:\/\/api.w.org\/{rel}","templated":true}]}}