{"id":12762,"date":"2020-04-20T20:16:55","date_gmt":"2020-04-20T23:16:55","guid":{"rendered":"https:\/\/www.atecordoba.org\/?p=12762"},"modified":"2020-05-05T09:09:44","modified_gmt":"2020-05-05T12:09:44","slug":"reunion-ampliada-del-cdp-y-seccionales-de-ate","status":"publish","type":"post","link":"https:\/\/atecordoba.org\/?p=12762","title":{"rendered":"Reuni\u00f3n ampliada del CDP y Seccionales de ATE C\u00f3rdoba"},"content":{"rendered":"\n<p><em>Se realiz\u00f3 un repaso de la situaci\u00f3n en las diversas \u00e1reas y regiones de la Provincia. Se defini\u00f3 insistir en el pago del bono a todo el personal de la salud, elementos de bioseguridad, la negativa al pago en cuotas en los municipios, al pago con bonos y a la precarizaci\u00f3n laboral, entre otros temas.<\/em><\/p>\n\n\n\n<figure class=\"wp-block-image size-large\"><img decoding=\"async\" src=\"http:\/\/atecordoba.org\/wp-content\/uploads\/2020\/05\/Captura-teleconferencia-cdp-20-04-1024x576.png\" alt=\"\" class=\"wp-image-12763\"\/><\/figure>\n\n\n\n<p>&#8220;La coyuntura apremia. Los organismos oficiales tienen que dar urgente respuesta a la apremiante situaci\u00f3n que viven los trabajadores y trabajadoras de todos los niveles del Estado: retraso en apertura de paritarias,pase a planta y reincorporaciones a nivel nacional; amenaza de pago con bonos y no provisi\u00f3n de elementos ni protocolos de bioseguridad adecuados en la Provincia; municipios que desdoblan pagos y amenazan con no pagar el mes pr\u00f3ximo&#8221;, fueron las palabras de apertura de la jornada de Federico Giuliani, Secretario General del Consejo Directivo Provincial (CDP) de la Asociaci\u00f3n de Trabajadores del Estado (ATE) de C\u00f3rdoba.<\/p>\n\n\n\n<p>De la instancia participaron los Secretarios\/as Generales de las Seccionales de ATE R\u00edo Tercero, Dami\u00e1n Albornoz; de R\u00edo Cuarto, Rafaela Alcoba; de Adelia Mar\u00eda, Diego Villegas; de Cruz del Eje, Daniel Allende; el Secretario Gremial de ATE Villa Mar\u00eda, Gustavo V\u00edlchez; y representaciones de la pr\u00f3ximamente seccional San Francisco. Adem\u00e1s, participaron miembros de las distintas Secretar\u00edas y Vocal\u00edas del CDP.<\/p>\n\n\n\n<p>&#8220;Necesitamos que urgente se reabran las paritarias nacionales; que Cafiero y todos los Ministros a los que les hemos presentado proyectos de reactivaci\u00f3n de las distintas \u00e1reas del Estado, respondan a las demandas de reincorporaci\u00f3n de las miles de familias que quedaron a la vera del camino tras el desguace macrista y a las poblaciones enteras que quedaron sin derechos consecuencia de esto; que respondan sobre la ayuda econ\u00f3mica para nuestras compa\u00f1eras y compa\u00f1eros que no accedieron a la IFE; a todas las demandas&#8221;, expres\u00f3 Giuliani quien reclam\u00f3 que, &#8220;si no hay plata, que vayan ya sobre las grandes fortunas, sobre el capital financiero, adelantando desde ya que al FMI no le vamos a pagar la usura y el saqueo&#8221;.<\/p>\n\n\n\n<p>Las y los representantes advirtieron sobre la precaria situaci\u00f3n social en las comunidades de las cuales forman parte: para ello mencionaron la imperiosa necesidad no solo de asistencia, sino tambi\u00e9n de que las delegadas y delegados participen en la organizaci\u00f3n para construir colectivos de &#8220;compras de alimentos, proveedur\u00edas y dem\u00e1s herramientas para mejorar precios y aumentar la organizaci\u00f3n popular&#8221;. <\/p>\n\n\n\n<p>Destacaron, adem\u00e1s, la importancia de trabajar en la formaci\u00f3n de todos los representes sindicales en conocer todas las normas de bioseguridad &#8220;para que la compa\u00f1era y el compa\u00f1ero est\u00e9n tranquilos cuando vuelven a la casa que no llevan ning\u00fan tipo de enfermedad hacia sus familias&#8221;. &#8220;Ello hace a la salud pero tambi\u00e9n a la tranquilidad, que es fundamental para mantener la salud mental de las trabajadoras y trabajadores. En estos tiempos la garant\u00eda de ambas cosas tambi\u00e9n depende del Estado&#8221;.<\/p>\n\n\n\n<p>Quienes participaron de la reuni\u00f3n advirtieron tambi\u00e9n, sobre la alarmante cantidad de dengue hemorr\u00e1gico y la urgencia de que todos los actores oficiales dispongan todos los recursos necesarios para el ataque de este otro emergente sanitario.<\/p>\n","protected":false},"excerpt":{"rendered":"<p>Se realiz\u00f3 un repaso de la situaci\u00f3n en las diversas \u00e1reas y regiones de la Provincia. Se defini\u00f3 insistir en el pago del bono a todo el personal de la salud, elementos de bioseguridad, la negativa al pago en cuotas en los municipios, al pago con bonos y a la precarizaci\u00f3n laboral, entre otros temas. [&hellip;]<\/p>\n","protected":false},"author":1,"featured_media":19220,"comment_status":"open","ping_status":"open","sticky":true,"template":"","format":"standard","meta":{"_exactmetrics_skip_tracking":false,"_exactmetrics_sitenote_active":false,"_exactmetrics_sitenote_note":"","_exactmetrics_sitenote_category":0,"jnews-multi-image_gallery":[],"jnews_single_post":[],"jnews_primary_category":[],"jnews_social_meta":[],"jnews_review":[],"enable_review":"","type":"","name":"","summary":"","brand":"","sku":"","good":[],"bad":[],"score_override":"","override_value":"","rating":[],"price":[],"jnews_override_counter":[],"jnews_post_split":[],"footnotes":""},"categories":[1],"tags":[],"class_list":["post-12762","post","type-post","status-publish","format-standard","has-post-thumbnail","hentry","category-sin-categoria"],"jetpack_featured_media_url":"https:\/\/atecordoba.org\/wp-content\/uploads\/2020\/05\/logo-nuevochico-e1561581322808.png","_links":{"self":[{"href":"https:\/\/atecordoba.org\/index.php?rest_route=\/wp\/v2\/posts\/12762","targetHints":{"allow":["GET"]}}],"collection":[{"href":"https:\/\/atecordoba.org\/index.php?rest_route=\/wp\/v2\/posts"}],"about":[{"href":"https:\/\/atecordoba.org\/index.php?rest_route=\/wp\/v2\/types\/post"}],"author":[{"embeddable":true,"href":"https:\/\/atecordoba.org\/index.php?rest_route=\/wp\/v2\/users\/1"}],"replies":[{"embeddable":true,"href":"https:\/\/atecordoba.org\/index.php?rest_route=%2Fwp%2Fv2%2Fcomments&post=12762"}],"version-history":[{"count":1,"href":"https:\/\/atecordoba.org\/index.php?rest_route=\/wp\/v2\/posts\/12762\/revisions"}],"predecessor-version":[{"id":18373,"href":"https:\/\/atecordoba.org\/index.php?rest_route=\/wp\/v2\/posts\/12762\/revisions\/18373"}],"wp:featuredmedia":[{"embeddable":true,"href":"https:\/\/atecordoba.org\/index.php?rest_route=\/wp\/v2\/media\/19220"}],"wp:attachment":[{"href":"https:\/\/atecordoba.org\/index.php?rest_route=%2Fwp%2Fv2%2Fmedia&parent=12762"}],"wp:term":[{"taxonomy":"category","embeddable":true,"href":"https:\/\/atecordoba.org\/index.php?rest_route=%2Fwp%2Fv2%2Fcategories&post=12762"},{"taxonomy":"post_tag","embeddable":true,"href":"https:\/\/atecordoba.org\/index.php?rest_route=%2Fwp%2Fv2%2Ftags&post=12762"}],"curies":[{"name":"wp","href":"https:\/\/api.w.org\/{rel}","templated":true}]}}