{"id":12752,"date":"2020-04-20T18:22:18","date_gmt":"2020-04-20T21:22:18","guid":{"rendered":"https:\/\/www.atecordoba.org\/?p=12752"},"modified":"2020-05-05T09:09:44","modified_gmt":"2020-05-05T12:09:44","slug":"cuidemos-a-quienes-nos-cuidan","status":"publish","type":"post","link":"https:\/\/atecordoba.org\/?p=12752","title":{"rendered":"&#8220;Cuidemos a quienes nos cuidan&#8221;"},"content":{"rendered":"\n<p><em>En un comunicado dirigido al Ministerio de Salud provincial, el CDP de ATE C\u00f3rdoba reclam\u00f3 al Gobierno de la Provincia insumos y protocolos de bioseguridad en todos los establecimientos, pago de bonos para todo el personal de salud, entre otros puntos.<\/em><\/p>\n\n\n\n<figure class=\"wp-block-gallery columns-3 is-cropped wp-block-gallery-1 is-layout-flex wp-block-gallery-is-layout-flex\"><ul class=\"blocks-gallery-grid\"><li class=\"blocks-gallery-item\"><figure><img decoding=\"async\" src=\"http:\/\/atecordoba.org\/wp-content\/uploads\/2020\/05\/Campa\u00f1a-Hospital-Neonatal-Cordoba-2-1024x1024.png\" alt=\"\" data-id=\"12753\" data-link=\"https:\/\/www.atecordoba.org\/?attachment_id=12753\" class=\"wp-image-12753\"\/><\/figure><\/li><li class=\"blocks-gallery-item\"><figure><img decoding=\"async\" src=\"http:\/\/atecordoba.org\/wp-content\/uploads\/2020\/05\/Campa\u00f1a-Misericordia-1024x1024.png\" alt=\"\" data-id=\"12754\" data-link=\"https:\/\/www.atecordoba.org\/?attachment_id=12754\" class=\"wp-image-12754\"\/><\/figure><\/li><li class=\"blocks-gallery-item\"><figure><img decoding=\"async\" src=\"http:\/\/atecordoba.org\/wp-content\/uploads\/2020\/05\/1-Campa\u00f1a-Hospital-Materno-Provincial-1024x1024.png\" alt=\"\" data-id=\"12756\" data-link=\"https:\/\/www.atecordoba.org\/?attachment_id=12756\" class=\"wp-image-12756\"\/><\/figure><\/li><li class=\"blocks-gallery-item\"><figure><img decoding=\"async\" src=\"http:\/\/atecordoba.org\/wp-content\/uploads\/2020\/05\/4-Campa\u00f1a-Alejandro-Roca-2-1024x1024.png\" alt=\"\" data-id=\"12757\" data-link=\"https:\/\/www.atecordoba.org\/?attachment_id=12757\" class=\"wp-image-12757\"\/><\/figure><\/li><li class=\"blocks-gallery-item\"><figure><img decoding=\"async\" src=\"http:\/\/atecordoba.org\/wp-content\/uploads\/2020\/05\/Campa\u00f1a-Hospital-R\u00edo-Tercero2-1-1024x1024.png\" alt=\"\" data-id=\"12759\" data-full-url=\"https:\/\/www.atecordoba.org\/wp-content\/uploads\/2020\/04\/Campa\u00f1a-Hospital-R\u00edo-Tercero2-1.png\" data-link=\"https:\/\/www.atecordoba.org\/?attachment_id=12759\" class=\"wp-image-12759\"\/><\/figure><\/li><\/ul><figcaption class=\"blocks-gallery-caption\">Para leer el comunicado completo en pdf, haga <a href=\"https:\/\/www.atecordoba.org\/20-04-ate-reclamo-salud\" target=\"_blank\" rel=\"noreferrer noopener\" aria-label=\"click aqu\u00ed (se abre en una nueva pesta\u00f1a)\">click aqu\u00ed<\/a>.<\/figcaption><\/figure>\n\n\n\n<p><\/p>\n\n\n\n<p class=\"has-text-align-right\"><em>20 de abril de 2020<\/em> &#8211; <em>Al Sr. Ministro de Salud <\/em><br><em>del Gobierno de la Provincia de C\u00f3rdoba<\/em> <br><em>De ATE C\u00f3rdoba<\/em><\/p>\n\n\n\n<h4 class=\"has-text-align-center wp-block-heading\"><strong>Cuidemos\na quienes nos cuidan<\/strong><\/h4>\n\n\n\n<p>Ante el avance del COVID-19 y el dengue en la Provincia, desde el Consejo Directivo Provincial de ATE, denunciamos p\u00fablicamente la falta de elementos de protecci\u00f3n personal para el personal de los hospitales e instituciones vinculadas a la salud p\u00fablica.<\/p>\n\n\n\n<p>Porque los trabajadores hospitalarios son la primera l\u00ednea de batalla\ncontra el COVID-19 y es responsabilidad del Gobernador de la Provincia y del Ministro\nde Salud garantizar los protocolos de seguridad, la capacitaci\u00f3n al personal y\ntodos las normas de bioseguridad para todos ellos. As\u00ed lo venimos planteando,\nreclamado desde ATE, a los directores de hospitales, en sendas notas realizadas\ndesde el d\u00eda 18 de marzo.<\/p>\n\n\n\n<p>Asimismo es responsabilidad del Ministerio de Salud establecer\nprotocolos claros y hacerlos cumplir en los establecimientos sanitarios. No son\ntiempos de minimizar situaciones ni de retacear elementos de bioseguridad, porque\nla salud de nuestros trabajadores, est\u00e1 primero que el costo de una bata o un\nbarbijo.<\/p>\n\n\n\n<p>Los centros de salud no solo colapsan solo por falta de camas de UTI o respiradores. Es su responsabilidad, Sr Ministro, evitar el contagio masivo de profesionales y trabajadores otorg\u00e1ndoles en tiempo y forma los elementos necesarios, como tambi\u00e9n la realizaci\u00f3n del hisopado para testear la presencia del corona virus no solo en los m\u00e9dicos sino a todos los trabajadores de la salud.<\/p>\n\n\n\n<p>Asimismo reclamamos, que se instrumenten las medidas administrativas\nnecesarias para que:<\/p>\n\n\n\n<ol class=\"wp-block-list\"><li>Se promocionen y paguen las categor\u00edas adeudadas de\nlas dos leyes 7625 y 7233.<\/li><li>Que tambi\u00e9n se proceda al pago de los 5000$ a TODO\/AS\nLOS TRABAJADORES DE TODO EL SISTEMA DE SALUD.<\/li><li>Por \u00faltimo, exigimos que el Gobierno Provincial\nabone salarios a los trabajadores y nuestros jubilados con moneda nacional. <\/li><\/ol>\n\n\n\n<p>La crisis no tiene que ser pagada por los que hoy est\u00e1n arriesgando su\nsalud en el sistema sanitario, ni ning\u00fan otro sector de la administraci\u00f3n, que\ntambi\u00e9n ponen desde su puesto de trabajo toda la predisposici\u00f3n para atender\ndemandas de nuestra sociedad y tampoco nuestro jubilados ya castigados con la p\u00e9rdida\ndel 82% real y bolsillo como lo venimos denunciando.<\/p>\n\n\n\n<p><strong>ATE Consejo\nDirectivo Provincial<\/strong><\/p>\n\n\n\n<p><strong>Federico Giuliani,\nSecretario General<\/strong><\/p>\n","protected":false},"excerpt":{"rendered":"<p>En un comunicado dirigido al Ministerio de Salud provincial, el CDP de ATE C\u00f3rdoba reclam\u00f3 al Gobierno de la Provincia insumos y protocolos de bioseguridad en todos los establecimientos, pago de bonos para todo el personal de salud, entre otros puntos. 20 de abril de 2020 &#8211; Al Sr. Ministro de Salud del Gobierno de [&hellip;]<\/p>\n","protected":false},"author":1,"featured_media":19220,"comment_status":"open","ping_status":"open","sticky":true,"template":"","format":"standard","meta":{"_exactmetrics_skip_tracking":false,"_exactmetrics_sitenote_active":false,"_exactmetrics_sitenote_note":"","_exactmetrics_sitenote_category":0,"jnews-multi-image_gallery":[],"jnews_single_post":[],"jnews_primary_category":[],"jnews_social_meta":[],"jnews_review":[],"enable_review":"","type":"","name":"","summary":"","brand":"","sku":"","good":[],"bad":[],"score_override":"","override_value":"","rating":[],"price":[],"jnews_override_counter":[],"jnews_post_split":[],"footnotes":""},"categories":[1],"tags":[],"class_list":["post-12752","post","type-post","status-publish","format-standard","has-post-thumbnail","hentry","category-sin-categoria"],"jetpack_featured_media_url":"https:\/\/atecordoba.org\/wp-content\/uploads\/2020\/05\/logo-nuevochico-e1561581322808.png","_links":{"self":[{"href":"https:\/\/atecordoba.org\/index.php?rest_route=\/wp\/v2\/posts\/12752","targetHints":{"allow":["GET"]}}],"collection":[{"href":"https:\/\/atecordoba.org\/index.php?rest_route=\/wp\/v2\/posts"}],"about":[{"href":"https:\/\/atecordoba.org\/index.php?rest_route=\/wp\/v2\/types\/post"}],"author":[{"embeddable":true,"href":"https:\/\/atecordoba.org\/index.php?rest_route=\/wp\/v2\/users\/1"}],"replies":[{"embeddable":true,"href":"https:\/\/atecordoba.org\/index.php?rest_route=%2Fwp%2Fv2%2Fcomments&post=12752"}],"version-history":[{"count":1,"href":"https:\/\/atecordoba.org\/index.php?rest_route=\/wp\/v2\/posts\/12752\/revisions"}],"predecessor-version":[{"id":18379,"href":"https:\/\/atecordoba.org\/index.php?rest_route=\/wp\/v2\/posts\/12752\/revisions\/18379"}],"wp:featuredmedia":[{"embeddable":true,"href":"https:\/\/atecordoba.org\/index.php?rest_route=\/wp\/v2\/media\/19220"}],"wp:attachment":[{"href":"https:\/\/atecordoba.org\/index.php?rest_route=%2Fwp%2Fv2%2Fmedia&parent=12752"}],"wp:term":[{"taxonomy":"category","embeddable":true,"href":"https:\/\/atecordoba.org\/index.php?rest_route=%2Fwp%2Fv2%2Fcategories&post=12752"},{"taxonomy":"post_tag","embeddable":true,"href":"https:\/\/atecordoba.org\/index.php?rest_route=%2Fwp%2Fv2%2Ftags&post=12752"}],"curies":[{"name":"wp","href":"https:\/\/api.w.org\/{rel}","templated":true}]}}